{"id":10545,"date":"2014-05-24T15:52:30","date_gmt":"2014-05-24T14:52:30","guid":{"rendered":"https:\/\/faus-moliner.com\/ca\/la-administracion-publica-no-puede-negociar-la-baja-interes-legal-demora-caso-impago-deudas\/"},"modified":"2016-03-15T18:00:26","modified_gmt":"2016-03-15T17:00:26","slug":"la-administracion-publica-no-puede-negociar-la-baja-interes-legal-demora-caso-impago-deudas","status":"publish","type":"post","link":"https:\/\/faus-moliner.com\/ca\/la-administracion-publica-no-puede-negociar-la-baja-interes-legal-demora-caso-impago-deudas\/","title":{"rendered":"La Administraci\u00f3n P\u00fablica no puede negociar a la baja el inter\u00e9s legal de demora en caso de impago de sus deudas"},"content":{"rendered":"<p>La lucha contra la morosidad en el pago de las deudas comerciales sigue siendo un tema muy actual, sobre todo en el sector sanitario. La morosidad de la Administraci\u00f3n P\u00fablica en el pago de los suministros y servicios no ha dejado de ser una preocupaci\u00f3n muy importante, raz\u00f3n por cual desde el Gobierno se han ido adoptando diversas medidas tendentes a intentar solventar esta problem\u00e1tica. En este contexto, recientemente ha sido publicado el Real Decreto-ley 4\/2014 que comentamos. Esta norma introduce diversas medidas dirigidas a aliviar la carga financiera a la que hoy en d\u00eda se encuentran sometidas muchas empresas, y tambi\u00e9n incluye una importante modificaci\u00f3n de la Ley 3\/2004, por la que se establecen medidas de lucha contra la morosidad en las operaciones comerciales.<\/p>\n<p><strong>Medidas favorables al acreedor<\/strong><\/p>\n<p>La Ley 3\/2004 se aplica a todos los pagos derivados de operaciones comerciales realizadas entre empresas, y tambi\u00e9n a los pagos que deban realizar Administraciones P\u00fablicas a las empresas en relaci\u00f3n con operaciones comerciales. Esta Ley establece, entre otras cuestiones, los plazos de pago que debe cumplir el deudor, y el inter\u00e9s de demora aplicable en caso de dichos plazos de pago no sean respetados.<\/p>\n<p>La Ley 3\/2004 ha sido objeto de modificaci\u00f3n en varias ocasiones. Conviene recordar la modificaci\u00f3n operada a trav\u00e9s del Real Decreto-ley 4\/2013, de medidas de apoyo al emprendedor y de est\u00edmulo del crecimiento y de la creaci\u00f3n de empleo (ver nuestro C\u00e1psulas n\u00fam. 141 de Marzo 2013). En virtud de esta norma\u00a0 se acortaron los plazos de pago y se subi\u00f3 el tipo de inter\u00e9s legal de demora aplicable en ausencia de pacto entre las partes hasta 8 puntos por encima del tipo aplicado por el Banco Central Europeo a determinadas operaciones de financiaci\u00f3n.<\/p>\n<p>Posteriormente, la Ley 11\/2013 estableci\u00f3 unos par\u00e1metros dentro de los cuales se consideran v\u00e1lidas las modificaciones del inter\u00e9s legal de demora. As\u00ed, se puntualiz\u00f3 que en principio se considerar\u00eda abusiva la cl\u00e1usula por la cual el inter\u00e9s de demora pactado entre las partes fuese un 70% inferior al inter\u00e9s legal de demora establecido en la Ley 3\/2004.<\/p>\n<p><strong>Rebajas en el inter\u00e9s legal de demora<\/strong><\/p>\n<p>La modificaci\u00f3n ahora introducida en la Ley 3\/2004 tiene por objetivo aclarar la duda que hab\u00eda surgido acerca de si las Administraciones P\u00fablicas pod\u00edan tambi\u00e9n aplicar rebajas en el tipo de inter\u00e9s de demora aplicable a sus operaciones comerciales con empresas. La Comisi\u00f3n Europea ya hab\u00eda rechazado esta posibilidad. Mediante el Real Decreto-ley que comentamos, se aclara expresamente que las Administraciones P\u00fablicas no pueden modificar el tipo de inter\u00e9s de demora establecido en la Ley 3\/2004. En consecuencia, en este tipo de operaciones, si la administraci\u00f3n no paga en plazo,\u00a0 se podr\u00e1 exigir, como m\u00ednimo, el inter\u00e9s legal de demora fijado en la Ley 3\/2004.<\/p>\n","protected":false},"excerpt":{"rendered":"<p>La lucha contra la morosidad en el pago de las deudas comerciales sigue siendo un tema muy actual, sobre todo en el sector sanitario. La morosidad de la Administraci\u00f3n P\u00fablica en el pago de los suministros y servicios no ha dejado de ser una preocupaci\u00f3n muy importante, raz\u00f3n por cual desde el Gobierno se han&#8230; <\/p>\n<div class=\"clear\"><\/div>\n<p><a href=\"https:\/\/faus-moliner.com\/ca\/la-administracion-publica-no-puede-negociar-la-baja-interes-legal-demora-caso-impago-deudas\/\" class=\"excerpt-read-more\">M\u00e9s informaci\u00f3<\/a><\/p>\n","protected":false},"author":7,"featured_media":0,"comment_status":"closed","ping_status":"closed","sticky":false,"template":"","format":"standard","meta":{"_acf_changed":false,"inline_featured_image":false,"footnotes":""},"categories":[272,286,331,309],"tags":[],"coauthors":[],"class_list":["post-10545","post","type-post","status-publish","format-standard","hentry","category-capsulas-ca","category-dret-farmaceutic-i-life-sciences","category-dret-farmaceutic-i-life-sciences-ca","category-preu-i-financament-public"],"acf":[],"yoast_head":"<!-- This site is optimized with the Yoast SEO plugin v26.6 - https:\/\/yoast.com\/wordpress\/plugins\/seo\/ -->\n<title>La Administraci\u00f3n P\u00fablica no puede negociar a la baja el inter\u00e9s legal de demora en caso de impago de sus deudas - Faus Moliner<\/title>\n<meta name=\"robots\" content=\"index, follow, max-snippet:-1, max-image-preview:large, max-video-preview:-1\" \/>\n<link rel=\"canonical\" href=\"https:\/\/faus-moliner.com\/ca\/la-administracion-publica-no-puede-negociar-la-baja-interes-legal-demora-caso-impago-deudas\/\" \/>\n<meta property=\"og:locale\" content=\"ca_ES\" \/>\n<meta property=\"og:type\" content=\"article\" \/>\n<meta property=\"og:title\" content=\"La Administraci\u00f3n P\u00fablica no puede negociar a la baja el inter\u00e9s legal de demora en caso de impago de sus deudas - Faus Moliner\" \/>\n<meta property=\"og:description\" content=\"La lucha contra la morosidad en el pago de las deudas comerciales sigue siendo un tema muy actual, sobre todo en el sector sanitario. La morosidad de la Administraci\u00f3n P\u00fablica en el pago de los suministros y servicios no ha dejado de ser una preocupaci\u00f3n muy importante, raz\u00f3n por cual desde el Gobierno se han... M\u00e9s informaci\u00f3\" \/>\n<meta property=\"og:url\" content=\"https:\/\/faus-moliner.com\/ca\/la-administracion-publica-no-puede-negociar-la-baja-interes-legal-demora-caso-impago-deudas\/\" \/>\n<meta property=\"og:site_name\" content=\"Faus Moliner\" \/>\n<meta property=\"article:published_time\" content=\"2014-05-24T14:52:30+00:00\" \/>\n<meta property=\"article:modified_time\" content=\"2016-03-15T17:00:26+00:00\" \/>\n<meta name=\"author\" content=\"Irene van der Meer\" \/>\n<meta name=\"twitter:card\" content=\"summary_large_image\" \/>\n<meta name=\"twitter:label1\" content=\"Escrit per\" \/>\n\t<meta name=\"twitter:data1\" content=\"Irene van der Meer\" \/>\n\t<meta name=\"twitter:label2\" content=\"Temps estimat de lectura\" \/>\n\t<meta name=\"twitter:data2\" content=\"2 minuts\" \/>\n\t<meta name=\"twitter:label3\" content=\"Written by\" \/>\n\t<meta name=\"twitter:data3\" content=\"Irene van der Meer\" \/>\n<script type=\"application\/ld+json\" class=\"yoast-schema-graph\">{\"@context\":\"https:\/\/schema.org\",\"@graph\":[{\"@type\":\"Article\",\"@id\":\"https:\/\/faus-moliner.com\/ca\/la-administracion-publica-no-puede-negociar-la-baja-interes-legal-demora-caso-impago-deudas\/#article\",\"isPartOf\":{\"@id\":\"https:\/\/faus-moliner.com\/ca\/la-administracion-publica-no-puede-negociar-la-baja-interes-legal-demora-caso-impago-deudas\/\"},\"author\":{\"name\":\"Irene van der Meer\",\"@id\":\"https:\/\/faus-moliner.com\/en\/#\/schema\/person\/cf3b6d189a0c1bcc34ba351b4e17a1f0\"},\"headline\":\"La Administraci\u00f3n P\u00fablica no puede negociar a la baja el inter\u00e9s legal de demora en caso de impago de sus deudas\",\"datePublished\":\"2014-05-24T14:52:30+00:00\",\"dateModified\":\"2016-03-15T17:00:26+00:00\",\"mainEntityOfPage\":{\"@id\":\"https:\/\/faus-moliner.com\/ca\/la-administracion-publica-no-puede-negociar-la-baja-interes-legal-demora-caso-impago-deudas\/\"},\"wordCount\":509,\"publisher\":{\"@id\":\"https:\/\/faus-moliner.com\/en\/#organization\"},\"articleSection\":[\"Capsulas\",\"Dret Farmac\u00e8utic i \u201cLife Sciences\u201d\",\"Dret farmac\u00e8utic i \u201clife sciences\u201d\",\"Preu i Finan\u00e7ament P\u00f9blic\"],\"inLanguage\":\"ca\"},{\"@type\":\"WebPage\",\"@id\":\"https:\/\/faus-moliner.com\/ca\/la-administracion-publica-no-puede-negociar-la-baja-interes-legal-demora-caso-impago-deudas\/\",\"url\":\"https:\/\/faus-moliner.com\/ca\/la-administracion-publica-no-puede-negociar-la-baja-interes-legal-demora-caso-impago-deudas\/\",\"name\":\"La Administraci\u00f3n P\u00fablica no puede negociar a la baja el inter\u00e9s legal de demora en caso de impago de sus deudas - Faus Moliner\",\"isPartOf\":{\"@id\":\"https:\/\/faus-moliner.com\/en\/#website\"},\"datePublished\":\"2014-05-24T14:52:30+00:00\",\"dateModified\":\"2016-03-15T17:00:26+00:00\",\"breadcrumb\":{\"@id\":\"https:\/\/faus-moliner.com\/ca\/la-administracion-publica-no-puede-negociar-la-baja-interes-legal-demora-caso-impago-deudas\/#breadcrumb\"},\"inLanguage\":\"ca\",\"potentialAction\":[{\"@type\":\"ReadAction\",\"target\":[\"https:\/\/faus-moliner.com\/ca\/la-administracion-publica-no-puede-negociar-la-baja-interes-legal-demora-caso-impago-deudas\/\"]}]},{\"@type\":\"BreadcrumbList\",\"@id\":\"https:\/\/faus-moliner.com\/ca\/la-administracion-publica-no-puede-negociar-la-baja-interes-legal-demora-caso-impago-deudas\/#breadcrumb\",\"itemListElement\":[{\"@type\":\"ListItem\",\"position\":1,\"name\":\"Portada\",\"item\":\"https:\/\/faus-moliner.com\/ca\/\"},{\"@type\":\"ListItem\",\"position\":2,\"name\":\"La Administraci\u00f3n P\u00fablica no puede negociar a la baja el inter\u00e9s legal de demora en caso de impago de sus deudas\"}]},{\"@type\":\"WebSite\",\"@id\":\"https:\/\/faus-moliner.com\/en\/#website\",\"url\":\"https:\/\/faus-moliner.com\/en\/\",\"name\":\"faus-moliner.com\",\"description\":\"Otro sitio realizado con WordPress\",\"publisher\":{\"@id\":\"https:\/\/faus-moliner.com\/en\/#organization\"},\"potentialAction\":[{\"@type\":\"SearchAction\",\"target\":{\"@type\":\"EntryPoint\",\"urlTemplate\":\"https:\/\/faus-moliner.com\/en\/?s={search_term_string}\"},\"query-input\":{\"@type\":\"PropertyValueSpecification\",\"valueRequired\":true,\"valueName\":\"search_term_string\"}}],\"inLanguage\":\"ca\"},{\"@type\":\"Organization\",\"@id\":\"https:\/\/faus-moliner.com\/en\/#organization\",\"name\":\"Faus Moliner\",\"url\":\"https:\/\/faus-moliner.com\/en\/\",\"logo\":{\"@type\":\"ImageObject\",\"inLanguage\":\"ca\",\"@id\":\"https:\/\/faus-moliner.com\/en\/#\/schema\/logo\/image\/\",\"url\":\"https:\/\/faus-moliner.com\/wp-content\/uploads\/2023\/03\/Logo-FM-web.jpg\",\"contentUrl\":\"https:\/\/faus-moliner.com\/wp-content\/uploads\/2023\/03\/Logo-FM-web.jpg\",\"width\":400,\"height\":283,\"caption\":\"Faus Moliner\"},\"image\":{\"@id\":\"https:\/\/faus-moliner.com\/en\/#\/schema\/logo\/image\/\"},\"sameAs\":[\"https:\/\/www.linkedin.com\/company\/2372042\/admin\/\"]},{\"@type\":\"Person\",\"@id\":\"https:\/\/faus-moliner.com\/en\/#\/schema\/person\/cf3b6d189a0c1bcc34ba351b4e17a1f0\",\"name\":\"Irene van der Meer\",\"image\":{\"@type\":\"ImageObject\",\"inLanguage\":\"ca\",\"@id\":\"https:\/\/faus-moliner.com\/en\/#\/schema\/person\/image\/6f28369a25ebd0cd8a72723ee20c6df3\",\"url\":\"https:\/\/secure.gravatar.com\/avatar\/231101dfc0bf9621cbeeb2ce699a0b97c7ba64e3eb6913c3c6ed0a9dba150cc1?s=96&d=mm&r=g\",\"contentUrl\":\"https:\/\/secure.gravatar.com\/avatar\/231101dfc0bf9621cbeeb2ce699a0b97c7ba64e3eb6913c3c6ed0a9dba150cc1?s=96&d=mm&r=g\",\"caption\":\"Irene van der Meer\"},\"url\":\"https:\/\/faus-moliner.com\/ca\/author\/irene-van-der-meer\/\"}]}<\/script>\n<!-- \/ Yoast SEO plugin. -->","yoast_head_json":{"title":"La Administraci\u00f3n P\u00fablica no puede negociar a la baja el inter\u00e9s legal de demora en caso de impago de sus deudas - Faus Moliner","robots":{"index":"index","follow":"follow","max-snippet":"max-snippet:-1","max-image-preview":"max-image-preview:large","max-video-preview":"max-video-preview:-1"},"canonical":"https:\/\/faus-moliner.com\/ca\/la-administracion-publica-no-puede-negociar-la-baja-interes-legal-demora-caso-impago-deudas\/","og_locale":"ca_ES","og_type":"article","og_title":"La Administraci\u00f3n P\u00fablica no puede negociar a la baja el inter\u00e9s legal de demora en caso de impago de sus deudas - Faus Moliner","og_description":"La lucha contra la morosidad en el pago de las deudas comerciales sigue siendo un tema muy actual, sobre todo en el sector sanitario. La morosidad de la Administraci\u00f3n P\u00fablica en el pago de los suministros y servicios no ha dejado de ser una preocupaci\u00f3n muy importante, raz\u00f3n por cual desde el Gobierno se han... M\u00e9s informaci\u00f3","og_url":"https:\/\/faus-moliner.com\/ca\/la-administracion-publica-no-puede-negociar-la-baja-interes-legal-demora-caso-impago-deudas\/","og_site_name":"Faus Moliner","article_published_time":"2014-05-24T14:52:30+00:00","article_modified_time":"2016-03-15T17:00:26+00:00","author":"Irene van der Meer","twitter_card":"summary_large_image","twitter_misc":{"Escrit per":"Irene van der Meer","Temps estimat de lectura":"2 minuts","Written by":"Irene van der Meer"},"schema":{"@context":"https:\/\/schema.org","@graph":[{"@type":"Article","@id":"https:\/\/faus-moliner.com\/ca\/la-administracion-publica-no-puede-negociar-la-baja-interes-legal-demora-caso-impago-deudas\/#article","isPartOf":{"@id":"https:\/\/faus-moliner.com\/ca\/la-administracion-publica-no-puede-negociar-la-baja-interes-legal-demora-caso-impago-deudas\/"},"author":{"name":"Irene van der Meer","@id":"https:\/\/faus-moliner.com\/en\/#\/schema\/person\/cf3b6d189a0c1bcc34ba351b4e17a1f0"},"headline":"La Administraci\u00f3n P\u00fablica no puede negociar a la baja el inter\u00e9s legal de demora en caso de impago de sus deudas","datePublished":"2014-05-24T14:52:30+00:00","dateModified":"2016-03-15T17:00:26+00:00","mainEntityOfPage":{"@id":"https:\/\/faus-moliner.com\/ca\/la-administracion-publica-no-puede-negociar-la-baja-interes-legal-demora-caso-impago-deudas\/"},"wordCount":509,"publisher":{"@id":"https:\/\/faus-moliner.com\/en\/#organization"},"articleSection":["Capsulas","Dret Farmac\u00e8utic i \u201cLife Sciences\u201d","Dret farmac\u00e8utic i \u201clife sciences\u201d","Preu i Finan\u00e7ament P\u00f9blic"],"inLanguage":"ca"},{"@type":"WebPage","@id":"https:\/\/faus-moliner.com\/ca\/la-administracion-publica-no-puede-negociar-la-baja-interes-legal-demora-caso-impago-deudas\/","url":"https:\/\/faus-moliner.com\/ca\/la-administracion-publica-no-puede-negociar-la-baja-interes-legal-demora-caso-impago-deudas\/","name":"La Administraci\u00f3n P\u00fablica no puede negociar a la baja el inter\u00e9s legal de demora en caso de impago de sus deudas - Faus Moliner","isPartOf":{"@id":"https:\/\/faus-moliner.com\/en\/#website"},"datePublished":"2014-05-24T14:52:30+00:00","dateModified":"2016-03-15T17:00:26+00:00","breadcrumb":{"@id":"https:\/\/faus-moliner.com\/ca\/la-administracion-publica-no-puede-negociar-la-baja-interes-legal-demora-caso-impago-deudas\/#breadcrumb"},"inLanguage":"ca","potentialAction":[{"@type":"ReadAction","target":["https:\/\/faus-moliner.com\/ca\/la-administracion-publica-no-puede-negociar-la-baja-interes-legal-demora-caso-impago-deudas\/"]}]},{"@type":"BreadcrumbList","@id":"https:\/\/faus-moliner.com\/ca\/la-administracion-publica-no-puede-negociar-la-baja-interes-legal-demora-caso-impago-deudas\/#breadcrumb","itemListElement":[{"@type":"ListItem","position":1,"name":"Portada","item":"https:\/\/faus-moliner.com\/ca\/"},{"@type":"ListItem","position":2,"name":"La Administraci\u00f3n P\u00fablica no puede negociar a la baja el inter\u00e9s legal de demora en caso de impago de sus deudas"}]},{"@type":"WebSite","@id":"https:\/\/faus-moliner.com\/en\/#website","url":"https:\/\/faus-moliner.com\/en\/","name":"faus-moliner.com","description":"Otro sitio realizado con WordPress","publisher":{"@id":"https:\/\/faus-moliner.com\/en\/#organization"},"potentialAction":[{"@type":"SearchAction","target":{"@type":"EntryPoint","urlTemplate":"https:\/\/faus-moliner.com\/en\/?s={search_term_string}"},"query-input":{"@type":"PropertyValueSpecification","valueRequired":true,"valueName":"search_term_string"}}],"inLanguage":"ca"},{"@type":"Organization","@id":"https:\/\/faus-moliner.com\/en\/#organization","name":"Faus Moliner","url":"https:\/\/faus-moliner.com\/en\/","logo":{"@type":"ImageObject","inLanguage":"ca","@id":"https:\/\/faus-moliner.com\/en\/#\/schema\/logo\/image\/","url":"https:\/\/faus-moliner.com\/wp-content\/uploads\/2023\/03\/Logo-FM-web.jpg","contentUrl":"https:\/\/faus-moliner.com\/wp-content\/uploads\/2023\/03\/Logo-FM-web.jpg","width":400,"height":283,"caption":"Faus Moliner"},"image":{"@id":"https:\/\/faus-moliner.com\/en\/#\/schema\/logo\/image\/"},"sameAs":["https:\/\/www.linkedin.com\/company\/2372042\/admin\/"]},{"@type":"Person","@id":"https:\/\/faus-moliner.com\/en\/#\/schema\/person\/cf3b6d189a0c1bcc34ba351b4e17a1f0","name":"Irene van der Meer","image":{"@type":"ImageObject","inLanguage":"ca","@id":"https:\/\/faus-moliner.com\/en\/#\/schema\/person\/image\/6f28369a25ebd0cd8a72723ee20c6df3","url":"https:\/\/secure.gravatar.com\/avatar\/231101dfc0bf9621cbeeb2ce699a0b97c7ba64e3eb6913c3c6ed0a9dba150cc1?s=96&d=mm&r=g","contentUrl":"https:\/\/secure.gravatar.com\/avatar\/231101dfc0bf9621cbeeb2ce699a0b97c7ba64e3eb6913c3c6ed0a9dba150cc1?s=96&d=mm&r=g","caption":"Irene van der Meer"},"url":"https:\/\/faus-moliner.com\/ca\/author\/irene-van-der-meer\/"}]}},"_links":{"self":[{"href":"https:\/\/faus-moliner.com\/ca\/wp-json\/wp\/v2\/posts\/10545","targetHints":{"allow":["GET"]}}],"collection":[{"href":"https:\/\/faus-moliner.com\/ca\/wp-json\/wp\/v2\/posts"}],"about":[{"href":"https:\/\/faus-moliner.com\/ca\/wp-json\/wp\/v2\/types\/post"}],"author":[{"embeddable":true,"href":"https:\/\/faus-moliner.com\/ca\/wp-json\/wp\/v2\/users\/7"}],"replies":[{"embeddable":true,"href":"https:\/\/faus-moliner.com\/ca\/wp-json\/wp\/v2\/comments?post=10545"}],"version-history":[{"count":0,"href":"https:\/\/faus-moliner.com\/ca\/wp-json\/wp\/v2\/posts\/10545\/revisions"}],"wp:attachment":[{"href":"https:\/\/faus-moliner.com\/ca\/wp-json\/wp\/v2\/media?parent=10545"}],"wp:term":[{"taxonomy":"category","embeddable":true,"href":"https:\/\/faus-moliner.com\/ca\/wp-json\/wp\/v2\/categories?post=10545"},{"taxonomy":"post_tag","embeddable":true,"href":"https:\/\/faus-moliner.com\/ca\/wp-json\/wp\/v2\/tags?post=10545"},{"taxonomy":"author","embeddable":true,"href":"https:\/\/faus-moliner.com\/ca\/wp-json\/wp\/v2\/coauthors?post=10545"}],"curies":[{"name":"wp","href":"https:\/\/api.w.org\/{rel}","templated":true}]}}