{"id":11530,"date":"2013-11-12T16:47:29","date_gmt":"2013-11-12T15:47:29","guid":{"rendered":"https:\/\/faus-moliner.com\/ca\/seminario-cefi-contratacion-publica-medicamentos-espana\/"},"modified":"2016-04-18T16:51:01","modified_gmt":"2016-04-18T15:51:01","slug":"seminari-cefi-sobre-contractacio-publica-de-medicaments-en-espanya","status":"publish","type":"post","link":"https:\/\/faus-moliner.com\/ca\/seminari-cefi-sobre-contractacio-publica-de-medicaments-en-espanya\/","title":{"rendered":"Seminari CEFI sobre contractaci\u00f3 p\u00fablica de medicaments en Espanya"},"content":{"rendered":"<p>CEFI, Centre de Estudis per al Foment de la Investigaci\u00f3, ha organitzat aquest seminari de un dia para tractar sobre els aspectes m\u00e9s rellevants que afecten la contractaci\u00f3 p\u00fablica de medicaments en Espanya.<\/p>\n<p>L\u2019esdeveniment ha estat obert per Maria Alonso Burgaz, Consellera General de Lilly Espanya i Presidenta de la Fundaci\u00f3 CEFI; i per Jos\u00e9 Julian Diaz Melguizo, Director de l\u2019Institut Nacional de Gesti\u00f3 Sanit\u00e0ria (Ingesa).<\/p>\n<p>El soci de Faus &amp; Moliner, Juan Su\u00e1rez, ha parlat sobre equival\u00e8ncia terap\u00e8utica i contractes de risc compartit en una mesa rodona introdu\u00efda pel Sr. Juan Jos\u00e9 Pardo Garc\u00eda-Valdecasas, President del Tribunal Central de Recursos Contractuals.<\/p>\n<p>Jordi Faus ha fet una presentaci\u00f3 sobre els propers sistemes de preus i reemborsaments de medicaments en Espanya, el projecte del qual s\u2019espera que sigui publicat en el futur proper.<\/p>\n<p>&nbsp;<\/p>\n<div class=\"gdlr-shortcode-wrapper\"><div class=\"gdlr-gallery-item gdlr-item\" ><div class=\"gallery-column four columns\"><div class=\"gallery-item\"><a href=\"https:\/\/faus-moliner.com\/wp-content\/uploads\/2013\/11\/2013-11-18-Foto-ponencia-JF-1-1.jpg\" data-fancybox-group=\"gdlr-gal-1\" data-rel=\"fancybox\" ><img loading=\"lazy\" decoding=\"async\" src=\"https:\/\/faus-moliner.com\/wp-content\/uploads\/2013\/11\/2013-11-18-Foto-ponencia-JF-1-1-150x150.jpg\" alt=\"\" width=\"18\" height=\"18\" \/><\/a><span class=\"gallery-caption\"><\/span><\/div><\/div><div class=\"gallery-column four columns\"><div class=\"gallery-item\"><a href=\"https:\/\/faus-moliner.com\/wp-content\/uploads\/2013\/11\/2013-11-18-Foto-ponencia-JF-3-1.jpg\" data-fancybox-group=\"gdlr-gal-1\" data-rel=\"fancybox\" ><img loading=\"lazy\" decoding=\"async\" src=\"https:\/\/faus-moliner.com\/wp-content\/uploads\/2013\/11\/2013-11-18-Foto-ponencia-JF-3-1-150x150.jpg\" alt=\"\" width=\"18\" height=\"18\" \/><\/a><span class=\"gallery-caption\"><\/span><\/div><\/div><div class=\"gallery-column four columns\"><div class=\"gallery-item\"><a href=\"https:\/\/faus-moliner.com\/wp-content\/uploads\/2013\/11\/2013-11-18-Foto-ponencia-JF-2-1.jpg\" data-fancybox-group=\"gdlr-gal-1\" data-rel=\"fancybox\" ><img loading=\"lazy\" decoding=\"async\" src=\"https:\/\/faus-moliner.com\/wp-content\/uploads\/2013\/11\/2013-11-18-Foto-ponencia-JF-2-1-150x150.jpg\" alt=\"\" width=\"18\" height=\"18\" \/><\/a><span class=\"gallery-caption\"><\/span><\/div><\/div><div class=\"clear\"><\/div><\/div><\/div>\n","protected":false},"excerpt":{"rendered":"<p>CEFI, Centre de Estudis per al Foment de la Investigaci\u00f3, ha organitzat aquest seminari de un dia para tractar sobre els aspectes m\u00e9s rellevants que afecten la contractaci\u00f3 p\u00fablica de medicaments en Espanya. L\u2019esdeveniment ha estat obert per Maria Alonso Burgaz, Consellera General de Lilly Espanya i Presidenta de la Fundaci\u00f3 CEFI; i per Jos\u00e9&#8230; <\/p>\n<div class=\"clear\"><\/div>\n<p><a href=\"https:\/\/faus-moliner.com\/ca\/seminari-cefi-sobre-contractacio-publica-de-medicaments-en-espanya\/\" class=\"excerpt-read-more\">M\u00e9s informaci\u00f3<\/a><\/p>\n","protected":false},"author":1,"featured_media":0,"comment_status":"closed","ping_status":"closed","sticky":false,"template":"","format":"gallery","meta":{"_acf_changed":false,"inline_featured_image":false,"footnotes":""},"categories":[356,58],"tags":[],"coauthors":[],"class_list":["post-11530","post","type-post","status-publish","format-gallery","hentry","category-noticies-i-events","category-sense-categoria","post_format-post-format-gallery"],"acf":[],"yoast_head":"<!-- This site is optimized with the Yoast SEO plugin v26.6 - https:\/\/yoast.com\/wordpress\/plugins\/seo\/ -->\n<title>Seminari CEFI sobre contractaci\u00f3 p\u00fablica de medicaments en Espanya - Faus Moliner<\/title>\n<meta name=\"robots\" content=\"index, follow, max-snippet:-1, max-image-preview:large, max-video-preview:-1\" \/>\n<link rel=\"canonical\" href=\"https:\/\/faus-moliner.com\/ca\/seminari-cefi-sobre-contractacio-publica-de-medicaments-en-espanya\/\" \/>\n<meta property=\"og:locale\" content=\"ca_ES\" \/>\n<meta property=\"og:type\" content=\"article\" \/>\n<meta property=\"og:title\" content=\"Seminari CEFI sobre contractaci\u00f3 p\u00fablica de medicaments en Espanya - Faus Moliner\" \/>\n<meta property=\"og:description\" content=\"CEFI, Centre de Estudis per al Foment de la Investigaci\u00f3, ha organitzat aquest seminari de un dia para tractar sobre els aspectes m\u00e9s rellevants que afecten la contractaci\u00f3 p\u00fablica de medicaments en Espanya. L\u2019esdeveniment ha estat obert per Maria Alonso Burgaz, Consellera General de Lilly Espanya i Presidenta de la Fundaci\u00f3 CEFI; i per Jos\u00e9... M\u00e9s informaci\u00f3\" \/>\n<meta property=\"og:url\" content=\"https:\/\/faus-moliner.com\/ca\/seminari-cefi-sobre-contractacio-publica-de-medicaments-en-espanya\/\" \/>\n<meta property=\"og:site_name\" content=\"Faus Moliner\" \/>\n<meta property=\"article:published_time\" content=\"2013-11-12T15:47:29+00:00\" \/>\n<meta property=\"article:modified_time\" content=\"2016-04-18T15:51:01+00:00\" \/>\n<meta property=\"og:image\" content=\"https:\/\/faus-moliner.com\/wp-content\/uploads\/2013\/11\/2013-11-18-Foto-ponencia-JF-1-1-150x150.jpg\" \/>\n<meta name=\"author\" content=\"Faus Moliner\" \/>\n<meta name=\"twitter:card\" content=\"summary_large_image\" \/>\n<meta name=\"twitter:label1\" content=\"Escrit per\" \/>\n\t<meta name=\"twitter:data1\" content=\"Faus Moliner\" \/>\n\t<meta name=\"twitter:label2\" content=\"Temps estimat de lectura\" \/>\n\t<meta name=\"twitter:data2\" content=\"1 minut\" \/>\n\t<meta name=\"twitter:label3\" content=\"Written by\" \/>\n\t<meta name=\"twitter:data3\" content=\"Faus Moliner\" \/>\n<script type=\"application\/ld+json\" class=\"yoast-schema-graph\">{\"@context\":\"https:\/\/schema.org\",\"@graph\":[{\"@type\":\"Article\",\"@id\":\"https:\/\/faus-moliner.com\/ca\/seminari-cefi-sobre-contractacio-publica-de-medicaments-en-espanya\/#article\",\"isPartOf\":{\"@id\":\"https:\/\/faus-moliner.com\/ca\/seminari-cefi-sobre-contractacio-publica-de-medicaments-en-espanya\/\"},\"author\":{\"name\":\"Faus Moliner\",\"@id\":\"https:\/\/faus-moliner.com\/en\/#\/schema\/person\/b62ac2c67efed1b6f50872c1d6366f90\"},\"headline\":\"Seminari CEFI sobre contractaci\u00f3 p\u00fablica de medicaments en Espanya\",\"datePublished\":\"2013-11-12T15:47:29+00:00\",\"dateModified\":\"2016-04-18T15:51:01+00:00\",\"mainEntityOfPage\":{\"@id\":\"https:\/\/faus-moliner.com\/ca\/seminari-cefi-sobre-contractacio-publica-de-medicaments-en-espanya\/\"},\"wordCount\":160,\"publisher\":{\"@id\":\"https:\/\/faus-moliner.com\/en\/#organization\"},\"articleSection\":[\"Not\u00edcies i events\"],\"inLanguage\":\"ca\"},{\"@type\":\"WebPage\",\"@id\":\"https:\/\/faus-moliner.com\/ca\/seminari-cefi-sobre-contractacio-publica-de-medicaments-en-espanya\/\",\"url\":\"https:\/\/faus-moliner.com\/ca\/seminari-cefi-sobre-contractacio-publica-de-medicaments-en-espanya\/\",\"name\":\"Seminari CEFI sobre contractaci\u00f3 p\u00fablica de medicaments en Espanya - Faus Moliner\",\"isPartOf\":{\"@id\":\"https:\/\/faus-moliner.com\/en\/#website\"},\"datePublished\":\"2013-11-12T15:47:29+00:00\",\"dateModified\":\"2016-04-18T15:51:01+00:00\",\"breadcrumb\":{\"@id\":\"https:\/\/faus-moliner.com\/ca\/seminari-cefi-sobre-contractacio-publica-de-medicaments-en-espanya\/#breadcrumb\"},\"inLanguage\":\"ca\",\"potentialAction\":[{\"@type\":\"ReadAction\",\"target\":[\"https:\/\/faus-moliner.com\/ca\/seminari-cefi-sobre-contractacio-publica-de-medicaments-en-espanya\/\"]}]},{\"@type\":\"BreadcrumbList\",\"@id\":\"https:\/\/faus-moliner.com\/ca\/seminari-cefi-sobre-contractacio-publica-de-medicaments-en-espanya\/#breadcrumb\",\"itemListElement\":[{\"@type\":\"ListItem\",\"position\":1,\"name\":\"Portada\",\"item\":\"https:\/\/faus-moliner.com\/ca\/\"},{\"@type\":\"ListItem\",\"position\":2,\"name\":\"Seminari CEFI sobre contractaci\u00f3 p\u00fablica de medicaments en Espanya\"}]},{\"@type\":\"WebSite\",\"@id\":\"https:\/\/faus-moliner.com\/en\/#website\",\"url\":\"https:\/\/faus-moliner.com\/en\/\",\"name\":\"faus-moliner.com\",\"description\":\"Otro sitio realizado con WordPress\",\"publisher\":{\"@id\":\"https:\/\/faus-moliner.com\/en\/#organization\"},\"potentialAction\":[{\"@type\":\"SearchAction\",\"target\":{\"@type\":\"EntryPoint\",\"urlTemplate\":\"https:\/\/faus-moliner.com\/en\/?s={search_term_string}\"},\"query-input\":{\"@type\":\"PropertyValueSpecification\",\"valueRequired\":true,\"valueName\":\"search_term_string\"}}],\"inLanguage\":\"ca\"},{\"@type\":\"Organization\",\"@id\":\"https:\/\/faus-moliner.com\/en\/#organization\",\"name\":\"Faus Moliner\",\"url\":\"https:\/\/faus-moliner.com\/en\/\",\"logo\":{\"@type\":\"ImageObject\",\"inLanguage\":\"ca\",\"@id\":\"https:\/\/faus-moliner.com\/en\/#\/schema\/logo\/image\/\",\"url\":\"https:\/\/faus-moliner.com\/wp-content\/uploads\/2023\/03\/Logo-FM-web.jpg\",\"contentUrl\":\"https:\/\/faus-moliner.com\/wp-content\/uploads\/2023\/03\/Logo-FM-web.jpg\",\"width\":400,\"height\":283,\"caption\":\"Faus Moliner\"},\"image\":{\"@id\":\"https:\/\/faus-moliner.com\/en\/#\/schema\/logo\/image\/\"},\"sameAs\":[\"https:\/\/www.linkedin.com\/company\/2372042\/admin\/\"]},{\"@type\":\"Person\",\"@id\":\"https:\/\/faus-moliner.com\/en\/#\/schema\/person\/b62ac2c67efed1b6f50872c1d6366f90\",\"name\":\"Faus Moliner\",\"image\":{\"@type\":\"ImageObject\",\"inLanguage\":\"ca\",\"@id\":\"https:\/\/faus-moliner.com\/en\/#\/schema\/person\/image\/88610ef99b0aa1c93ca33c569a053dac\",\"url\":\"https:\/\/secure.gravatar.com\/avatar\/be7b0f78e7edd64676ce7ea245b31f149a0cffff4b139c25ac02aaa676c19d67?s=96&d=mm&r=g\",\"contentUrl\":\"https:\/\/secure.gravatar.com\/avatar\/be7b0f78e7edd64676ce7ea245b31f149a0cffff4b139c25ac02aaa676c19d67?s=96&d=mm&r=g\",\"caption\":\"Faus Moliner\"},\"url\":\"https:\/\/faus-moliner.com\/ca\/author\/moon\/\"}]}<\/script>\n<!-- \/ Yoast SEO plugin. -->","yoast_head_json":{"title":"Seminari CEFI sobre contractaci\u00f3 p\u00fablica de medicaments en Espanya - Faus Moliner","robots":{"index":"index","follow":"follow","max-snippet":"max-snippet:-1","max-image-preview":"max-image-preview:large","max-video-preview":"max-video-preview:-1"},"canonical":"https:\/\/faus-moliner.com\/ca\/seminari-cefi-sobre-contractacio-publica-de-medicaments-en-espanya\/","og_locale":"ca_ES","og_type":"article","og_title":"Seminari CEFI sobre contractaci\u00f3 p\u00fablica de medicaments en Espanya - Faus Moliner","og_description":"CEFI, Centre de Estudis per al Foment de la Investigaci\u00f3, ha organitzat aquest seminari de un dia para tractar sobre els aspectes m\u00e9s rellevants que afecten la contractaci\u00f3 p\u00fablica de medicaments en Espanya. L\u2019esdeveniment ha estat obert per Maria Alonso Burgaz, Consellera General de Lilly Espanya i Presidenta de la Fundaci\u00f3 CEFI; i per Jos\u00e9... M\u00e9s informaci\u00f3","og_url":"https:\/\/faus-moliner.com\/ca\/seminari-cefi-sobre-contractacio-publica-de-medicaments-en-espanya\/","og_site_name":"Faus Moliner","article_published_time":"2013-11-12T15:47:29+00:00","article_modified_time":"2016-04-18T15:51:01+00:00","og_image":[{"url":"https:\/\/faus-moliner.com\/wp-content\/uploads\/2013\/11\/2013-11-18-Foto-ponencia-JF-1-1-150x150.jpg","type":"","width":"","height":""}],"author":"Faus Moliner","twitter_card":"summary_large_image","twitter_misc":{"Escrit per":"Faus Moliner","Temps estimat de lectura":"1 minut","Written by":"Faus Moliner"},"schema":{"@context":"https:\/\/schema.org","@graph":[{"@type":"Article","@id":"https:\/\/faus-moliner.com\/ca\/seminari-cefi-sobre-contractacio-publica-de-medicaments-en-espanya\/#article","isPartOf":{"@id":"https:\/\/faus-moliner.com\/ca\/seminari-cefi-sobre-contractacio-publica-de-medicaments-en-espanya\/"},"author":{"name":"Faus Moliner","@id":"https:\/\/faus-moliner.com\/en\/#\/schema\/person\/b62ac2c67efed1b6f50872c1d6366f90"},"headline":"Seminari CEFI sobre contractaci\u00f3 p\u00fablica de medicaments en Espanya","datePublished":"2013-11-12T15:47:29+00:00","dateModified":"2016-04-18T15:51:01+00:00","mainEntityOfPage":{"@id":"https:\/\/faus-moliner.com\/ca\/seminari-cefi-sobre-contractacio-publica-de-medicaments-en-espanya\/"},"wordCount":160,"publisher":{"@id":"https:\/\/faus-moliner.com\/en\/#organization"},"articleSection":["Not\u00edcies i events"],"inLanguage":"ca"},{"@type":"WebPage","@id":"https:\/\/faus-moliner.com\/ca\/seminari-cefi-sobre-contractacio-publica-de-medicaments-en-espanya\/","url":"https:\/\/faus-moliner.com\/ca\/seminari-cefi-sobre-contractacio-publica-de-medicaments-en-espanya\/","name":"Seminari CEFI sobre contractaci\u00f3 p\u00fablica de medicaments en Espanya - Faus Moliner","isPartOf":{"@id":"https:\/\/faus-moliner.com\/en\/#website"},"datePublished":"2013-11-12T15:47:29+00:00","dateModified":"2016-04-18T15:51:01+00:00","breadcrumb":{"@id":"https:\/\/faus-moliner.com\/ca\/seminari-cefi-sobre-contractacio-publica-de-medicaments-en-espanya\/#breadcrumb"},"inLanguage":"ca","potentialAction":[{"@type":"ReadAction","target":["https:\/\/faus-moliner.com\/ca\/seminari-cefi-sobre-contractacio-publica-de-medicaments-en-espanya\/"]}]},{"@type":"BreadcrumbList","@id":"https:\/\/faus-moliner.com\/ca\/seminari-cefi-sobre-contractacio-publica-de-medicaments-en-espanya\/#breadcrumb","itemListElement":[{"@type":"ListItem","position":1,"name":"Portada","item":"https:\/\/faus-moliner.com\/ca\/"},{"@type":"ListItem","position":2,"name":"Seminari CEFI sobre contractaci\u00f3 p\u00fablica de medicaments en Espanya"}]},{"@type":"WebSite","@id":"https:\/\/faus-moliner.com\/en\/#website","url":"https:\/\/faus-moliner.com\/en\/","name":"faus-moliner.com","description":"Otro sitio realizado con WordPress","publisher":{"@id":"https:\/\/faus-moliner.com\/en\/#organization"},"potentialAction":[{"@type":"SearchAction","target":{"@type":"EntryPoint","urlTemplate":"https:\/\/faus-moliner.com\/en\/?s={search_term_string}"},"query-input":{"@type":"PropertyValueSpecification","valueRequired":true,"valueName":"search_term_string"}}],"inLanguage":"ca"},{"@type":"Organization","@id":"https:\/\/faus-moliner.com\/en\/#organization","name":"Faus Moliner","url":"https:\/\/faus-moliner.com\/en\/","logo":{"@type":"ImageObject","inLanguage":"ca","@id":"https:\/\/faus-moliner.com\/en\/#\/schema\/logo\/image\/","url":"https:\/\/faus-moliner.com\/wp-content\/uploads\/2023\/03\/Logo-FM-web.jpg","contentUrl":"https:\/\/faus-moliner.com\/wp-content\/uploads\/2023\/03\/Logo-FM-web.jpg","width":400,"height":283,"caption":"Faus Moliner"},"image":{"@id":"https:\/\/faus-moliner.com\/en\/#\/schema\/logo\/image\/"},"sameAs":["https:\/\/www.linkedin.com\/company\/2372042\/admin\/"]},{"@type":"Person","@id":"https:\/\/faus-moliner.com\/en\/#\/schema\/person\/b62ac2c67efed1b6f50872c1d6366f90","name":"Faus Moliner","image":{"@type":"ImageObject","inLanguage":"ca","@id":"https:\/\/faus-moliner.com\/en\/#\/schema\/person\/image\/88610ef99b0aa1c93ca33c569a053dac","url":"https:\/\/secure.gravatar.com\/avatar\/be7b0f78e7edd64676ce7ea245b31f149a0cffff4b139c25ac02aaa676c19d67?s=96&d=mm&r=g","contentUrl":"https:\/\/secure.gravatar.com\/avatar\/be7b0f78e7edd64676ce7ea245b31f149a0cffff4b139c25ac02aaa676c19d67?s=96&d=mm&r=g","caption":"Faus Moliner"},"url":"https:\/\/faus-moliner.com\/ca\/author\/moon\/"}]}},"_links":{"self":[{"href":"https:\/\/faus-moliner.com\/ca\/wp-json\/wp\/v2\/posts\/11530","targetHints":{"allow":["GET"]}}],"collection":[{"href":"https:\/\/faus-moliner.com\/ca\/wp-json\/wp\/v2\/posts"}],"about":[{"href":"https:\/\/faus-moliner.com\/ca\/wp-json\/wp\/v2\/types\/post"}],"author":[{"embeddable":true,"href":"https:\/\/faus-moliner.com\/ca\/wp-json\/wp\/v2\/users\/1"}],"replies":[{"embeddable":true,"href":"https:\/\/faus-moliner.com\/ca\/wp-json\/wp\/v2\/comments?post=11530"}],"version-history":[{"count":0,"href":"https:\/\/faus-moliner.com\/ca\/wp-json\/wp\/v2\/posts\/11530\/revisions"}],"wp:attachment":[{"href":"https:\/\/faus-moliner.com\/ca\/wp-json\/wp\/v2\/media?parent=11530"}],"wp:term":[{"taxonomy":"category","embeddable":true,"href":"https:\/\/faus-moliner.com\/ca\/wp-json\/wp\/v2\/categories?post=11530"},{"taxonomy":"post_tag","embeddable":true,"href":"https:\/\/faus-moliner.com\/ca\/wp-json\/wp\/v2\/tags?post=11530"},{"taxonomy":"author","embeddable":true,"href":"https:\/\/faus-moliner.com\/ca\/wp-json\/wp\/v2\/coauthors?post=11530"}],"curies":[{"name":"wp","href":"https:\/\/api.w.org\/{rel}","templated":true}]}}