{"id":14497,"date":"2017-02-14T09:34:03","date_gmt":"2017-02-14T08:34:03","guid":{"rendered":"https:\/\/faus-moliner.com\/ca\/los-precios-fijados-por-el-sns-y-el-comercio-paralelo\/"},"modified":"2017-02-14T09:38:01","modified_gmt":"2017-02-14T08:38:01","slug":"los-precios-fijados-por-el-sns-y-el-comercio-paralelo","status":"publish","type":"post","link":"https:\/\/faus-moliner.com\/ca\/los-precios-fijados-por-el-sns-y-el-comercio-paralelo\/","title":{"rendered":"Los precios fijados por el SNS y el comercio paralelo"},"content":{"rendered":"<p style=\"background: white; margin: 0cm 0cm 7.5pt 0cm;\"><span style=\"font-size: 10.5pt; font-family: 'Arial',sans-serif; color: #5c5c5c;\">La Comisi\u00f3n Nacional de los Mercados y la Competencia (CNMC) ha cerrado, esperemos que definitivamente, la discusi\u00f3n sobre si el sistema establecido por Pfizer en relaci\u00f3n con el precio al cual suministraba sus medicamentos a los distribuidores espa\u00f1oles, incumpl\u00eda o no las normas relativas a la defensa de la competencia espa\u00f1olas y europeas. El asunto se inici\u00f3 hace casi diez a\u00f1os, cuando Spain Pharma interpuso una denuncia contra Pfizer y Cofares alegando que Pfizer hab\u00eda establecido un sistema de doble precio para sus productos, seg\u00fan se vendiesen en territorio nacional o se exportasen. La denuncia fue archivada, Spain Pharma recurri\u00f3, y en \u00faltima instancia el Tribunal Supremo consider\u00f3 que la administraci\u00f3n se hab\u00eda precipitado y que el caso merec\u00eda un an\u00e1lisis exhaustivo del sistema de precios antes de determinar si existi\u00f3 infracci\u00f3n o no.<\/span><\/p>\n<p style=\"background: white; margin: 0cm 0cm 7.5pt 0cm;\"><span style=\"font-size: 10.5pt; font-family: 'Arial',sans-serif; color: #5c5c5c;\">En el seno de la Uni\u00f3n Europea, el derecho de la competencia se ha utilizado no s\u00f3lo como instrumento de pol\u00edtica econ\u00f3mica; sino tambi\u00e9n, y de forma especial, para proteger la libre circulaci\u00f3n de productos frente a los obst\u00e1culos que pudieran establecer las empresas. Por ello, en este contexto, un acuerdo que supusiera un obst\u00e1culo a las exportaciones de medicamentos, podr\u00eda considerarse contrario a estas normas. Un sistema en virtud del cual Pfizer estableciese un precio distinto dependiendo del destino final del producto podr\u00eda ser cuestionado, pero lo que hizo, y lo que la CNMC valida con argumentos muy interesantes, fue radicalmente distinto.<\/span><\/p>\n<p style=\"background: white; margin: 0cm 0cm 7.5pt 0cm;\"><span style=\"font-size: 10.5pt; font-family: 'Arial',sans-serif; color: #5c5c5c;\">As\u00ed, el elemento central del sistema establecido por Pfizer no era el pa\u00eds donde se comercializar\u00edan sus productos, sino la necesidad de conciliar el principio de libertad de empresa constitucionalmente protegido con la normativa reguladora de los precios de los medicamentos que, en Espa\u00f1a, confiere al Ministerio de Sanidad la facultad de establecer un precio m\u00e1ximo respecto de aquellas unidades que hayan sido dispensadas en Espa\u00f1a con cargo a fondos p\u00fablicos. La normativa en materia de precios, por tanto, no tiene como objetivo proteger al consumidor final limitando el importe que deber\u00e1 pagar por el mismo (ya sea su cuota de copago en el caso de dispensaciones previa presentaci\u00f3n de una receta oficial por parte beneficiarios del sistema, o el precio total en otros supuestos). Esta normativa, leg\u00edtima en el contexto europeo, tiene como objetivo proteger al sistema sanitario p\u00fablico y velar por su sostenibilidad, de ah\u00ed que las exigencias que se derivan de la misma (en especial la limitaci\u00f3n de precios) sean aplicables \u00fanicamente a las unidades que ser\u00e1n efectivamente financiadas por el sistema.<\/span><\/p>\n<p style=\"background: white; margin: 0cm 0cm 7.5pt 0cm;\"><span style=\"font-size: 10.5pt; font-family: 'Arial',sans-serif; color: #5c5c5c;\">Pfizer, por tanto, no fij\u00f3 un doble precio, sino un \u00fanico precio, el precio que libremente le pareci\u00f3 adecuado; siendo el Ministerio de Sanidad quien fija el precio intervenido y quien obliga a Pfizer a reembolsar la diferencia entre ambos respecto de todas aquellas unidades dispensadas con cargo a fondos p\u00fablicos. Por ello, la CNMC concluye que no puede acusarse a Pfizer de haber fijado voluntariamente dos precios diferentes en funci\u00f3n del destino de los medicamentos con \u00e1nimo de evitar el comercio paralelo de medicamentos.<\/span><\/p>\n<p style=\"background: white; margin: 0cm 0cm 7.5pt 0cm;\"><span style=\"font-size: 10.5pt; font-family: 'Arial',sans-serif; color: #5c5c5c;\">La CNMC pod\u00eda haberlo dejado aqu\u00ed, pero apunta otra idea a tener presente en el momento actual, al revisar el borrador del decreto de precios: no es conveniente imponer a las empresas el traslado de los precios impuestos en un Estado al resto de la Uni\u00f3n Europea, por cuanto ello genera una incertidumbre capaz de perjudicar la inversi\u00f3n en el desarrollo de nuevos medicamentos.<\/span><\/p>\n","protected":false},"excerpt":{"rendered":"<p>La Comisi\u00f3n Nacional de los Mercados y la Competencia (CNMC) ha cerrado, esperemos que definitivamente, la discusi\u00f3n sobre si el sistema establecido por Pfizer en relaci\u00f3n con el precio al cual suministraba sus medicamentos a los distribuidores espa\u00f1oles, incumpl\u00eda o no las normas relativas a la defensa de la competencia espa\u00f1olas y europeas. El asunto&#8230; <\/p>\n<div class=\"clear\"><\/div>\n<p><a href=\"https:\/\/faus-moliner.com\/ca\/los-precios-fijados-por-el-sns-y-el-comercio-paralelo\/\" class=\"excerpt-read-more\">M\u00e9s informaci\u00f3<\/a><\/p>\n","protected":false},"author":2,"featured_media":0,"comment_status":"closed","ping_status":"closed","sticky":false,"template":"","format":"standard","meta":{"_acf_changed":false,"inline_featured_image":false,"footnotes":""},"categories":[502,319],"tags":[],"coauthors":[],"class_list":["post-14497","post","type-post","status-publish","format-standard","hentry","category-el-global-ca-2","category-publicacions"],"acf":[],"yoast_head":"<!-- This site is optimized with the Yoast SEO plugin v26.6 - https:\/\/yoast.com\/wordpress\/plugins\/seo\/ -->\n<title>Los precios fijados por el SNS y el comercio paralelo - Faus Moliner<\/title>\n<meta name=\"robots\" content=\"index, follow, max-snippet:-1, max-image-preview:large, max-video-preview:-1\" \/>\n<link rel=\"canonical\" href=\"https:\/\/faus-moliner.com\/ca\/los-precios-fijados-por-el-sns-y-el-comercio-paralelo\/\" \/>\n<meta property=\"og:locale\" content=\"ca_ES\" \/>\n<meta property=\"og:type\" content=\"article\" \/>\n<meta property=\"og:title\" content=\"Los precios fijados por el SNS y el comercio paralelo - Faus Moliner\" \/>\n<meta property=\"og:description\" content=\"La Comisi\u00f3n Nacional de los Mercados y la Competencia (CNMC) ha cerrado, esperemos que definitivamente, la discusi\u00f3n sobre si el sistema establecido por Pfizer en relaci\u00f3n con el precio al cual suministraba sus medicamentos a los distribuidores espa\u00f1oles, incumpl\u00eda o no las normas relativas a la defensa de la competencia espa\u00f1olas y europeas. El asunto... M\u00e9s informaci\u00f3\" \/>\n<meta property=\"og:url\" content=\"https:\/\/faus-moliner.com\/ca\/los-precios-fijados-por-el-sns-y-el-comercio-paralelo\/\" \/>\n<meta property=\"og:site_name\" content=\"Faus Moliner\" \/>\n<meta property=\"article:published_time\" content=\"2017-02-14T08:34:03+00:00\" \/>\n<meta property=\"article:modified_time\" content=\"2017-02-14T08:38:01+00:00\" \/>\n<meta name=\"author\" content=\"Jordi Faus\" \/>\n<meta name=\"twitter:card\" content=\"summary_large_image\" \/>\n<meta name=\"twitter:label1\" content=\"Escrit per\" \/>\n\t<meta name=\"twitter:data1\" content=\"Jordi Faus\" \/>\n\t<meta name=\"twitter:label2\" content=\"Temps estimat de lectura\" \/>\n\t<meta name=\"twitter:data2\" content=\"3 minuts\" \/>\n\t<meta name=\"twitter:label3\" content=\"Written by\" \/>\n\t<meta name=\"twitter:data3\" content=\"Jordi Faus\" \/>\n<script type=\"application\/ld+json\" class=\"yoast-schema-graph\">{\"@context\":\"https:\/\/schema.org\",\"@graph\":[{\"@type\":\"Article\",\"@id\":\"https:\/\/faus-moliner.com\/ca\/los-precios-fijados-por-el-sns-y-el-comercio-paralelo\/#article\",\"isPartOf\":{\"@id\":\"https:\/\/faus-moliner.com\/ca\/los-precios-fijados-por-el-sns-y-el-comercio-paralelo\/\"},\"author\":{\"name\":\"Jordi Faus\",\"@id\":\"https:\/\/faus-moliner.com\/en\/#\/schema\/person\/da4b76d949932369d90eaa21ed440260\"},\"headline\":\"Los precios fijados por el SNS y el comercio paralelo\",\"datePublished\":\"2017-02-14T08:34:03+00:00\",\"dateModified\":\"2017-02-14T08:38:01+00:00\",\"mainEntityOfPage\":{\"@id\":\"https:\/\/faus-moliner.com\/ca\/los-precios-fijados-por-el-sns-y-el-comercio-paralelo\/\"},\"wordCount\":611,\"publisher\":{\"@id\":\"https:\/\/faus-moliner.com\/en\/#organization\"},\"articleSection\":[\"El Global\",\"Publicacions\"],\"inLanguage\":\"ca\"},{\"@type\":\"WebPage\",\"@id\":\"https:\/\/faus-moliner.com\/ca\/los-precios-fijados-por-el-sns-y-el-comercio-paralelo\/\",\"url\":\"https:\/\/faus-moliner.com\/ca\/los-precios-fijados-por-el-sns-y-el-comercio-paralelo\/\",\"name\":\"Los precios fijados por el SNS y el comercio paralelo - Faus Moliner\",\"isPartOf\":{\"@id\":\"https:\/\/faus-moliner.com\/en\/#website\"},\"datePublished\":\"2017-02-14T08:34:03+00:00\",\"dateModified\":\"2017-02-14T08:38:01+00:00\",\"breadcrumb\":{\"@id\":\"https:\/\/faus-moliner.com\/ca\/los-precios-fijados-por-el-sns-y-el-comercio-paralelo\/#breadcrumb\"},\"inLanguage\":\"ca\",\"potentialAction\":[{\"@type\":\"ReadAction\",\"target\":[\"https:\/\/faus-moliner.com\/ca\/los-precios-fijados-por-el-sns-y-el-comercio-paralelo\/\"]}]},{\"@type\":\"BreadcrumbList\",\"@id\":\"https:\/\/faus-moliner.com\/ca\/los-precios-fijados-por-el-sns-y-el-comercio-paralelo\/#breadcrumb\",\"itemListElement\":[{\"@type\":\"ListItem\",\"position\":1,\"name\":\"Portada\",\"item\":\"https:\/\/faus-moliner.com\/ca\/\"},{\"@type\":\"ListItem\",\"position\":2,\"name\":\"Los precios fijados por el SNS y el comercio paralelo\"}]},{\"@type\":\"WebSite\",\"@id\":\"https:\/\/faus-moliner.com\/en\/#website\",\"url\":\"https:\/\/faus-moliner.com\/en\/\",\"name\":\"faus-moliner.com\",\"description\":\"Otro sitio realizado con WordPress\",\"publisher\":{\"@id\":\"https:\/\/faus-moliner.com\/en\/#organization\"},\"potentialAction\":[{\"@type\":\"SearchAction\",\"target\":{\"@type\":\"EntryPoint\",\"urlTemplate\":\"https:\/\/faus-moliner.com\/en\/?s={search_term_string}\"},\"query-input\":{\"@type\":\"PropertyValueSpecification\",\"valueRequired\":true,\"valueName\":\"search_term_string\"}}],\"inLanguage\":\"ca\"},{\"@type\":\"Organization\",\"@id\":\"https:\/\/faus-moliner.com\/en\/#organization\",\"name\":\"Faus Moliner\",\"url\":\"https:\/\/faus-moliner.com\/en\/\",\"logo\":{\"@type\":\"ImageObject\",\"inLanguage\":\"ca\",\"@id\":\"https:\/\/faus-moliner.com\/en\/#\/schema\/logo\/image\/\",\"url\":\"https:\/\/faus-moliner.com\/wp-content\/uploads\/2023\/03\/Logo-FM-web.jpg\",\"contentUrl\":\"https:\/\/faus-moliner.com\/wp-content\/uploads\/2023\/03\/Logo-FM-web.jpg\",\"width\":400,\"height\":283,\"caption\":\"Faus Moliner\"},\"image\":{\"@id\":\"https:\/\/faus-moliner.com\/en\/#\/schema\/logo\/image\/\"},\"sameAs\":[\"https:\/\/www.linkedin.com\/company\/2372042\/admin\/\"]},{\"@type\":\"Person\",\"@id\":\"https:\/\/faus-moliner.com\/en\/#\/schema\/person\/da4b76d949932369d90eaa21ed440260\",\"name\":\"Jordi Faus\",\"image\":{\"@type\":\"ImageObject\",\"inLanguage\":\"ca\",\"@id\":\"https:\/\/faus-moliner.com\/en\/#\/schema\/person\/image\/f7cb308a9e6d6fe5434c7ca47ff11be5\",\"url\":\"https:\/\/secure.gravatar.com\/avatar\/896c20951cba2f462a35f9a554d612f00999b71a73a0ad6a1625c27912d34e52?s=96&d=mm&r=g\",\"contentUrl\":\"https:\/\/secure.gravatar.com\/avatar\/896c20951cba2f462a35f9a554d612f00999b71a73a0ad6a1625c27912d34e52?s=96&d=mm&r=g\",\"caption\":\"Jordi Faus\"},\"description\":\"Jordi Faus graduated in Law at the Autonomous University of Barcelona (1986) and obtained a degree in Advanced Legal European Studies at the College of Europe in Bruges, Belgium (1987). He also has completed an Executive Management Programme at IESE Business School, in Barcelona.\",\"sameAs\":[\"https:\/\/faus-moliner.com\/\"],\"url\":\"https:\/\/faus-moliner.com\/ca\/author\/jordi-faus\/\"}]}<\/script>\n<!-- \/ Yoast SEO plugin. -->","yoast_head_json":{"title":"Los precios fijados por el SNS y el comercio paralelo - Faus Moliner","robots":{"index":"index","follow":"follow","max-snippet":"max-snippet:-1","max-image-preview":"max-image-preview:large","max-video-preview":"max-video-preview:-1"},"canonical":"https:\/\/faus-moliner.com\/ca\/los-precios-fijados-por-el-sns-y-el-comercio-paralelo\/","og_locale":"ca_ES","og_type":"article","og_title":"Los precios fijados por el SNS y el comercio paralelo - Faus Moliner","og_description":"La Comisi\u00f3n Nacional de los Mercados y la Competencia (CNMC) ha cerrado, esperemos que definitivamente, la discusi\u00f3n sobre si el sistema establecido por Pfizer en relaci\u00f3n con el precio al cual suministraba sus medicamentos a los distribuidores espa\u00f1oles, incumpl\u00eda o no las normas relativas a la defensa de la competencia espa\u00f1olas y europeas. El asunto... M\u00e9s informaci\u00f3","og_url":"https:\/\/faus-moliner.com\/ca\/los-precios-fijados-por-el-sns-y-el-comercio-paralelo\/","og_site_name":"Faus Moliner","article_published_time":"2017-02-14T08:34:03+00:00","article_modified_time":"2017-02-14T08:38:01+00:00","author":"Jordi Faus","twitter_card":"summary_large_image","twitter_misc":{"Escrit per":"Jordi Faus","Temps estimat de lectura":"3 minuts","Written by":"Jordi Faus"},"schema":{"@context":"https:\/\/schema.org","@graph":[{"@type":"Article","@id":"https:\/\/faus-moliner.com\/ca\/los-precios-fijados-por-el-sns-y-el-comercio-paralelo\/#article","isPartOf":{"@id":"https:\/\/faus-moliner.com\/ca\/los-precios-fijados-por-el-sns-y-el-comercio-paralelo\/"},"author":{"name":"Jordi Faus","@id":"https:\/\/faus-moliner.com\/en\/#\/schema\/person\/da4b76d949932369d90eaa21ed440260"},"headline":"Los precios fijados por el SNS y el comercio paralelo","datePublished":"2017-02-14T08:34:03+00:00","dateModified":"2017-02-14T08:38:01+00:00","mainEntityOfPage":{"@id":"https:\/\/faus-moliner.com\/ca\/los-precios-fijados-por-el-sns-y-el-comercio-paralelo\/"},"wordCount":611,"publisher":{"@id":"https:\/\/faus-moliner.com\/en\/#organization"},"articleSection":["El Global","Publicacions"],"inLanguage":"ca"},{"@type":"WebPage","@id":"https:\/\/faus-moliner.com\/ca\/los-precios-fijados-por-el-sns-y-el-comercio-paralelo\/","url":"https:\/\/faus-moliner.com\/ca\/los-precios-fijados-por-el-sns-y-el-comercio-paralelo\/","name":"Los precios fijados por el SNS y el comercio paralelo - Faus Moliner","isPartOf":{"@id":"https:\/\/faus-moliner.com\/en\/#website"},"datePublished":"2017-02-14T08:34:03+00:00","dateModified":"2017-02-14T08:38:01+00:00","breadcrumb":{"@id":"https:\/\/faus-moliner.com\/ca\/los-precios-fijados-por-el-sns-y-el-comercio-paralelo\/#breadcrumb"},"inLanguage":"ca","potentialAction":[{"@type":"ReadAction","target":["https:\/\/faus-moliner.com\/ca\/los-precios-fijados-por-el-sns-y-el-comercio-paralelo\/"]}]},{"@type":"BreadcrumbList","@id":"https:\/\/faus-moliner.com\/ca\/los-precios-fijados-por-el-sns-y-el-comercio-paralelo\/#breadcrumb","itemListElement":[{"@type":"ListItem","position":1,"name":"Portada","item":"https:\/\/faus-moliner.com\/ca\/"},{"@type":"ListItem","position":2,"name":"Los precios fijados por el SNS y el comercio paralelo"}]},{"@type":"WebSite","@id":"https:\/\/faus-moliner.com\/en\/#website","url":"https:\/\/faus-moliner.com\/en\/","name":"faus-moliner.com","description":"Otro sitio realizado con WordPress","publisher":{"@id":"https:\/\/faus-moliner.com\/en\/#organization"},"potentialAction":[{"@type":"SearchAction","target":{"@type":"EntryPoint","urlTemplate":"https:\/\/faus-moliner.com\/en\/?s={search_term_string}"},"query-input":{"@type":"PropertyValueSpecification","valueRequired":true,"valueName":"search_term_string"}}],"inLanguage":"ca"},{"@type":"Organization","@id":"https:\/\/faus-moliner.com\/en\/#organization","name":"Faus Moliner","url":"https:\/\/faus-moliner.com\/en\/","logo":{"@type":"ImageObject","inLanguage":"ca","@id":"https:\/\/faus-moliner.com\/en\/#\/schema\/logo\/image\/","url":"https:\/\/faus-moliner.com\/wp-content\/uploads\/2023\/03\/Logo-FM-web.jpg","contentUrl":"https:\/\/faus-moliner.com\/wp-content\/uploads\/2023\/03\/Logo-FM-web.jpg","width":400,"height":283,"caption":"Faus Moliner"},"image":{"@id":"https:\/\/faus-moliner.com\/en\/#\/schema\/logo\/image\/"},"sameAs":["https:\/\/www.linkedin.com\/company\/2372042\/admin\/"]},{"@type":"Person","@id":"https:\/\/faus-moliner.com\/en\/#\/schema\/person\/da4b76d949932369d90eaa21ed440260","name":"Jordi Faus","image":{"@type":"ImageObject","inLanguage":"ca","@id":"https:\/\/faus-moliner.com\/en\/#\/schema\/person\/image\/f7cb308a9e6d6fe5434c7ca47ff11be5","url":"https:\/\/secure.gravatar.com\/avatar\/896c20951cba2f462a35f9a554d612f00999b71a73a0ad6a1625c27912d34e52?s=96&d=mm&r=g","contentUrl":"https:\/\/secure.gravatar.com\/avatar\/896c20951cba2f462a35f9a554d612f00999b71a73a0ad6a1625c27912d34e52?s=96&d=mm&r=g","caption":"Jordi Faus"},"description":"Jordi Faus graduated in Law at the Autonomous University of Barcelona (1986) and obtained a degree in Advanced Legal European Studies at the College of Europe in Bruges, Belgium (1987). He also has completed an Executive Management Programme at IESE Business School, in Barcelona.","sameAs":["https:\/\/faus-moliner.com\/"],"url":"https:\/\/faus-moliner.com\/ca\/author\/jordi-faus\/"}]}},"_links":{"self":[{"href":"https:\/\/faus-moliner.com\/ca\/wp-json\/wp\/v2\/posts\/14497","targetHints":{"allow":["GET"]}}],"collection":[{"href":"https:\/\/faus-moliner.com\/ca\/wp-json\/wp\/v2\/posts"}],"about":[{"href":"https:\/\/faus-moliner.com\/ca\/wp-json\/wp\/v2\/types\/post"}],"author":[{"embeddable":true,"href":"https:\/\/faus-moliner.com\/ca\/wp-json\/wp\/v2\/users\/2"}],"replies":[{"embeddable":true,"href":"https:\/\/faus-moliner.com\/ca\/wp-json\/wp\/v2\/comments?post=14497"}],"version-history":[{"count":0,"href":"https:\/\/faus-moliner.com\/ca\/wp-json\/wp\/v2\/posts\/14497\/revisions"}],"wp:attachment":[{"href":"https:\/\/faus-moliner.com\/ca\/wp-json\/wp\/v2\/media?parent=14497"}],"wp:term":[{"taxonomy":"category","embeddable":true,"href":"https:\/\/faus-moliner.com\/ca\/wp-json\/wp\/v2\/categories?post=14497"},{"taxonomy":"post_tag","embeddable":true,"href":"https:\/\/faus-moliner.com\/ca\/wp-json\/wp\/v2\/tags?post=14497"},{"taxonomy":"author","embeddable":true,"href":"https:\/\/faus-moliner.com\/ca\/wp-json\/wp\/v2\/coauthors?post=14497"}],"curies":[{"name":"wp","href":"https:\/\/api.w.org\/{rel}","templated":true}]}}