{"id":14624,"date":"2017-02-20T12:42:23","date_gmt":"2017-02-20T11:42:23","guid":{"rendered":"https:\/\/faus-moliner.com\/ca\/faus-moliner-en-el-seminario-early-access-programmes-compassionate-use-in-the-eu-en-dusseldorf\/"},"modified":"2017-02-22T12:57:06","modified_gmt":"2017-02-22T11:57:06","slug":"faus-moliner-en-el-seminario-early-access-programmes-compassionate-use-in-the-eu-en-dusseldorf","status":"publish","type":"post","link":"https:\/\/faus-moliner.com\/ca\/faus-moliner-en-el-seminario-early-access-programmes-compassionate-use-in-the-eu-en-dusseldorf\/","title":{"rendered":"Faus &#038; Moliner ha participat en el Seminari &#8220;Early Access Programmes &#038; Compassionate Use in the EU&#8221; a D\u00fcsseldorf"},"content":{"rendered":"<p>Aquest seminari ha estat organitzat pel FORUM Institut en D\u00fcsseldorf i s&#8217;hi han detallat les possibilitats d&#8217;acc\u00e9s primerenc en la UE en general, aix\u00ed com a Alemanya, Regne Unit, Espanya i Fran\u00e7a en particular.<\/p>\n<p>En el seminari es va informar sobre les opcions disponibles i els desafiaments que planteja portar productes farmac\u00e8utics al mercat europeu el m\u00e9s r\u00e0pidament possible.<\/p>\n<p>En concret, es van discutir temes com l&#8217;admissibilitat en diversos programes, els requisits de dades i les opcions de reemborsament amb la finalitat d&#8217;adquirir una comprensi\u00f3 profunda de com els pacients podrien beneficiar-se dels nous productes tan aviat com sigui possible.<\/p>\n<p>En aquest seminari s&#8217;han abordat les necessitats dels treballadors de la ind\u00fastria farmac\u00e8utica en els assumptes m\u00e8dics, l&#8217;acc\u00e9s al mercat o la gesti\u00f3 sanit\u00e0ria, aix\u00ed com les necessitats dels quals s&#8217;ocupen de les estrat\u00e8gies d&#8217;acc\u00e9s al mercat europeu.<\/p>\n<p>Francisco Ar\u00e1nega va fer una presentaci\u00f3 sobre l&#8217;\u00fas compassiu, l&#8217;\u00fas off-label i l&#8217;acc\u00e9s primerenc als medicaments a Espanya.<\/p>\n<p>Es va centrar en explicar la regulaci\u00f3, els procediments d&#8217;aprovaci\u00f3 i el paper de les diferents parts implicades, per\u00f2 tamb\u00e9\u00a0va donar consells pr\u00e0ctics i va comentar els\u00a0futurs canvis.<\/p>\n","protected":false},"excerpt":{"rendered":"<p>Aquest seminari ha estat organitzat pel FORUM Institut en D\u00fcsseldorf i s&#8217;hi han detallat les possibilitats d&#8217;acc\u00e9s primerenc en la UE en general, aix\u00ed com a Alemanya, Regne Unit, Espanya i Fran\u00e7a en particular. En el seminari es va informar sobre les opcions disponibles i els desafiaments que planteja portar productes farmac\u00e8utics al mercat europeu&#8230; <\/p>\n<div class=\"clear\"><\/div>\n<p><a href=\"https:\/\/faus-moliner.com\/ca\/faus-moliner-en-el-seminario-early-access-programmes-compassionate-use-in-the-eu-en-dusseldorf\/\" class=\"excerpt-read-more\">M\u00e9s informaci\u00f3<\/a><\/p>\n","protected":false},"author":1,"featured_media":0,"comment_status":"closed","ping_status":"closed","sticky":false,"template":"","format":"standard","meta":{"_acf_changed":false,"inline_featured_image":false,"footnotes":""},"categories":[356],"tags":[],"coauthors":[],"class_list":["post-14624","post","type-post","status-publish","format-standard","hentry","category-noticies-i-events"],"acf":[],"yoast_head":"<!-- This site is optimized with the Yoast SEO plugin v26.6 - https:\/\/yoast.com\/wordpress\/plugins\/seo\/ -->\n<title>Faus &amp; Moliner ha participat en el Seminari &quot;Early Access Programmes &amp; Compassionate Use in the EU&quot; a D\u00fcsseldorf - Faus Moliner<\/title>\n<meta name=\"robots\" content=\"index, follow, max-snippet:-1, max-image-preview:large, max-video-preview:-1\" \/>\n<link rel=\"canonical\" href=\"https:\/\/faus-moliner.com\/ca\/faus-moliner-en-el-seminario-early-access-programmes-compassionate-use-in-the-eu-en-dusseldorf\/\" \/>\n<meta property=\"og:locale\" content=\"ca_ES\" \/>\n<meta property=\"og:type\" content=\"article\" \/>\n<meta property=\"og:title\" content=\"Faus &amp; Moliner ha participat en el Seminari &quot;Early Access Programmes &amp; Compassionate Use in the EU&quot; a D\u00fcsseldorf - Faus Moliner\" \/>\n<meta property=\"og:description\" content=\"Aquest seminari ha estat organitzat pel FORUM Institut en D\u00fcsseldorf i s&#8217;hi han detallat les possibilitats d&#8217;acc\u00e9s primerenc en la UE en general, aix\u00ed com a Alemanya, Regne Unit, Espanya i Fran\u00e7a en particular. En el seminari es va informar sobre les opcions disponibles i els desafiaments que planteja portar productes farmac\u00e8utics al mercat europeu... M\u00e9s informaci\u00f3\" \/>\n<meta property=\"og:url\" content=\"https:\/\/faus-moliner.com\/ca\/faus-moliner-en-el-seminario-early-access-programmes-compassionate-use-in-the-eu-en-dusseldorf\/\" \/>\n<meta property=\"og:site_name\" content=\"Faus Moliner\" \/>\n<meta property=\"article:published_time\" content=\"2017-02-20T11:42:23+00:00\" \/>\n<meta property=\"article:modified_time\" content=\"2017-02-22T11:57:06+00:00\" \/>\n<meta name=\"author\" content=\"Faus Moliner\" \/>\n<meta name=\"twitter:card\" content=\"summary_large_image\" \/>\n<meta name=\"twitter:label1\" content=\"Escrit per\" \/>\n\t<meta name=\"twitter:data1\" content=\"Faus Moliner\" \/>\n\t<meta name=\"twitter:label2\" content=\"Temps estimat de lectura\" \/>\n\t<meta name=\"twitter:data2\" content=\"1 minut\" \/>\n\t<meta name=\"twitter:label3\" content=\"Written by\" \/>\n\t<meta name=\"twitter:data3\" content=\"Faus Moliner\" \/>\n<script type=\"application\/ld+json\" class=\"yoast-schema-graph\">{\"@context\":\"https:\/\/schema.org\",\"@graph\":[{\"@type\":\"Article\",\"@id\":\"https:\/\/faus-moliner.com\/ca\/faus-moliner-en-el-seminario-early-access-programmes-compassionate-use-in-the-eu-en-dusseldorf\/#article\",\"isPartOf\":{\"@id\":\"https:\/\/faus-moliner.com\/ca\/faus-moliner-en-el-seminario-early-access-programmes-compassionate-use-in-the-eu-en-dusseldorf\/\"},\"author\":{\"name\":\"Faus Moliner\",\"@id\":\"https:\/\/faus-moliner.com\/en\/#\/schema\/person\/b62ac2c67efed1b6f50872c1d6366f90\"},\"headline\":\"Faus &#038; Moliner ha participat en el Seminari &#8220;Early Access Programmes &#038; Compassionate Use in the EU&#8221; a D\u00fcsseldorf\",\"datePublished\":\"2017-02-20T11:42:23+00:00\",\"dateModified\":\"2017-02-22T11:57:06+00:00\",\"mainEntityOfPage\":{\"@id\":\"https:\/\/faus-moliner.com\/ca\/faus-moliner-en-el-seminario-early-access-programmes-compassionate-use-in-the-eu-en-dusseldorf\/\"},\"wordCount\":232,\"publisher\":{\"@id\":\"https:\/\/faus-moliner.com\/en\/#organization\"},\"articleSection\":[\"Not\u00edcies i events\"],\"inLanguage\":\"ca\"},{\"@type\":\"WebPage\",\"@id\":\"https:\/\/faus-moliner.com\/ca\/faus-moliner-en-el-seminario-early-access-programmes-compassionate-use-in-the-eu-en-dusseldorf\/\",\"url\":\"https:\/\/faus-moliner.com\/ca\/faus-moliner-en-el-seminario-early-access-programmes-compassionate-use-in-the-eu-en-dusseldorf\/\",\"name\":\"Faus & Moliner ha participat en el Seminari \\\"Early Access Programmes & Compassionate Use in the EU\\\" a D\u00fcsseldorf - Faus Moliner\",\"isPartOf\":{\"@id\":\"https:\/\/faus-moliner.com\/en\/#website\"},\"datePublished\":\"2017-02-20T11:42:23+00:00\",\"dateModified\":\"2017-02-22T11:57:06+00:00\",\"breadcrumb\":{\"@id\":\"https:\/\/faus-moliner.com\/ca\/faus-moliner-en-el-seminario-early-access-programmes-compassionate-use-in-the-eu-en-dusseldorf\/#breadcrumb\"},\"inLanguage\":\"ca\",\"potentialAction\":[{\"@type\":\"ReadAction\",\"target\":[\"https:\/\/faus-moliner.com\/ca\/faus-moliner-en-el-seminario-early-access-programmes-compassionate-use-in-the-eu-en-dusseldorf\/\"]}]},{\"@type\":\"BreadcrumbList\",\"@id\":\"https:\/\/faus-moliner.com\/ca\/faus-moliner-en-el-seminario-early-access-programmes-compassionate-use-in-the-eu-en-dusseldorf\/#breadcrumb\",\"itemListElement\":[{\"@type\":\"ListItem\",\"position\":1,\"name\":\"Portada\",\"item\":\"https:\/\/faus-moliner.com\/ca\/\"},{\"@type\":\"ListItem\",\"position\":2,\"name\":\"Faus &#038; Moliner ha participat en el Seminari &#8220;Early Access Programmes &#038; Compassionate Use in the EU&#8221; a D\u00fcsseldorf\"}]},{\"@type\":\"WebSite\",\"@id\":\"https:\/\/faus-moliner.com\/en\/#website\",\"url\":\"https:\/\/faus-moliner.com\/en\/\",\"name\":\"faus-moliner.com\",\"description\":\"Otro sitio realizado con WordPress\",\"publisher\":{\"@id\":\"https:\/\/faus-moliner.com\/en\/#organization\"},\"potentialAction\":[{\"@type\":\"SearchAction\",\"target\":{\"@type\":\"EntryPoint\",\"urlTemplate\":\"https:\/\/faus-moliner.com\/en\/?s={search_term_string}\"},\"query-input\":{\"@type\":\"PropertyValueSpecification\",\"valueRequired\":true,\"valueName\":\"search_term_string\"}}],\"inLanguage\":\"ca\"},{\"@type\":\"Organization\",\"@id\":\"https:\/\/faus-moliner.com\/en\/#organization\",\"name\":\"Faus Moliner\",\"url\":\"https:\/\/faus-moliner.com\/en\/\",\"logo\":{\"@type\":\"ImageObject\",\"inLanguage\":\"ca\",\"@id\":\"https:\/\/faus-moliner.com\/en\/#\/schema\/logo\/image\/\",\"url\":\"https:\/\/faus-moliner.com\/wp-content\/uploads\/2023\/03\/Logo-FM-web.jpg\",\"contentUrl\":\"https:\/\/faus-moliner.com\/wp-content\/uploads\/2023\/03\/Logo-FM-web.jpg\",\"width\":400,\"height\":283,\"caption\":\"Faus Moliner\"},\"image\":{\"@id\":\"https:\/\/faus-moliner.com\/en\/#\/schema\/logo\/image\/\"},\"sameAs\":[\"https:\/\/www.linkedin.com\/company\/2372042\/admin\/\"]},{\"@type\":\"Person\",\"@id\":\"https:\/\/faus-moliner.com\/en\/#\/schema\/person\/b62ac2c67efed1b6f50872c1d6366f90\",\"name\":\"Faus Moliner\",\"image\":{\"@type\":\"ImageObject\",\"inLanguage\":\"ca\",\"@id\":\"https:\/\/faus-moliner.com\/en\/#\/schema\/person\/image\/88610ef99b0aa1c93ca33c569a053dac\",\"url\":\"https:\/\/secure.gravatar.com\/avatar\/be7b0f78e7edd64676ce7ea245b31f149a0cffff4b139c25ac02aaa676c19d67?s=96&d=mm&r=g\",\"contentUrl\":\"https:\/\/secure.gravatar.com\/avatar\/be7b0f78e7edd64676ce7ea245b31f149a0cffff4b139c25ac02aaa676c19d67?s=96&d=mm&r=g\",\"caption\":\"Faus Moliner\"},\"url\":\"https:\/\/faus-moliner.com\/ca\/author\/moon\/\"}]}<\/script>\n<!-- \/ Yoast SEO plugin. -->","yoast_head_json":{"title":"Faus & Moliner ha participat en el Seminari \"Early Access Programmes & Compassionate Use in the EU\" a D\u00fcsseldorf - Faus Moliner","robots":{"index":"index","follow":"follow","max-snippet":"max-snippet:-1","max-image-preview":"max-image-preview:large","max-video-preview":"max-video-preview:-1"},"canonical":"https:\/\/faus-moliner.com\/ca\/faus-moliner-en-el-seminario-early-access-programmes-compassionate-use-in-the-eu-en-dusseldorf\/","og_locale":"ca_ES","og_type":"article","og_title":"Faus & Moliner ha participat en el Seminari \"Early Access Programmes & Compassionate Use in the EU\" a D\u00fcsseldorf - Faus Moliner","og_description":"Aquest seminari ha estat organitzat pel FORUM Institut en D\u00fcsseldorf i s&#8217;hi han detallat les possibilitats d&#8217;acc\u00e9s primerenc en la UE en general, aix\u00ed com a Alemanya, Regne Unit, Espanya i Fran\u00e7a en particular. En el seminari es va informar sobre les opcions disponibles i els desafiaments que planteja portar productes farmac\u00e8utics al mercat europeu... M\u00e9s informaci\u00f3","og_url":"https:\/\/faus-moliner.com\/ca\/faus-moliner-en-el-seminario-early-access-programmes-compassionate-use-in-the-eu-en-dusseldorf\/","og_site_name":"Faus Moliner","article_published_time":"2017-02-20T11:42:23+00:00","article_modified_time":"2017-02-22T11:57:06+00:00","author":"Faus Moliner","twitter_card":"summary_large_image","twitter_misc":{"Escrit per":"Faus Moliner","Temps estimat de lectura":"1 minut","Written by":"Faus Moliner"},"schema":{"@context":"https:\/\/schema.org","@graph":[{"@type":"Article","@id":"https:\/\/faus-moliner.com\/ca\/faus-moliner-en-el-seminario-early-access-programmes-compassionate-use-in-the-eu-en-dusseldorf\/#article","isPartOf":{"@id":"https:\/\/faus-moliner.com\/ca\/faus-moliner-en-el-seminario-early-access-programmes-compassionate-use-in-the-eu-en-dusseldorf\/"},"author":{"name":"Faus Moliner","@id":"https:\/\/faus-moliner.com\/en\/#\/schema\/person\/b62ac2c67efed1b6f50872c1d6366f90"},"headline":"Faus &#038; Moliner ha participat en el Seminari &#8220;Early Access Programmes &#038; Compassionate Use in the EU&#8221; a D\u00fcsseldorf","datePublished":"2017-02-20T11:42:23+00:00","dateModified":"2017-02-22T11:57:06+00:00","mainEntityOfPage":{"@id":"https:\/\/faus-moliner.com\/ca\/faus-moliner-en-el-seminario-early-access-programmes-compassionate-use-in-the-eu-en-dusseldorf\/"},"wordCount":232,"publisher":{"@id":"https:\/\/faus-moliner.com\/en\/#organization"},"articleSection":["Not\u00edcies i events"],"inLanguage":"ca"},{"@type":"WebPage","@id":"https:\/\/faus-moliner.com\/ca\/faus-moliner-en-el-seminario-early-access-programmes-compassionate-use-in-the-eu-en-dusseldorf\/","url":"https:\/\/faus-moliner.com\/ca\/faus-moliner-en-el-seminario-early-access-programmes-compassionate-use-in-the-eu-en-dusseldorf\/","name":"Faus & Moliner ha participat en el Seminari \"Early Access Programmes & Compassionate Use in the EU\" a D\u00fcsseldorf - Faus Moliner","isPartOf":{"@id":"https:\/\/faus-moliner.com\/en\/#website"},"datePublished":"2017-02-20T11:42:23+00:00","dateModified":"2017-02-22T11:57:06+00:00","breadcrumb":{"@id":"https:\/\/faus-moliner.com\/ca\/faus-moliner-en-el-seminario-early-access-programmes-compassionate-use-in-the-eu-en-dusseldorf\/#breadcrumb"},"inLanguage":"ca","potentialAction":[{"@type":"ReadAction","target":["https:\/\/faus-moliner.com\/ca\/faus-moliner-en-el-seminario-early-access-programmes-compassionate-use-in-the-eu-en-dusseldorf\/"]}]},{"@type":"BreadcrumbList","@id":"https:\/\/faus-moliner.com\/ca\/faus-moliner-en-el-seminario-early-access-programmes-compassionate-use-in-the-eu-en-dusseldorf\/#breadcrumb","itemListElement":[{"@type":"ListItem","position":1,"name":"Portada","item":"https:\/\/faus-moliner.com\/ca\/"},{"@type":"ListItem","position":2,"name":"Faus &#038; Moliner ha participat en el Seminari &#8220;Early Access Programmes &#038; Compassionate Use in the EU&#8221; a D\u00fcsseldorf"}]},{"@type":"WebSite","@id":"https:\/\/faus-moliner.com\/en\/#website","url":"https:\/\/faus-moliner.com\/en\/","name":"faus-moliner.com","description":"Otro sitio realizado con WordPress","publisher":{"@id":"https:\/\/faus-moliner.com\/en\/#organization"},"potentialAction":[{"@type":"SearchAction","target":{"@type":"EntryPoint","urlTemplate":"https:\/\/faus-moliner.com\/en\/?s={search_term_string}"},"query-input":{"@type":"PropertyValueSpecification","valueRequired":true,"valueName":"search_term_string"}}],"inLanguage":"ca"},{"@type":"Organization","@id":"https:\/\/faus-moliner.com\/en\/#organization","name":"Faus Moliner","url":"https:\/\/faus-moliner.com\/en\/","logo":{"@type":"ImageObject","inLanguage":"ca","@id":"https:\/\/faus-moliner.com\/en\/#\/schema\/logo\/image\/","url":"https:\/\/faus-moliner.com\/wp-content\/uploads\/2023\/03\/Logo-FM-web.jpg","contentUrl":"https:\/\/faus-moliner.com\/wp-content\/uploads\/2023\/03\/Logo-FM-web.jpg","width":400,"height":283,"caption":"Faus Moliner"},"image":{"@id":"https:\/\/faus-moliner.com\/en\/#\/schema\/logo\/image\/"},"sameAs":["https:\/\/www.linkedin.com\/company\/2372042\/admin\/"]},{"@type":"Person","@id":"https:\/\/faus-moliner.com\/en\/#\/schema\/person\/b62ac2c67efed1b6f50872c1d6366f90","name":"Faus Moliner","image":{"@type":"ImageObject","inLanguage":"ca","@id":"https:\/\/faus-moliner.com\/en\/#\/schema\/person\/image\/88610ef99b0aa1c93ca33c569a053dac","url":"https:\/\/secure.gravatar.com\/avatar\/be7b0f78e7edd64676ce7ea245b31f149a0cffff4b139c25ac02aaa676c19d67?s=96&d=mm&r=g","contentUrl":"https:\/\/secure.gravatar.com\/avatar\/be7b0f78e7edd64676ce7ea245b31f149a0cffff4b139c25ac02aaa676c19d67?s=96&d=mm&r=g","caption":"Faus Moliner"},"url":"https:\/\/faus-moliner.com\/ca\/author\/moon\/"}]}},"_links":{"self":[{"href":"https:\/\/faus-moliner.com\/ca\/wp-json\/wp\/v2\/posts\/14624","targetHints":{"allow":["GET"]}}],"collection":[{"href":"https:\/\/faus-moliner.com\/ca\/wp-json\/wp\/v2\/posts"}],"about":[{"href":"https:\/\/faus-moliner.com\/ca\/wp-json\/wp\/v2\/types\/post"}],"author":[{"embeddable":true,"href":"https:\/\/faus-moliner.com\/ca\/wp-json\/wp\/v2\/users\/1"}],"replies":[{"embeddable":true,"href":"https:\/\/faus-moliner.com\/ca\/wp-json\/wp\/v2\/comments?post=14624"}],"version-history":[{"count":0,"href":"https:\/\/faus-moliner.com\/ca\/wp-json\/wp\/v2\/posts\/14624\/revisions"}],"wp:attachment":[{"href":"https:\/\/faus-moliner.com\/ca\/wp-json\/wp\/v2\/media?parent=14624"}],"wp:term":[{"taxonomy":"category","embeddable":true,"href":"https:\/\/faus-moliner.com\/ca\/wp-json\/wp\/v2\/categories?post=14624"},{"taxonomy":"post_tag","embeddable":true,"href":"https:\/\/faus-moliner.com\/ca\/wp-json\/wp\/v2\/tags?post=14624"},{"taxonomy":"author","embeddable":true,"href":"https:\/\/faus-moliner.com\/ca\/wp-json\/wp\/v2\/coauthors?post=14624"}],"curies":[{"name":"wp","href":"https:\/\/api.w.org\/{rel}","templated":true}]}}