{"id":15551,"date":"2012-06-12T13:58:23","date_gmt":"2012-06-12T12:58:23","guid":{"rendered":"https:\/\/faus-moliner.com\/ca\/la-informacion-los-efectos-adversos-contenga-prospecto-del-medicamento-fundamental-determinar-la-responsabilidad\/"},"modified":"2017-05-16T16:23:50","modified_gmt":"2017-05-16T15:23:50","slug":"la-informacion-los-efectos-adversos-contenga-prospecto-del-medicamento-fundamental-determinar-la-responsabilidad","status":"publish","type":"post","link":"https:\/\/faus-moliner.com\/ca\/la-informacion-los-efectos-adversos-contenga-prospecto-del-medicamento-fundamental-determinar-la-responsabilidad\/","title":{"rendered":"La informaci\u00f3n que de los efectos adversos contenga el prospecto del medicamento es fundamental para determinar la responsabilidad"},"content":{"rendered":"<p><strong>Antecedentes<\/strong><\/p>\n<p>El Tribunal Supremo (TS) ha dictado una sentencia que confirma la dictada por la Secci\u00f3n 19\u00aa de la Audiencia Provincial de Barcelona (APB) en un caso en el que se reclamaba la responsabilidad de un laboratorio farmac\u00e9utico por los da\u00f1os ocasionados por un medicamento.<\/p>\n<p>La APB primero, y ahora el TS, declararon que el prospecto del medicamento no proporcionaba suficiente informaci\u00f3n al consumidor y que el consumo del medicamento produjo reacciones adversas no previstas en el prospecto.<\/p>\n<p><strong>Defecto de informaci\u00f3n<\/strong><\/p>\n<p>El TS ha declarado l\u00f3gicas y conformes a las reglas de la raz\u00f3n las consideraciones efectuadas por la APB en relaci\u00f3n a los efectos secundarios del medicamento y en relaci\u00f3n con la informaci\u00f3n que constaba en el prospecto.<\/p>\n<p>La APB considera que lo esencial no es si al prospecto le falta o no informaci\u00f3n necesaria, sino si la que ofrec\u00eda era la suficiente y adecuada a las exigencias del derecho de informaci\u00f3n del consumidor-paciente. En consecuencia era indiferente si la informaci\u00f3n se ajustaba a las exigencias del derecho positivo sanitario. Para la APB el examen del prospecto del medicamento permit\u00eda concluir que los efectos adversos del medicamento no se hallaban descritos suficientemente, siendo la informaci\u00f3n en \u00e9l contenida insuficiente e inadecuada. La APB entendi\u00f3 que en modo alguno pod\u00edan entenderse realizadas las advertencias sobre los efectos adversos por el simple hecho de indicarse en el prospecto la composici\u00f3n del medicamento, la naturaleza del principio activo o por indicar la actividad antagonista de la dopamina y su actividad antigonadotropa.<\/p>\n<p>El TS concluye que la informaci\u00f3n al consumidor se proporciona b\u00e1sicamente a trav\u00e9s del prospecto y que el paciente tiene derecho a ser informado de un modo completo, integral, adecuado, suficiente y comprensible de los posibles efectos adversos, contraindicaciones e interacciones, y a recibir las indicaciones para el adecuado empleo y administraci\u00f3n del f\u00e1rmaco. El prospecto seg\u00fan el TS no conten\u00eda la informaci\u00f3n adecuada, suficiente y asumible por el consumidor en relaci\u00f3n a los efectos adversos.<\/p>\n<p>Tambi\u00e9n cabe citar el pronunciamiento de la APB en el sentido de que, sin perjuicio del papel relevante que corresponde al prescriptor y dispensador en el proceso de informar al consumidor, no por ello cabe desplazar y eximir de responsabilidad al laboratorio farmac\u00e9utico por el defecto de informaci\u00f3n en el prospecto.<\/p>\n<p>Por \u00faltimo, destacar la cita doctrinal relativa a que si un f\u00e1rmaco produce efectos adversos ya conocidos al ponerlo en circulaci\u00f3n, pero se informa de ellos, aqu\u00e9l no podr\u00e1 considerarse defectuoso.<\/p>\n","protected":false},"excerpt":{"rendered":"<p>Antecedentes El Tribunal Supremo (TS) ha dictado una sentencia que confirma la dictada por la Secci\u00f3n 19\u00aa de la Audiencia Provincial de Barcelona (APB) en un caso en el que se reclamaba la responsabilidad de un laboratorio farmac\u00e9utico por los da\u00f1os ocasionados por un medicamento. La APB primero, y ahora el TS, declararon que el&#8230; <\/p>\n<div class=\"clear\"><\/div>\n<p><a href=\"https:\/\/faus-moliner.com\/ca\/la-informacion-los-efectos-adversos-contenga-prospecto-del-medicamento-fundamental-determinar-la-responsabilidad\/\" class=\"excerpt-read-more\">M\u00e9s informaci\u00f3<\/a><\/p>\n","protected":false},"author":1,"featured_media":0,"comment_status":"closed","ping_status":"closed","sticky":false,"template":"","format":"standard","meta":{"_acf_changed":false,"inline_featured_image":false,"footnotes":""},"categories":[272,331,286],"tags":[],"coauthors":[],"class_list":["post-15551","post","type-post","status-publish","format-standard","hentry","category-capsulas-ca","category-dret-farmaceutic-i-life-sciences-ca","category-dret-farmaceutic-i-life-sciences"],"acf":[],"yoast_head":"<!-- This site is optimized with the Yoast SEO plugin v26.6 - https:\/\/yoast.com\/wordpress\/plugins\/seo\/ -->\n<title>La informaci\u00f3n que de los efectos adversos contenga el prospecto del medicamento es fundamental para determinar la responsabilidad - Faus Moliner<\/title>\n<meta name=\"robots\" content=\"index, follow, max-snippet:-1, max-image-preview:large, max-video-preview:-1\" \/>\n<link rel=\"canonical\" href=\"https:\/\/faus-moliner.com\/ca\/la-informacion-los-efectos-adversos-contenga-prospecto-del-medicamento-fundamental-determinar-la-responsabilidad\/\" \/>\n<meta property=\"og:locale\" content=\"ca_ES\" \/>\n<meta property=\"og:type\" content=\"article\" \/>\n<meta property=\"og:title\" content=\"La informaci\u00f3n que de los efectos adversos contenga el prospecto del medicamento es fundamental para determinar la responsabilidad - Faus Moliner\" \/>\n<meta property=\"og:description\" content=\"Antecedentes El Tribunal Supremo (TS) ha dictado una sentencia que confirma la dictada por la Secci\u00f3n 19\u00aa de la Audiencia Provincial de Barcelona (APB) en un caso en el que se reclamaba la responsabilidad de un laboratorio farmac\u00e9utico por los da\u00f1os ocasionados por un medicamento. La APB primero, y ahora el TS, declararon que el... M\u00e9s informaci\u00f3\" \/>\n<meta property=\"og:url\" content=\"https:\/\/faus-moliner.com\/ca\/la-informacion-los-efectos-adversos-contenga-prospecto-del-medicamento-fundamental-determinar-la-responsabilidad\/\" \/>\n<meta property=\"og:site_name\" content=\"Faus Moliner\" \/>\n<meta property=\"article:published_time\" content=\"2012-06-12T12:58:23+00:00\" \/>\n<meta property=\"article:modified_time\" content=\"2017-05-16T15:23:50+00:00\" \/>\n<meta name=\"author\" content=\"Faus Moliner\" \/>\n<meta name=\"twitter:card\" content=\"summary_large_image\" \/>\n<meta name=\"twitter:label1\" content=\"Escrit per\" \/>\n\t<meta name=\"twitter:data1\" content=\"Faus Moliner\" \/>\n\t<meta name=\"twitter:label2\" content=\"Temps estimat de lectura\" \/>\n\t<meta name=\"twitter:data2\" content=\"2 minuts\" \/>\n\t<meta name=\"twitter:label3\" content=\"Written by\" \/>\n\t<meta name=\"twitter:data3\" content=\"Faus Moliner\" \/>\n<script type=\"application\/ld+json\" class=\"yoast-schema-graph\">{\"@context\":\"https:\/\/schema.org\",\"@graph\":[{\"@type\":\"Article\",\"@id\":\"https:\/\/faus-moliner.com\/ca\/la-informacion-los-efectos-adversos-contenga-prospecto-del-medicamento-fundamental-determinar-la-responsabilidad\/#article\",\"isPartOf\":{\"@id\":\"https:\/\/faus-moliner.com\/ca\/la-informacion-los-efectos-adversos-contenga-prospecto-del-medicamento-fundamental-determinar-la-responsabilidad\/\"},\"author\":{\"name\":\"Faus Moliner\",\"@id\":\"https:\/\/faus-moliner.com\/en\/#\/schema\/person\/b62ac2c67efed1b6f50872c1d6366f90\"},\"headline\":\"La informaci\u00f3n que de los efectos adversos contenga el prospecto del medicamento es fundamental para determinar la responsabilidad\",\"datePublished\":\"2012-06-12T12:58:23+00:00\",\"dateModified\":\"2017-05-16T15:23:50+00:00\",\"mainEntityOfPage\":{\"@id\":\"https:\/\/faus-moliner.com\/ca\/la-informacion-los-efectos-adversos-contenga-prospecto-del-medicamento-fundamental-determinar-la-responsabilidad\/\"},\"wordCount\":458,\"publisher\":{\"@id\":\"https:\/\/faus-moliner.com\/en\/#organization\"},\"articleSection\":[\"Capsulas\",\"Dret farmac\u00e8utic i \u201clife sciences\u201d\",\"Dret Farmac\u00e8utic i \u201cLife Sciences\u201d\"],\"inLanguage\":\"ca\"},{\"@type\":\"WebPage\",\"@id\":\"https:\/\/faus-moliner.com\/ca\/la-informacion-los-efectos-adversos-contenga-prospecto-del-medicamento-fundamental-determinar-la-responsabilidad\/\",\"url\":\"https:\/\/faus-moliner.com\/ca\/la-informacion-los-efectos-adversos-contenga-prospecto-del-medicamento-fundamental-determinar-la-responsabilidad\/\",\"name\":\"La informaci\u00f3n que de los efectos adversos contenga el prospecto del medicamento es fundamental para determinar la responsabilidad - Faus Moliner\",\"isPartOf\":{\"@id\":\"https:\/\/faus-moliner.com\/en\/#website\"},\"datePublished\":\"2012-06-12T12:58:23+00:00\",\"dateModified\":\"2017-05-16T15:23:50+00:00\",\"breadcrumb\":{\"@id\":\"https:\/\/faus-moliner.com\/ca\/la-informacion-los-efectos-adversos-contenga-prospecto-del-medicamento-fundamental-determinar-la-responsabilidad\/#breadcrumb\"},\"inLanguage\":\"ca\",\"potentialAction\":[{\"@type\":\"ReadAction\",\"target\":[\"https:\/\/faus-moliner.com\/ca\/la-informacion-los-efectos-adversos-contenga-prospecto-del-medicamento-fundamental-determinar-la-responsabilidad\/\"]}]},{\"@type\":\"BreadcrumbList\",\"@id\":\"https:\/\/faus-moliner.com\/ca\/la-informacion-los-efectos-adversos-contenga-prospecto-del-medicamento-fundamental-determinar-la-responsabilidad\/#breadcrumb\",\"itemListElement\":[{\"@type\":\"ListItem\",\"position\":1,\"name\":\"Portada\",\"item\":\"https:\/\/faus-moliner.com\/ca\/\"},{\"@type\":\"ListItem\",\"position\":2,\"name\":\"La informaci\u00f3n que de los efectos adversos contenga el prospecto del medicamento es fundamental para determinar la responsabilidad\"}]},{\"@type\":\"WebSite\",\"@id\":\"https:\/\/faus-moliner.com\/en\/#website\",\"url\":\"https:\/\/faus-moliner.com\/en\/\",\"name\":\"faus-moliner.com\",\"description\":\"Otro sitio realizado con WordPress\",\"publisher\":{\"@id\":\"https:\/\/faus-moliner.com\/en\/#organization\"},\"potentialAction\":[{\"@type\":\"SearchAction\",\"target\":{\"@type\":\"EntryPoint\",\"urlTemplate\":\"https:\/\/faus-moliner.com\/en\/?s={search_term_string}\"},\"query-input\":{\"@type\":\"PropertyValueSpecification\",\"valueRequired\":true,\"valueName\":\"search_term_string\"}}],\"inLanguage\":\"ca\"},{\"@type\":\"Organization\",\"@id\":\"https:\/\/faus-moliner.com\/en\/#organization\",\"name\":\"Faus Moliner\",\"url\":\"https:\/\/faus-moliner.com\/en\/\",\"logo\":{\"@type\":\"ImageObject\",\"inLanguage\":\"ca\",\"@id\":\"https:\/\/faus-moliner.com\/en\/#\/schema\/logo\/image\/\",\"url\":\"https:\/\/faus-moliner.com\/wp-content\/uploads\/2023\/03\/Logo-FM-web.jpg\",\"contentUrl\":\"https:\/\/faus-moliner.com\/wp-content\/uploads\/2023\/03\/Logo-FM-web.jpg\",\"width\":400,\"height\":283,\"caption\":\"Faus Moliner\"},\"image\":{\"@id\":\"https:\/\/faus-moliner.com\/en\/#\/schema\/logo\/image\/\"},\"sameAs\":[\"https:\/\/www.linkedin.com\/company\/2372042\/admin\/\"]},{\"@type\":\"Person\",\"@id\":\"https:\/\/faus-moliner.com\/en\/#\/schema\/person\/b62ac2c67efed1b6f50872c1d6366f90\",\"name\":\"Faus Moliner\",\"image\":{\"@type\":\"ImageObject\",\"inLanguage\":\"ca\",\"@id\":\"https:\/\/faus-moliner.com\/en\/#\/schema\/person\/image\/88610ef99b0aa1c93ca33c569a053dac\",\"url\":\"https:\/\/secure.gravatar.com\/avatar\/be7b0f78e7edd64676ce7ea245b31f149a0cffff4b139c25ac02aaa676c19d67?s=96&d=mm&r=g\",\"contentUrl\":\"https:\/\/secure.gravatar.com\/avatar\/be7b0f78e7edd64676ce7ea245b31f149a0cffff4b139c25ac02aaa676c19d67?s=96&d=mm&r=g\",\"caption\":\"Faus Moliner\"},\"url\":\"https:\/\/faus-moliner.com\/ca\/author\/moon\/\"}]}<\/script>\n<!-- \/ Yoast SEO plugin. -->","yoast_head_json":{"title":"La informaci\u00f3n que de los efectos adversos contenga el prospecto del medicamento es fundamental para determinar la responsabilidad - Faus Moliner","robots":{"index":"index","follow":"follow","max-snippet":"max-snippet:-1","max-image-preview":"max-image-preview:large","max-video-preview":"max-video-preview:-1"},"canonical":"https:\/\/faus-moliner.com\/ca\/la-informacion-los-efectos-adversos-contenga-prospecto-del-medicamento-fundamental-determinar-la-responsabilidad\/","og_locale":"ca_ES","og_type":"article","og_title":"La informaci\u00f3n que de los efectos adversos contenga el prospecto del medicamento es fundamental para determinar la responsabilidad - Faus Moliner","og_description":"Antecedentes El Tribunal Supremo (TS) ha dictado una sentencia que confirma la dictada por la Secci\u00f3n 19\u00aa de la Audiencia Provincial de Barcelona (APB) en un caso en el que se reclamaba la responsabilidad de un laboratorio farmac\u00e9utico por los da\u00f1os ocasionados por un medicamento. La APB primero, y ahora el TS, declararon que el... M\u00e9s informaci\u00f3","og_url":"https:\/\/faus-moliner.com\/ca\/la-informacion-los-efectos-adversos-contenga-prospecto-del-medicamento-fundamental-determinar-la-responsabilidad\/","og_site_name":"Faus Moliner","article_published_time":"2012-06-12T12:58:23+00:00","article_modified_time":"2017-05-16T15:23:50+00:00","author":"Faus Moliner","twitter_card":"summary_large_image","twitter_misc":{"Escrit per":"Faus Moliner","Temps estimat de lectura":"2 minuts","Written by":"Faus Moliner"},"schema":{"@context":"https:\/\/schema.org","@graph":[{"@type":"Article","@id":"https:\/\/faus-moliner.com\/ca\/la-informacion-los-efectos-adversos-contenga-prospecto-del-medicamento-fundamental-determinar-la-responsabilidad\/#article","isPartOf":{"@id":"https:\/\/faus-moliner.com\/ca\/la-informacion-los-efectos-adversos-contenga-prospecto-del-medicamento-fundamental-determinar-la-responsabilidad\/"},"author":{"name":"Faus Moliner","@id":"https:\/\/faus-moliner.com\/en\/#\/schema\/person\/b62ac2c67efed1b6f50872c1d6366f90"},"headline":"La informaci\u00f3n que de los efectos adversos contenga el prospecto del medicamento es fundamental para determinar la responsabilidad","datePublished":"2012-06-12T12:58:23+00:00","dateModified":"2017-05-16T15:23:50+00:00","mainEntityOfPage":{"@id":"https:\/\/faus-moliner.com\/ca\/la-informacion-los-efectos-adversos-contenga-prospecto-del-medicamento-fundamental-determinar-la-responsabilidad\/"},"wordCount":458,"publisher":{"@id":"https:\/\/faus-moliner.com\/en\/#organization"},"articleSection":["Capsulas","Dret farmac\u00e8utic i \u201clife sciences\u201d","Dret Farmac\u00e8utic i \u201cLife Sciences\u201d"],"inLanguage":"ca"},{"@type":"WebPage","@id":"https:\/\/faus-moliner.com\/ca\/la-informacion-los-efectos-adversos-contenga-prospecto-del-medicamento-fundamental-determinar-la-responsabilidad\/","url":"https:\/\/faus-moliner.com\/ca\/la-informacion-los-efectos-adversos-contenga-prospecto-del-medicamento-fundamental-determinar-la-responsabilidad\/","name":"La informaci\u00f3n que de los efectos adversos contenga el prospecto del medicamento es fundamental para determinar la responsabilidad - Faus Moliner","isPartOf":{"@id":"https:\/\/faus-moliner.com\/en\/#website"},"datePublished":"2012-06-12T12:58:23+00:00","dateModified":"2017-05-16T15:23:50+00:00","breadcrumb":{"@id":"https:\/\/faus-moliner.com\/ca\/la-informacion-los-efectos-adversos-contenga-prospecto-del-medicamento-fundamental-determinar-la-responsabilidad\/#breadcrumb"},"inLanguage":"ca","potentialAction":[{"@type":"ReadAction","target":["https:\/\/faus-moliner.com\/ca\/la-informacion-los-efectos-adversos-contenga-prospecto-del-medicamento-fundamental-determinar-la-responsabilidad\/"]}]},{"@type":"BreadcrumbList","@id":"https:\/\/faus-moliner.com\/ca\/la-informacion-los-efectos-adversos-contenga-prospecto-del-medicamento-fundamental-determinar-la-responsabilidad\/#breadcrumb","itemListElement":[{"@type":"ListItem","position":1,"name":"Portada","item":"https:\/\/faus-moliner.com\/ca\/"},{"@type":"ListItem","position":2,"name":"La informaci\u00f3n que de los efectos adversos contenga el prospecto del medicamento es fundamental para determinar la responsabilidad"}]},{"@type":"WebSite","@id":"https:\/\/faus-moliner.com\/en\/#website","url":"https:\/\/faus-moliner.com\/en\/","name":"faus-moliner.com","description":"Otro sitio realizado con WordPress","publisher":{"@id":"https:\/\/faus-moliner.com\/en\/#organization"},"potentialAction":[{"@type":"SearchAction","target":{"@type":"EntryPoint","urlTemplate":"https:\/\/faus-moliner.com\/en\/?s={search_term_string}"},"query-input":{"@type":"PropertyValueSpecification","valueRequired":true,"valueName":"search_term_string"}}],"inLanguage":"ca"},{"@type":"Organization","@id":"https:\/\/faus-moliner.com\/en\/#organization","name":"Faus Moliner","url":"https:\/\/faus-moliner.com\/en\/","logo":{"@type":"ImageObject","inLanguage":"ca","@id":"https:\/\/faus-moliner.com\/en\/#\/schema\/logo\/image\/","url":"https:\/\/faus-moliner.com\/wp-content\/uploads\/2023\/03\/Logo-FM-web.jpg","contentUrl":"https:\/\/faus-moliner.com\/wp-content\/uploads\/2023\/03\/Logo-FM-web.jpg","width":400,"height":283,"caption":"Faus Moliner"},"image":{"@id":"https:\/\/faus-moliner.com\/en\/#\/schema\/logo\/image\/"},"sameAs":["https:\/\/www.linkedin.com\/company\/2372042\/admin\/"]},{"@type":"Person","@id":"https:\/\/faus-moliner.com\/en\/#\/schema\/person\/b62ac2c67efed1b6f50872c1d6366f90","name":"Faus Moliner","image":{"@type":"ImageObject","inLanguage":"ca","@id":"https:\/\/faus-moliner.com\/en\/#\/schema\/person\/image\/88610ef99b0aa1c93ca33c569a053dac","url":"https:\/\/secure.gravatar.com\/avatar\/be7b0f78e7edd64676ce7ea245b31f149a0cffff4b139c25ac02aaa676c19d67?s=96&d=mm&r=g","contentUrl":"https:\/\/secure.gravatar.com\/avatar\/be7b0f78e7edd64676ce7ea245b31f149a0cffff4b139c25ac02aaa676c19d67?s=96&d=mm&r=g","caption":"Faus Moliner"},"url":"https:\/\/faus-moliner.com\/ca\/author\/moon\/"}]}},"_links":{"self":[{"href":"https:\/\/faus-moliner.com\/ca\/wp-json\/wp\/v2\/posts\/15551","targetHints":{"allow":["GET"]}}],"collection":[{"href":"https:\/\/faus-moliner.com\/ca\/wp-json\/wp\/v2\/posts"}],"about":[{"href":"https:\/\/faus-moliner.com\/ca\/wp-json\/wp\/v2\/types\/post"}],"author":[{"embeddable":true,"href":"https:\/\/faus-moliner.com\/ca\/wp-json\/wp\/v2\/users\/1"}],"replies":[{"embeddable":true,"href":"https:\/\/faus-moliner.com\/ca\/wp-json\/wp\/v2\/comments?post=15551"}],"version-history":[{"count":0,"href":"https:\/\/faus-moliner.com\/ca\/wp-json\/wp\/v2\/posts\/15551\/revisions"}],"wp:attachment":[{"href":"https:\/\/faus-moliner.com\/ca\/wp-json\/wp\/v2\/media?parent=15551"}],"wp:term":[{"taxonomy":"category","embeddable":true,"href":"https:\/\/faus-moliner.com\/ca\/wp-json\/wp\/v2\/categories?post=15551"},{"taxonomy":"post_tag","embeddable":true,"href":"https:\/\/faus-moliner.com\/ca\/wp-json\/wp\/v2\/tags?post=15551"},{"taxonomy":"author","embeddable":true,"href":"https:\/\/faus-moliner.com\/ca\/wp-json\/wp\/v2\/coauthors?post=15551"}],"curies":[{"name":"wp","href":"https:\/\/api.w.org\/{rel}","templated":true}]}}