{"id":17446,"date":"2018-03-12T11:48:10","date_gmt":"2018-03-12T10:48:10","guid":{"rendered":"https:\/\/faus-moliner.com\/ca\/comienza-la-cuenta-atras-la-aplicacion-del-reglamento-europeo-proteccion-datos\/"},"modified":"2018-03-12T11:53:19","modified_gmt":"2018-03-12T10:53:19","slug":"comienza-la-cuenta-atras-la-aplicacion-del-reglamento-europeo-proteccion-datos","status":"publish","type":"post","link":"https:\/\/faus-moliner.com\/ca\/comienza-la-cuenta-atras-la-aplicacion-del-reglamento-europeo-proteccion-datos\/","title":{"rendered":"Comienza la cuenta atr\u00e1s para la aplicaci\u00f3n del Reglamento Europeo de Protecci\u00f3n de Datos"},"content":{"rendered":"<p>El pr\u00f3ximo 25 de mayo ser\u00e1 aplicable el Reglamento General de Protecci\u00f3n de Datos (RGPD). A partir de esa fecha, el RGPD ser\u00e1 la norma de referencia y las actuales regulaciones de cada Estado Miembro quedar\u00e1n derogadas. As\u00ed, en Espa\u00f1a, quedar\u00e1 derogada la Ley Org\u00e1nica 15\/1999, de Protecci\u00f3n de Datos.<\/p>\n<p>Muchos de los conceptos y mecanismos que contiene el RGPD ya est\u00e1n previstos de forma muy similar en la normativa actualmente vigente. Por ello, las compa\u00f1\u00edas que hoy en d\u00eda vienen cumpliendo con la normativa actual tienen una buena base para progresar hacia una correcta aplicaci\u00f3n del RGPD. No obstante, el RGPD s\u00ed modifica ciertas bases del r\u00e9gimen actual y contiene nuevas obligaciones. A continuaci\u00f3n nos referimos a algunas de las que consideramos m\u00e1s relevantes.<\/p>\n<p><strong>Principio de responsabilidad<\/strong><\/p>\n<p>A partir de ahora quienes traten datos personales ya no deber\u00e1n inscribir los ficheros en la Agencia de Protecci\u00f3n de Datos, ni tampoco disponer de un documento de seguridad. El RGPD no exige el cumplimiento de unas formalidades concretas, sino que deja a cada compa\u00f1\u00eda la libertad de organizarse como crea conveniente para cumplir con el RGPD. Para ello, deber\u00e1n realizar evaluaciones de impacto, analizando los posibles riesgos en el uso de datos personales, en funci\u00f3n de qu\u00e9 datos traten, c\u00f3mo los traten y con qu\u00e9 finalidad. Es conveniente que todos estos procesos est\u00e9n documentados, al objeto de poder demostrar que se cumple con el RGPD.<\/p>\n<p><strong>Informaci\u00f3n y consentimiento<\/strong><\/p>\n<p>Para conseguir una mayor transparencia, la informaci\u00f3n que se debe facilitar al interesado cuyos datos se vayan a utilizar deber\u00e1 ser m\u00e1s completa, y se proporcionar\u00e1 de modo conciso y con un lenguaje sencillo. Por su parte, el consentimiento que preste dicho interesado ahora deber\u00e1 ser \u201cinequ\u00edvoco\u201d, es decir, mediante una clara acci\u00f3n afirmativa del interesado. No resultar\u00e1 ya admisible el consentimiento otorgado de forma t\u00e1cita. Cuando se recojan datos de salud, biom\u00e9tricos o gen\u00e9ticos, dicho consentimiento deber\u00e1 ser, adem\u00e1s, expl\u00edcito.<\/p>\n<p><strong>Implicaciones pr\u00e1cticas<\/strong><\/p>\n<p>Aunque las compa\u00f1\u00edas puedan estar al d\u00eda de sus obligaciones en materia de protecci\u00f3n de datos, es muy recomendable que revisen su forma de actuar en este \u00e1mbito. En particular, es recomendable revisar el contenido de las cl\u00e1usulas informativas y la forma en que se obtienen los consentimientos. Tambi\u00e9n conviene revisar las pol\u00edticas de privacidad y los concretos procedimientos que puedan tener implementados las compa\u00f1\u00edas para, en caso de ser necesario, adaptarlos a las exigencias del RGPD.<\/p>\n<p>Algunos aspectos del RGPD ser\u00e1n complementados por la nueva ley de protecci\u00f3n de datos que en los pr\u00f3ximos meses se aprobar\u00e1 en Espa\u00f1a. Nos referiremos a estas cuestiones en pr\u00f3ximos C\u00e1psulas.<\/p>\n","protected":false},"excerpt":{"rendered":"<p>El pr\u00f3ximo 25 de mayo ser\u00e1 aplicable el Reglamento General de Protecci\u00f3n de Datos (RGPD). A partir de esa fecha, el RGPD ser\u00e1 la norma de referencia y las actuales regulaciones de cada Estado Miembro quedar\u00e1n derogadas. As\u00ed, en Espa\u00f1a, quedar\u00e1 derogada la Ley Org\u00e1nica 15\/1999, de Protecci\u00f3n de Datos. Muchos de los conceptos y&#8230; <\/p>\n<div class=\"clear\"><\/div>\n<p><a href=\"https:\/\/faus-moliner.com\/ca\/comienza-la-cuenta-atras-la-aplicacion-del-reglamento-europeo-proteccion-datos\/\" class=\"excerpt-read-more\">M\u00e9s informaci\u00f3<\/a><\/p>\n","protected":false},"author":4,"featured_media":0,"comment_status":"closed","ping_status":"closed","sticky":false,"template":"","format":"standard","meta":{"_acf_changed":false,"inline_featured_image":false,"footnotes":""},"categories":[272,286,313],"tags":[],"coauthors":[],"class_list":["post-17446","post","type-post","status-publish","format-standard","hentry","category-capsulas-ca","category-dret-farmaceutic-i-life-sciences","category-proteccio-de-dades-personals"],"acf":[],"yoast_head":"<!-- This site is optimized with the Yoast SEO plugin v26.6 - https:\/\/yoast.com\/wordpress\/plugins\/seo\/ -->\n<title>Comienza la cuenta atr\u00e1s para la aplicaci\u00f3n del Reglamento Europeo de Protecci\u00f3n de Datos - Faus Moliner<\/title>\n<meta name=\"robots\" content=\"index, follow, max-snippet:-1, max-image-preview:large, max-video-preview:-1\" \/>\n<link rel=\"canonical\" href=\"https:\/\/faus-moliner.com\/ca\/comienza-la-cuenta-atras-la-aplicacion-del-reglamento-europeo-proteccion-datos\/\" \/>\n<meta property=\"og:locale\" content=\"ca_ES\" \/>\n<meta property=\"og:type\" content=\"article\" \/>\n<meta property=\"og:title\" content=\"Comienza la cuenta atr\u00e1s para la aplicaci\u00f3n del Reglamento Europeo de Protecci\u00f3n de Datos - Faus Moliner\" \/>\n<meta property=\"og:description\" content=\"El pr\u00f3ximo 25 de mayo ser\u00e1 aplicable el Reglamento General de Protecci\u00f3n de Datos (RGPD). A partir de esa fecha, el RGPD ser\u00e1 la norma de referencia y las actuales regulaciones de cada Estado Miembro quedar\u00e1n derogadas. As\u00ed, en Espa\u00f1a, quedar\u00e1 derogada la Ley Org\u00e1nica 15\/1999, de Protecci\u00f3n de Datos. Muchos de los conceptos y... M\u00e9s informaci\u00f3\" \/>\n<meta property=\"og:url\" content=\"https:\/\/faus-moliner.com\/ca\/comienza-la-cuenta-atras-la-aplicacion-del-reglamento-europeo-proteccion-datos\/\" \/>\n<meta property=\"og:site_name\" content=\"Faus Moliner\" \/>\n<meta property=\"article:published_time\" content=\"2018-03-12T10:48:10+00:00\" \/>\n<meta property=\"article:modified_time\" content=\"2018-03-12T10:53:19+00:00\" \/>\n<meta name=\"author\" content=\"Eduard Rodellar\" \/>\n<meta name=\"twitter:card\" content=\"summary_large_image\" \/>\n<meta name=\"twitter:label1\" content=\"Escrit per\" \/>\n\t<meta name=\"twitter:data1\" content=\"Eduard Rodellar\" \/>\n\t<meta name=\"twitter:label2\" content=\"Temps estimat de lectura\" \/>\n\t<meta name=\"twitter:data2\" content=\"2 minuts\" \/>\n\t<meta name=\"twitter:label3\" content=\"Written by\" \/>\n\t<meta name=\"twitter:data3\" content=\"Eduard Rodellar\" \/>\n<script type=\"application\/ld+json\" class=\"yoast-schema-graph\">{\"@context\":\"https:\/\/schema.org\",\"@graph\":[{\"@type\":\"Article\",\"@id\":\"https:\/\/faus-moliner.com\/ca\/comienza-la-cuenta-atras-la-aplicacion-del-reglamento-europeo-proteccion-datos\/#article\",\"isPartOf\":{\"@id\":\"https:\/\/faus-moliner.com\/ca\/comienza-la-cuenta-atras-la-aplicacion-del-reglamento-europeo-proteccion-datos\/\"},\"author\":{\"name\":\"Eduard Rodellar\",\"@id\":\"https:\/\/faus-moliner.com\/en\/#\/schema\/person\/36362ccca77f6c57f2fccef017f3a68d\"},\"headline\":\"Comienza la cuenta atr\u00e1s para la aplicaci\u00f3n del Reglamento Europeo de Protecci\u00f3n de Datos\",\"datePublished\":\"2018-03-12T10:48:10+00:00\",\"dateModified\":\"2018-03-12T10:53:19+00:00\",\"mainEntityOfPage\":{\"@id\":\"https:\/\/faus-moliner.com\/ca\/comienza-la-cuenta-atras-la-aplicacion-del-reglamento-europeo-proteccion-datos\/\"},\"wordCount\":487,\"publisher\":{\"@id\":\"https:\/\/faus-moliner.com\/en\/#organization\"},\"articleSection\":[\"Capsulas\",\"Dret Farmac\u00e8utic i \u201cLife Sciences\u201d\",\"Protecci\u00f3 de Dades Personals\"],\"inLanguage\":\"ca\"},{\"@type\":\"WebPage\",\"@id\":\"https:\/\/faus-moliner.com\/ca\/comienza-la-cuenta-atras-la-aplicacion-del-reglamento-europeo-proteccion-datos\/\",\"url\":\"https:\/\/faus-moliner.com\/ca\/comienza-la-cuenta-atras-la-aplicacion-del-reglamento-europeo-proteccion-datos\/\",\"name\":\"Comienza la cuenta atr\u00e1s para la aplicaci\u00f3n del Reglamento Europeo de Protecci\u00f3n de Datos - Faus Moliner\",\"isPartOf\":{\"@id\":\"https:\/\/faus-moliner.com\/en\/#website\"},\"datePublished\":\"2018-03-12T10:48:10+00:00\",\"dateModified\":\"2018-03-12T10:53:19+00:00\",\"breadcrumb\":{\"@id\":\"https:\/\/faus-moliner.com\/ca\/comienza-la-cuenta-atras-la-aplicacion-del-reglamento-europeo-proteccion-datos\/#breadcrumb\"},\"inLanguage\":\"ca\",\"potentialAction\":[{\"@type\":\"ReadAction\",\"target\":[\"https:\/\/faus-moliner.com\/ca\/comienza-la-cuenta-atras-la-aplicacion-del-reglamento-europeo-proteccion-datos\/\"]}]},{\"@type\":\"BreadcrumbList\",\"@id\":\"https:\/\/faus-moliner.com\/ca\/comienza-la-cuenta-atras-la-aplicacion-del-reglamento-europeo-proteccion-datos\/#breadcrumb\",\"itemListElement\":[{\"@type\":\"ListItem\",\"position\":1,\"name\":\"Portada\",\"item\":\"https:\/\/faus-moliner.com\/ca\/\"},{\"@type\":\"ListItem\",\"position\":2,\"name\":\"Comienza la cuenta atr\u00e1s para la aplicaci\u00f3n del Reglamento Europeo de Protecci\u00f3n de Datos\"}]},{\"@type\":\"WebSite\",\"@id\":\"https:\/\/faus-moliner.com\/en\/#website\",\"url\":\"https:\/\/faus-moliner.com\/en\/\",\"name\":\"faus-moliner.com\",\"description\":\"Otro sitio realizado con WordPress\",\"publisher\":{\"@id\":\"https:\/\/faus-moliner.com\/en\/#organization\"},\"potentialAction\":[{\"@type\":\"SearchAction\",\"target\":{\"@type\":\"EntryPoint\",\"urlTemplate\":\"https:\/\/faus-moliner.com\/en\/?s={search_term_string}\"},\"query-input\":{\"@type\":\"PropertyValueSpecification\",\"valueRequired\":true,\"valueName\":\"search_term_string\"}}],\"inLanguage\":\"ca\"},{\"@type\":\"Organization\",\"@id\":\"https:\/\/faus-moliner.com\/en\/#organization\",\"name\":\"Faus Moliner\",\"url\":\"https:\/\/faus-moliner.com\/en\/\",\"logo\":{\"@type\":\"ImageObject\",\"inLanguage\":\"ca\",\"@id\":\"https:\/\/faus-moliner.com\/en\/#\/schema\/logo\/image\/\",\"url\":\"https:\/\/faus-moliner.com\/wp-content\/uploads\/2023\/03\/Logo-FM-web.jpg\",\"contentUrl\":\"https:\/\/faus-moliner.com\/wp-content\/uploads\/2023\/03\/Logo-FM-web.jpg\",\"width\":400,\"height\":283,\"caption\":\"Faus Moliner\"},\"image\":{\"@id\":\"https:\/\/faus-moliner.com\/en\/#\/schema\/logo\/image\/\"},\"sameAs\":[\"https:\/\/www.linkedin.com\/company\/2372042\/admin\/\"]},{\"@type\":\"Person\",\"@id\":\"https:\/\/faus-moliner.com\/en\/#\/schema\/person\/36362ccca77f6c57f2fccef017f3a68d\",\"name\":\"Eduard Rodellar\",\"image\":{\"@type\":\"ImageObject\",\"inLanguage\":\"ca\",\"@id\":\"https:\/\/faus-moliner.com\/en\/#\/schema\/person\/image\/a2146d4cf6ce4c7ff27f8c440456d75f\",\"url\":\"https:\/\/secure.gravatar.com\/avatar\/47ee41ba3e7c7d22e8410c69af8151c1c9433c77bece744578f8be786b687174?s=96&d=mm&r=g\",\"contentUrl\":\"https:\/\/secure.gravatar.com\/avatar\/47ee41ba3e7c7d22e8410c69af8151c1c9433c77bece744578f8be786b687174?s=96&d=mm&r=g\",\"caption\":\"Eduard Rodellar\"},\"sameAs\":[\"https:\/\/faus-moliner.com\/\"],\"url\":\"https:\/\/faus-moliner.com\/ca\/author\/eduard-rodellar\/\"}]}<\/script>\n<!-- \/ Yoast SEO plugin. -->","yoast_head_json":{"title":"Comienza la cuenta atr\u00e1s para la aplicaci\u00f3n del Reglamento Europeo de Protecci\u00f3n de Datos - Faus Moliner","robots":{"index":"index","follow":"follow","max-snippet":"max-snippet:-1","max-image-preview":"max-image-preview:large","max-video-preview":"max-video-preview:-1"},"canonical":"https:\/\/faus-moliner.com\/ca\/comienza-la-cuenta-atras-la-aplicacion-del-reglamento-europeo-proteccion-datos\/","og_locale":"ca_ES","og_type":"article","og_title":"Comienza la cuenta atr\u00e1s para la aplicaci\u00f3n del Reglamento Europeo de Protecci\u00f3n de Datos - Faus Moliner","og_description":"El pr\u00f3ximo 25 de mayo ser\u00e1 aplicable el Reglamento General de Protecci\u00f3n de Datos (RGPD). A partir de esa fecha, el RGPD ser\u00e1 la norma de referencia y las actuales regulaciones de cada Estado Miembro quedar\u00e1n derogadas. As\u00ed, en Espa\u00f1a, quedar\u00e1 derogada la Ley Org\u00e1nica 15\/1999, de Protecci\u00f3n de Datos. Muchos de los conceptos y... M\u00e9s informaci\u00f3","og_url":"https:\/\/faus-moliner.com\/ca\/comienza-la-cuenta-atras-la-aplicacion-del-reglamento-europeo-proteccion-datos\/","og_site_name":"Faus Moliner","article_published_time":"2018-03-12T10:48:10+00:00","article_modified_time":"2018-03-12T10:53:19+00:00","author":"Eduard Rodellar","twitter_card":"summary_large_image","twitter_misc":{"Escrit per":"Eduard Rodellar","Temps estimat de lectura":"2 minuts","Written by":"Eduard Rodellar"},"schema":{"@context":"https:\/\/schema.org","@graph":[{"@type":"Article","@id":"https:\/\/faus-moliner.com\/ca\/comienza-la-cuenta-atras-la-aplicacion-del-reglamento-europeo-proteccion-datos\/#article","isPartOf":{"@id":"https:\/\/faus-moliner.com\/ca\/comienza-la-cuenta-atras-la-aplicacion-del-reglamento-europeo-proteccion-datos\/"},"author":{"name":"Eduard Rodellar","@id":"https:\/\/faus-moliner.com\/en\/#\/schema\/person\/36362ccca77f6c57f2fccef017f3a68d"},"headline":"Comienza la cuenta atr\u00e1s para la aplicaci\u00f3n del Reglamento Europeo de Protecci\u00f3n de Datos","datePublished":"2018-03-12T10:48:10+00:00","dateModified":"2018-03-12T10:53:19+00:00","mainEntityOfPage":{"@id":"https:\/\/faus-moliner.com\/ca\/comienza-la-cuenta-atras-la-aplicacion-del-reglamento-europeo-proteccion-datos\/"},"wordCount":487,"publisher":{"@id":"https:\/\/faus-moliner.com\/en\/#organization"},"articleSection":["Capsulas","Dret Farmac\u00e8utic i \u201cLife Sciences\u201d","Protecci\u00f3 de Dades Personals"],"inLanguage":"ca"},{"@type":"WebPage","@id":"https:\/\/faus-moliner.com\/ca\/comienza-la-cuenta-atras-la-aplicacion-del-reglamento-europeo-proteccion-datos\/","url":"https:\/\/faus-moliner.com\/ca\/comienza-la-cuenta-atras-la-aplicacion-del-reglamento-europeo-proteccion-datos\/","name":"Comienza la cuenta atr\u00e1s para la aplicaci\u00f3n del Reglamento Europeo de Protecci\u00f3n de Datos - Faus Moliner","isPartOf":{"@id":"https:\/\/faus-moliner.com\/en\/#website"},"datePublished":"2018-03-12T10:48:10+00:00","dateModified":"2018-03-12T10:53:19+00:00","breadcrumb":{"@id":"https:\/\/faus-moliner.com\/ca\/comienza-la-cuenta-atras-la-aplicacion-del-reglamento-europeo-proteccion-datos\/#breadcrumb"},"inLanguage":"ca","potentialAction":[{"@type":"ReadAction","target":["https:\/\/faus-moliner.com\/ca\/comienza-la-cuenta-atras-la-aplicacion-del-reglamento-europeo-proteccion-datos\/"]}]},{"@type":"BreadcrumbList","@id":"https:\/\/faus-moliner.com\/ca\/comienza-la-cuenta-atras-la-aplicacion-del-reglamento-europeo-proteccion-datos\/#breadcrumb","itemListElement":[{"@type":"ListItem","position":1,"name":"Portada","item":"https:\/\/faus-moliner.com\/ca\/"},{"@type":"ListItem","position":2,"name":"Comienza la cuenta atr\u00e1s para la aplicaci\u00f3n del Reglamento Europeo de Protecci\u00f3n de Datos"}]},{"@type":"WebSite","@id":"https:\/\/faus-moliner.com\/en\/#website","url":"https:\/\/faus-moliner.com\/en\/","name":"faus-moliner.com","description":"Otro sitio realizado con WordPress","publisher":{"@id":"https:\/\/faus-moliner.com\/en\/#organization"},"potentialAction":[{"@type":"SearchAction","target":{"@type":"EntryPoint","urlTemplate":"https:\/\/faus-moliner.com\/en\/?s={search_term_string}"},"query-input":{"@type":"PropertyValueSpecification","valueRequired":true,"valueName":"search_term_string"}}],"inLanguage":"ca"},{"@type":"Organization","@id":"https:\/\/faus-moliner.com\/en\/#organization","name":"Faus Moliner","url":"https:\/\/faus-moliner.com\/en\/","logo":{"@type":"ImageObject","inLanguage":"ca","@id":"https:\/\/faus-moliner.com\/en\/#\/schema\/logo\/image\/","url":"https:\/\/faus-moliner.com\/wp-content\/uploads\/2023\/03\/Logo-FM-web.jpg","contentUrl":"https:\/\/faus-moliner.com\/wp-content\/uploads\/2023\/03\/Logo-FM-web.jpg","width":400,"height":283,"caption":"Faus Moliner"},"image":{"@id":"https:\/\/faus-moliner.com\/en\/#\/schema\/logo\/image\/"},"sameAs":["https:\/\/www.linkedin.com\/company\/2372042\/admin\/"]},{"@type":"Person","@id":"https:\/\/faus-moliner.com\/en\/#\/schema\/person\/36362ccca77f6c57f2fccef017f3a68d","name":"Eduard Rodellar","image":{"@type":"ImageObject","inLanguage":"ca","@id":"https:\/\/faus-moliner.com\/en\/#\/schema\/person\/image\/a2146d4cf6ce4c7ff27f8c440456d75f","url":"https:\/\/secure.gravatar.com\/avatar\/47ee41ba3e7c7d22e8410c69af8151c1c9433c77bece744578f8be786b687174?s=96&d=mm&r=g","contentUrl":"https:\/\/secure.gravatar.com\/avatar\/47ee41ba3e7c7d22e8410c69af8151c1c9433c77bece744578f8be786b687174?s=96&d=mm&r=g","caption":"Eduard Rodellar"},"sameAs":["https:\/\/faus-moliner.com\/"],"url":"https:\/\/faus-moliner.com\/ca\/author\/eduard-rodellar\/"}]}},"_links":{"self":[{"href":"https:\/\/faus-moliner.com\/ca\/wp-json\/wp\/v2\/posts\/17446","targetHints":{"allow":["GET"]}}],"collection":[{"href":"https:\/\/faus-moliner.com\/ca\/wp-json\/wp\/v2\/posts"}],"about":[{"href":"https:\/\/faus-moliner.com\/ca\/wp-json\/wp\/v2\/types\/post"}],"author":[{"embeddable":true,"href":"https:\/\/faus-moliner.com\/ca\/wp-json\/wp\/v2\/users\/4"}],"replies":[{"embeddable":true,"href":"https:\/\/faus-moliner.com\/ca\/wp-json\/wp\/v2\/comments?post=17446"}],"version-history":[{"count":0,"href":"https:\/\/faus-moliner.com\/ca\/wp-json\/wp\/v2\/posts\/17446\/revisions"}],"wp:attachment":[{"href":"https:\/\/faus-moliner.com\/ca\/wp-json\/wp\/v2\/media?parent=17446"}],"wp:term":[{"taxonomy":"category","embeddable":true,"href":"https:\/\/faus-moliner.com\/ca\/wp-json\/wp\/v2\/categories?post=17446"},{"taxonomy":"post_tag","embeddable":true,"href":"https:\/\/faus-moliner.com\/ca\/wp-json\/wp\/v2\/tags?post=17446"},{"taxonomy":"author","embeddable":true,"href":"https:\/\/faus-moliner.com\/ca\/wp-json\/wp\/v2\/coauthors?post=17446"}],"curies":[{"name":"wp","href":"https:\/\/api.w.org\/{rel}","templated":true}]}}