{"id":18530,"date":"2018-09-19T17:44:44","date_gmt":"2018-09-19T16:44:44","guid":{"rendered":"https:\/\/faus-moliner.com\/ca\/faus-moliner-participa-seminario-cefi-aspectos-practicos-del-derecho-la-competencia-sector-farmaceutico\/"},"modified":"2018-09-25T10:29:49","modified_gmt":"2018-09-25T09:29:49","slug":"faus-moliner-participa-al-seminari-cefi-sobre-aspectes-practics-del-dret-de-la-competencia-al-sector-farmaceutic","status":"publish","type":"post","link":"https:\/\/faus-moliner.com\/ca\/faus-moliner-participa-al-seminari-cefi-sobre-aspectes-practics-del-dret-de-la-competencia-al-sector-farmaceutic\/","title":{"rendered":"Faus &#038; Moliner participa al Seminari CEFI sobre aspectes pr\u00e0ctics del Dret de la compet\u00e8ncia al sector farmac\u00e8utic"},"content":{"rendered":"<p>L\u2019aplicaci\u00f3 del dret de la compet\u00e8ncia a les activitats del sector farmac\u00e8utic planteja reptes espec\u00edfics derivats de les caracter\u00edstiques peculiars d\u2019aquest mercat.<\/p>\n<p>En aquest Seminari organitzat per CEFI, en Jordi Faus ha tractat sobre l\u2019impacte d\u2019aquesta normativa amb relaci\u00f3 a les ofertes, descomptes i altres pr\u00e0ctiques al mercat retail i hospitalari.<\/p>\n<p>En l\u2019\u00e0mbit del mercat retail, la possibilitat d\u2019oferir descomptes es preveu a la Llei de Garanties i \u00das Racional dels Medicaments, i queda subjecta a que no s\u2019incentivi la compra d\u2019un producte enfront dels seus competidors. En Jordi Faus ent\u00e9n que aquesta previsi\u00f3 legal pot interpretar-se en el sentit de que les ofertes que es realitzin a les oficines de farm\u00e0cia no poden incloure pactes de compra exclusiva.<\/p>\n<p>En relaci\u00f3 amb l\u2019\u00e0mbit hospitalari, en Jordi Faus ha exposat la dificultat de definir el mercat rellevant del producte. En aquest sentit, la seva opini\u00f3 \u00e9s que la posici\u00f3 que adopti l\u2019\u00f2rgan de contractaci\u00f3 a l\u2019hora de definir l\u2019objecte del contracte als plecs corresponents ha de ser un element a tenir en compte. Aquesta q\u00fcesti\u00f3 \u00e9s de gran import\u00e0ncia donat que la definici\u00f3 del mercat rellevant de producte \u00e9s determinant per analitzar si una empresa t\u00e9 posici\u00f3 de domini o no.<\/p>\n<p>A la seva presentaci\u00f3, en Jordi Faus ha exposat algunes idees pr\u00e0ctiques a considerar en relaci\u00f3 amb les ofertes conjuntes (tying, bundling i descomptes creuats), els descomptes que poden considerar-se predatoris; i els descomptes de fidelitat.<\/p>\n","protected":false},"excerpt":{"rendered":"<p>L\u2019aplicaci\u00f3 del dret de la compet\u00e8ncia a les activitats del sector farmac\u00e8utic planteja reptes espec\u00edfics derivats de les caracter\u00edstiques peculiars d\u2019aquest mercat. En aquest Seminari organitzat per CEFI, en Jordi Faus ha tractat sobre l\u2019impacte d\u2019aquesta normativa amb relaci\u00f3 a les ofertes, descomptes i altres pr\u00e0ctiques al mercat retail i hospitalari. En l\u2019\u00e0mbit del mercat&#8230; <\/p>\n<div class=\"clear\"><\/div>\n<p><a href=\"https:\/\/faus-moliner.com\/ca\/faus-moliner-participa-al-seminari-cefi-sobre-aspectes-practics-del-dret-de-la-competencia-al-sector-farmaceutic\/\" class=\"excerpt-read-more\">M\u00e9s informaci\u00f3<\/a><\/p>\n","protected":false},"author":1,"featured_media":0,"comment_status":"closed","ping_status":"closed","sticky":false,"template":"","format":"standard","meta":{"_acf_changed":false,"inline_featured_image":false,"footnotes":""},"categories":[356],"tags":[],"coauthors":[],"class_list":["post-18530","post","type-post","status-publish","format-standard","hentry","category-noticies-i-events"],"acf":[],"yoast_head":"<!-- This site is optimized with the Yoast SEO plugin v26.6 - https:\/\/yoast.com\/wordpress\/plugins\/seo\/ -->\n<title>Faus &amp; Moliner participa al Seminari CEFI sobre aspectes pr\u00e0ctics del Dret de la compet\u00e8ncia al sector farmac\u00e8utic - Faus Moliner<\/title>\n<meta name=\"robots\" content=\"index, follow, max-snippet:-1, max-image-preview:large, max-video-preview:-1\" \/>\n<link rel=\"canonical\" href=\"https:\/\/faus-moliner.com\/ca\/faus-moliner-participa-al-seminari-cefi-sobre-aspectes-practics-del-dret-de-la-competencia-al-sector-farmaceutic\/\" \/>\n<meta property=\"og:locale\" content=\"ca_ES\" \/>\n<meta property=\"og:type\" content=\"article\" \/>\n<meta property=\"og:title\" content=\"Faus &amp; Moliner participa al Seminari CEFI sobre aspectes pr\u00e0ctics del Dret de la compet\u00e8ncia al sector farmac\u00e8utic - Faus Moliner\" \/>\n<meta property=\"og:description\" content=\"L\u2019aplicaci\u00f3 del dret de la compet\u00e8ncia a les activitats del sector farmac\u00e8utic planteja reptes espec\u00edfics derivats de les caracter\u00edstiques peculiars d\u2019aquest mercat. En aquest Seminari organitzat per CEFI, en Jordi Faus ha tractat sobre l\u2019impacte d\u2019aquesta normativa amb relaci\u00f3 a les ofertes, descomptes i altres pr\u00e0ctiques al mercat retail i hospitalari. En l\u2019\u00e0mbit del mercat... M\u00e9s informaci\u00f3\" \/>\n<meta property=\"og:url\" content=\"https:\/\/faus-moliner.com\/ca\/faus-moliner-participa-al-seminari-cefi-sobre-aspectes-practics-del-dret-de-la-competencia-al-sector-farmaceutic\/\" \/>\n<meta property=\"og:site_name\" content=\"Faus Moliner\" \/>\n<meta property=\"article:published_time\" content=\"2018-09-19T16:44:44+00:00\" \/>\n<meta property=\"article:modified_time\" content=\"2018-09-25T09:29:49+00:00\" \/>\n<meta name=\"author\" content=\"Faus Moliner\" \/>\n<meta name=\"twitter:card\" content=\"summary_large_image\" \/>\n<meta name=\"twitter:label1\" content=\"Escrit per\" \/>\n\t<meta name=\"twitter:data1\" content=\"Faus Moliner\" \/>\n\t<meta name=\"twitter:label2\" content=\"Temps estimat de lectura\" \/>\n\t<meta name=\"twitter:data2\" content=\"1 minut\" \/>\n\t<meta name=\"twitter:label3\" content=\"Written by\" \/>\n\t<meta name=\"twitter:data3\" content=\"Faus Moliner\" \/>\n<script type=\"application\/ld+json\" class=\"yoast-schema-graph\">{\"@context\":\"https:\/\/schema.org\",\"@graph\":[{\"@type\":\"Article\",\"@id\":\"https:\/\/faus-moliner.com\/ca\/faus-moliner-participa-al-seminari-cefi-sobre-aspectes-practics-del-dret-de-la-competencia-al-sector-farmaceutic\/#article\",\"isPartOf\":{\"@id\":\"https:\/\/faus-moliner.com\/ca\/faus-moliner-participa-al-seminari-cefi-sobre-aspectes-practics-del-dret-de-la-competencia-al-sector-farmaceutic\/\"},\"author\":{\"name\":\"Faus Moliner\",\"@id\":\"https:\/\/faus-moliner.com\/en\/#\/schema\/person\/b62ac2c67efed1b6f50872c1d6366f90\"},\"headline\":\"Faus &#038; Moliner participa al Seminari CEFI sobre aspectes pr\u00e0ctics del Dret de la compet\u00e8ncia al sector farmac\u00e8utic\",\"datePublished\":\"2018-09-19T16:44:44+00:00\",\"dateModified\":\"2018-09-25T09:29:49+00:00\",\"mainEntityOfPage\":{\"@id\":\"https:\/\/faus-moliner.com\/ca\/faus-moliner-participa-al-seminari-cefi-sobre-aspectes-practics-del-dret-de-la-competencia-al-sector-farmaceutic\/\"},\"wordCount\":278,\"publisher\":{\"@id\":\"https:\/\/faus-moliner.com\/en\/#organization\"},\"articleSection\":[\"Not\u00edcies i events\"],\"inLanguage\":\"ca\"},{\"@type\":\"WebPage\",\"@id\":\"https:\/\/faus-moliner.com\/ca\/faus-moliner-participa-al-seminari-cefi-sobre-aspectes-practics-del-dret-de-la-competencia-al-sector-farmaceutic\/\",\"url\":\"https:\/\/faus-moliner.com\/ca\/faus-moliner-participa-al-seminari-cefi-sobre-aspectes-practics-del-dret-de-la-competencia-al-sector-farmaceutic\/\",\"name\":\"Faus & Moliner participa al Seminari CEFI sobre aspectes pr\u00e0ctics del Dret de la compet\u00e8ncia al sector farmac\u00e8utic - Faus Moliner\",\"isPartOf\":{\"@id\":\"https:\/\/faus-moliner.com\/en\/#website\"},\"datePublished\":\"2018-09-19T16:44:44+00:00\",\"dateModified\":\"2018-09-25T09:29:49+00:00\",\"breadcrumb\":{\"@id\":\"https:\/\/faus-moliner.com\/ca\/faus-moliner-participa-al-seminari-cefi-sobre-aspectes-practics-del-dret-de-la-competencia-al-sector-farmaceutic\/#breadcrumb\"},\"inLanguage\":\"ca\",\"potentialAction\":[{\"@type\":\"ReadAction\",\"target\":[\"https:\/\/faus-moliner.com\/ca\/faus-moliner-participa-al-seminari-cefi-sobre-aspectes-practics-del-dret-de-la-competencia-al-sector-farmaceutic\/\"]}]},{\"@type\":\"BreadcrumbList\",\"@id\":\"https:\/\/faus-moliner.com\/ca\/faus-moliner-participa-al-seminari-cefi-sobre-aspectes-practics-del-dret-de-la-competencia-al-sector-farmaceutic\/#breadcrumb\",\"itemListElement\":[{\"@type\":\"ListItem\",\"position\":1,\"name\":\"Portada\",\"item\":\"https:\/\/faus-moliner.com\/ca\/\"},{\"@type\":\"ListItem\",\"position\":2,\"name\":\"Faus &#038; Moliner participa al Seminari CEFI sobre aspectes pr\u00e0ctics del Dret de la compet\u00e8ncia al sector farmac\u00e8utic\"}]},{\"@type\":\"WebSite\",\"@id\":\"https:\/\/faus-moliner.com\/en\/#website\",\"url\":\"https:\/\/faus-moliner.com\/en\/\",\"name\":\"faus-moliner.com\",\"description\":\"Otro sitio realizado con WordPress\",\"publisher\":{\"@id\":\"https:\/\/faus-moliner.com\/en\/#organization\"},\"potentialAction\":[{\"@type\":\"SearchAction\",\"target\":{\"@type\":\"EntryPoint\",\"urlTemplate\":\"https:\/\/faus-moliner.com\/en\/?s={search_term_string}\"},\"query-input\":{\"@type\":\"PropertyValueSpecification\",\"valueRequired\":true,\"valueName\":\"search_term_string\"}}],\"inLanguage\":\"ca\"},{\"@type\":\"Organization\",\"@id\":\"https:\/\/faus-moliner.com\/en\/#organization\",\"name\":\"Faus Moliner\",\"url\":\"https:\/\/faus-moliner.com\/en\/\",\"logo\":{\"@type\":\"ImageObject\",\"inLanguage\":\"ca\",\"@id\":\"https:\/\/faus-moliner.com\/en\/#\/schema\/logo\/image\/\",\"url\":\"https:\/\/faus-moliner.com\/wp-content\/uploads\/2023\/03\/Logo-FM-web.jpg\",\"contentUrl\":\"https:\/\/faus-moliner.com\/wp-content\/uploads\/2023\/03\/Logo-FM-web.jpg\",\"width\":400,\"height\":283,\"caption\":\"Faus Moliner\"},\"image\":{\"@id\":\"https:\/\/faus-moliner.com\/en\/#\/schema\/logo\/image\/\"},\"sameAs\":[\"https:\/\/www.linkedin.com\/company\/2372042\/admin\/\"]},{\"@type\":\"Person\",\"@id\":\"https:\/\/faus-moliner.com\/en\/#\/schema\/person\/b62ac2c67efed1b6f50872c1d6366f90\",\"name\":\"Faus Moliner\",\"image\":{\"@type\":\"ImageObject\",\"inLanguage\":\"ca\",\"@id\":\"https:\/\/faus-moliner.com\/en\/#\/schema\/person\/image\/88610ef99b0aa1c93ca33c569a053dac\",\"url\":\"https:\/\/secure.gravatar.com\/avatar\/be7b0f78e7edd64676ce7ea245b31f149a0cffff4b139c25ac02aaa676c19d67?s=96&d=mm&r=g\",\"contentUrl\":\"https:\/\/secure.gravatar.com\/avatar\/be7b0f78e7edd64676ce7ea245b31f149a0cffff4b139c25ac02aaa676c19d67?s=96&d=mm&r=g\",\"caption\":\"Faus Moliner\"},\"url\":\"https:\/\/faus-moliner.com\/ca\/author\/moon\/\"}]}<\/script>\n<!-- \/ Yoast SEO plugin. -->","yoast_head_json":{"title":"Faus & Moliner participa al Seminari CEFI sobre aspectes pr\u00e0ctics del Dret de la compet\u00e8ncia al sector farmac\u00e8utic - Faus Moliner","robots":{"index":"index","follow":"follow","max-snippet":"max-snippet:-1","max-image-preview":"max-image-preview:large","max-video-preview":"max-video-preview:-1"},"canonical":"https:\/\/faus-moliner.com\/ca\/faus-moliner-participa-al-seminari-cefi-sobre-aspectes-practics-del-dret-de-la-competencia-al-sector-farmaceutic\/","og_locale":"ca_ES","og_type":"article","og_title":"Faus & Moliner participa al Seminari CEFI sobre aspectes pr\u00e0ctics del Dret de la compet\u00e8ncia al sector farmac\u00e8utic - Faus Moliner","og_description":"L\u2019aplicaci\u00f3 del dret de la compet\u00e8ncia a les activitats del sector farmac\u00e8utic planteja reptes espec\u00edfics derivats de les caracter\u00edstiques peculiars d\u2019aquest mercat. En aquest Seminari organitzat per CEFI, en Jordi Faus ha tractat sobre l\u2019impacte d\u2019aquesta normativa amb relaci\u00f3 a les ofertes, descomptes i altres pr\u00e0ctiques al mercat retail i hospitalari. En l\u2019\u00e0mbit del mercat... M\u00e9s informaci\u00f3","og_url":"https:\/\/faus-moliner.com\/ca\/faus-moliner-participa-al-seminari-cefi-sobre-aspectes-practics-del-dret-de-la-competencia-al-sector-farmaceutic\/","og_site_name":"Faus Moliner","article_published_time":"2018-09-19T16:44:44+00:00","article_modified_time":"2018-09-25T09:29:49+00:00","author":"Faus Moliner","twitter_card":"summary_large_image","twitter_misc":{"Escrit per":"Faus Moliner","Temps estimat de lectura":"1 minut","Written by":"Faus Moliner"},"schema":{"@context":"https:\/\/schema.org","@graph":[{"@type":"Article","@id":"https:\/\/faus-moliner.com\/ca\/faus-moliner-participa-al-seminari-cefi-sobre-aspectes-practics-del-dret-de-la-competencia-al-sector-farmaceutic\/#article","isPartOf":{"@id":"https:\/\/faus-moliner.com\/ca\/faus-moliner-participa-al-seminari-cefi-sobre-aspectes-practics-del-dret-de-la-competencia-al-sector-farmaceutic\/"},"author":{"name":"Faus Moliner","@id":"https:\/\/faus-moliner.com\/en\/#\/schema\/person\/b62ac2c67efed1b6f50872c1d6366f90"},"headline":"Faus &#038; Moliner participa al Seminari CEFI sobre aspectes pr\u00e0ctics del Dret de la compet\u00e8ncia al sector farmac\u00e8utic","datePublished":"2018-09-19T16:44:44+00:00","dateModified":"2018-09-25T09:29:49+00:00","mainEntityOfPage":{"@id":"https:\/\/faus-moliner.com\/ca\/faus-moliner-participa-al-seminari-cefi-sobre-aspectes-practics-del-dret-de-la-competencia-al-sector-farmaceutic\/"},"wordCount":278,"publisher":{"@id":"https:\/\/faus-moliner.com\/en\/#organization"},"articleSection":["Not\u00edcies i events"],"inLanguage":"ca"},{"@type":"WebPage","@id":"https:\/\/faus-moliner.com\/ca\/faus-moliner-participa-al-seminari-cefi-sobre-aspectes-practics-del-dret-de-la-competencia-al-sector-farmaceutic\/","url":"https:\/\/faus-moliner.com\/ca\/faus-moliner-participa-al-seminari-cefi-sobre-aspectes-practics-del-dret-de-la-competencia-al-sector-farmaceutic\/","name":"Faus & Moliner participa al Seminari CEFI sobre aspectes pr\u00e0ctics del Dret de la compet\u00e8ncia al sector farmac\u00e8utic - Faus Moliner","isPartOf":{"@id":"https:\/\/faus-moliner.com\/en\/#website"},"datePublished":"2018-09-19T16:44:44+00:00","dateModified":"2018-09-25T09:29:49+00:00","breadcrumb":{"@id":"https:\/\/faus-moliner.com\/ca\/faus-moliner-participa-al-seminari-cefi-sobre-aspectes-practics-del-dret-de-la-competencia-al-sector-farmaceutic\/#breadcrumb"},"inLanguage":"ca","potentialAction":[{"@type":"ReadAction","target":["https:\/\/faus-moliner.com\/ca\/faus-moliner-participa-al-seminari-cefi-sobre-aspectes-practics-del-dret-de-la-competencia-al-sector-farmaceutic\/"]}]},{"@type":"BreadcrumbList","@id":"https:\/\/faus-moliner.com\/ca\/faus-moliner-participa-al-seminari-cefi-sobre-aspectes-practics-del-dret-de-la-competencia-al-sector-farmaceutic\/#breadcrumb","itemListElement":[{"@type":"ListItem","position":1,"name":"Portada","item":"https:\/\/faus-moliner.com\/ca\/"},{"@type":"ListItem","position":2,"name":"Faus &#038; Moliner participa al Seminari CEFI sobre aspectes pr\u00e0ctics del Dret de la compet\u00e8ncia al sector farmac\u00e8utic"}]},{"@type":"WebSite","@id":"https:\/\/faus-moliner.com\/en\/#website","url":"https:\/\/faus-moliner.com\/en\/","name":"faus-moliner.com","description":"Otro sitio realizado con WordPress","publisher":{"@id":"https:\/\/faus-moliner.com\/en\/#organization"},"potentialAction":[{"@type":"SearchAction","target":{"@type":"EntryPoint","urlTemplate":"https:\/\/faus-moliner.com\/en\/?s={search_term_string}"},"query-input":{"@type":"PropertyValueSpecification","valueRequired":true,"valueName":"search_term_string"}}],"inLanguage":"ca"},{"@type":"Organization","@id":"https:\/\/faus-moliner.com\/en\/#organization","name":"Faus Moliner","url":"https:\/\/faus-moliner.com\/en\/","logo":{"@type":"ImageObject","inLanguage":"ca","@id":"https:\/\/faus-moliner.com\/en\/#\/schema\/logo\/image\/","url":"https:\/\/faus-moliner.com\/wp-content\/uploads\/2023\/03\/Logo-FM-web.jpg","contentUrl":"https:\/\/faus-moliner.com\/wp-content\/uploads\/2023\/03\/Logo-FM-web.jpg","width":400,"height":283,"caption":"Faus Moliner"},"image":{"@id":"https:\/\/faus-moliner.com\/en\/#\/schema\/logo\/image\/"},"sameAs":["https:\/\/www.linkedin.com\/company\/2372042\/admin\/"]},{"@type":"Person","@id":"https:\/\/faus-moliner.com\/en\/#\/schema\/person\/b62ac2c67efed1b6f50872c1d6366f90","name":"Faus Moliner","image":{"@type":"ImageObject","inLanguage":"ca","@id":"https:\/\/faus-moliner.com\/en\/#\/schema\/person\/image\/88610ef99b0aa1c93ca33c569a053dac","url":"https:\/\/secure.gravatar.com\/avatar\/be7b0f78e7edd64676ce7ea245b31f149a0cffff4b139c25ac02aaa676c19d67?s=96&d=mm&r=g","contentUrl":"https:\/\/secure.gravatar.com\/avatar\/be7b0f78e7edd64676ce7ea245b31f149a0cffff4b139c25ac02aaa676c19d67?s=96&d=mm&r=g","caption":"Faus Moliner"},"url":"https:\/\/faus-moliner.com\/ca\/author\/moon\/"}]}},"_links":{"self":[{"href":"https:\/\/faus-moliner.com\/ca\/wp-json\/wp\/v2\/posts\/18530","targetHints":{"allow":["GET"]}}],"collection":[{"href":"https:\/\/faus-moliner.com\/ca\/wp-json\/wp\/v2\/posts"}],"about":[{"href":"https:\/\/faus-moliner.com\/ca\/wp-json\/wp\/v2\/types\/post"}],"author":[{"embeddable":true,"href":"https:\/\/faus-moliner.com\/ca\/wp-json\/wp\/v2\/users\/1"}],"replies":[{"embeddable":true,"href":"https:\/\/faus-moliner.com\/ca\/wp-json\/wp\/v2\/comments?post=18530"}],"version-history":[{"count":0,"href":"https:\/\/faus-moliner.com\/ca\/wp-json\/wp\/v2\/posts\/18530\/revisions"}],"wp:attachment":[{"href":"https:\/\/faus-moliner.com\/ca\/wp-json\/wp\/v2\/media?parent=18530"}],"wp:term":[{"taxonomy":"category","embeddable":true,"href":"https:\/\/faus-moliner.com\/ca\/wp-json\/wp\/v2\/categories?post=18530"},{"taxonomy":"post_tag","embeddable":true,"href":"https:\/\/faus-moliner.com\/ca\/wp-json\/wp\/v2\/tags?post=18530"},{"taxonomy":"author","embeddable":true,"href":"https:\/\/faus-moliner.com\/ca\/wp-json\/wp\/v2\/coauthors?post=18530"}],"curies":[{"name":"wp","href":"https:\/\/api.w.org\/{rel}","templated":true}]}}