{"id":20461,"date":"2019-05-28T12:43:11","date_gmt":"2019-05-28T11:43:11","guid":{"rendered":"https:\/\/faus-moliner.com\/?p=20461"},"modified":"2022-03-15T12:57:29","modified_gmt":"2022-03-15T11:57:29","slug":"jordi-faus-participa-en-el-xvi-curso-de-derecho-farmaceutico-de-cefi","status":"publish","type":"post","link":"https:\/\/faus-moliner.com\/ca\/jordi-faus-participa-en-el-xvi-curso-de-derecho-farmaceutico-de-cefi\/","title":{"rendered":"Jordi Faus participa al XVI Curs de Dret Farmac\u00e8utic de CEFI"},"content":{"rendered":"\n<p>En els \u00faltims anys, el Curs de Dret Farmac\u00e8utic que organitza la Fundaci\u00f3 CEFI s\u2019ha consolidat com un f\u00f2rum de refer\u00e8ncia en l\u2019an\u00e0lisi jur\u00eddic de les diferents q\u00fcestions que es plantegen durant la vida del medicament. <\/p>\n\n\n\n<p>En la primera sessi\u00f3 del 28 de maig, Faus &amp; Moliner ha participat amb una pon\u00e8ncia presentada per Jordi Faus. <\/p>\n\n\n\n<p>Jordi Faus ha intervingut en la taula rodona dedicada a &#8220;Acc\u00e9s i Innovaci\u00f3&#8221; parlant sobre les incerteses reguladores que es plantegen en el per\u00edode que transcorre des que un medicament \u00e9s autoritzat fins que es decideix respecte del seu finan\u00e7ament pel Sistema Nacional de Salut. <\/p>\n\n\n\n<p>En la seva presentaci\u00f3, Jordi Faus ha exposat les seves idees respecte de q\u00fcestions tals com la comercialitzaci\u00f3 d&#8217;aquests productes, la seva promoci\u00f3 i l&#8217;acc\u00e9s als mateixos pels pacients. Jordi Faus tamb\u00e9 ha aportat informaci\u00f3 sobre com es tracten aquestes q\u00fcestions en els principals mercats de la Uni\u00f3 Europea. <\/p>\n\n\n\n<figure class=\"wp-block-gallery aligncenter columns-2 is-cropped wp-block-gallery-1 is-layout-flex wp-block-gallery-is-layout-flex\"><ul class=\"blocks-gallery-grid\"><li class=\"blocks-gallery-item\"><figure><img loading=\"lazy\" decoding=\"async\" width=\"640\" height=\"295\" src=\"https:\/\/faus-moliner.com\/wp-content\/uploads\/2019\/05\/2019-05-28-Curso-CEFI-foto-1.png\" alt=\"\" data-id=\"20478\" data-link=\"https:\/\/faus-moliner.com\/2019-05-28-curso-cefi-foto-1\/\" class=\"wp-image-20478\" srcset=\"https:\/\/faus-moliner.com\/wp-content\/uploads\/2019\/05\/2019-05-28-Curso-CEFI-foto-1.png 640w, https:\/\/faus-moliner.com\/wp-content\/uploads\/2019\/05\/2019-05-28-Curso-CEFI-foto-1-39x18.png 39w, https:\/\/faus-moliner.com\/wp-content\/uploads\/2019\/05\/2019-05-28-Curso-CEFI-foto-1-300x138.png 300w\" sizes=\"auto, (max-width: 640px) 100vw, 640px\" \/><\/figure><\/li><li class=\"blocks-gallery-item\"><figure><img loading=\"lazy\" decoding=\"async\" width=\"640\" height=\"295\" src=\"https:\/\/faus-moliner.com\/wp-content\/uploads\/2019\/05\/2019-05-28-Curso-CEFI-foto-2.png\" alt=\"\" data-id=\"20481\" data-link=\"https:\/\/faus-moliner.com\/2019-05-28-curso-cefi-foto-2\/\" class=\"wp-image-20481\" srcset=\"https:\/\/faus-moliner.com\/wp-content\/uploads\/2019\/05\/2019-05-28-Curso-CEFI-foto-2.png 640w, https:\/\/faus-moliner.com\/wp-content\/uploads\/2019\/05\/2019-05-28-Curso-CEFI-foto-2-39x18.png 39w, https:\/\/faus-moliner.com\/wp-content\/uploads\/2019\/05\/2019-05-28-Curso-CEFI-foto-2-300x138.png 300w\" sizes=\"auto, (max-width: 640px) 100vw, 640px\" \/><\/figure><\/li><\/ul><\/figure>\n","protected":false},"excerpt":{"rendered":"<p>En els \u00faltims anys, el Curs de Dret Farmac\u00e8utic que organitza la Fundaci\u00f3 CEFI s\u2019ha consolidat com un f\u00f2rum de refer\u00e8ncia en l\u2019an\u00e0lisi jur\u00eddic de les diferents q\u00fcestions que es plantegen durant la vida del medicament. En la primera sessi\u00f3 del 28 de maig, Faus &amp; Moliner ha participat amb una pon\u00e8ncia presentada per Jordi&#8230; <\/p>\n<div class=\"clear\"><\/div>\n<p><a href=\"https:\/\/faus-moliner.com\/ca\/jordi-faus-participa-en-el-xvi-curso-de-derecho-farmaceutico-de-cefi\/\" class=\"excerpt-read-more\">M\u00e9s informaci\u00f3<\/a><\/p>\n","protected":false},"author":1,"featured_media":0,"comment_status":"closed","ping_status":"closed","sticky":false,"template":"","format":"standard","meta":{"_acf_changed":false,"inline_featured_image":false,"footnotes":""},"categories":[356],"tags":[],"coauthors":[],"class_list":["post-20461","post","type-post","status-publish","format-standard","hentry","category-noticies-i-events"],"acf":[],"yoast_head":"<!-- This site is optimized with the Yoast SEO plugin v26.6 - https:\/\/yoast.com\/wordpress\/plugins\/seo\/ -->\n<title>Jordi Faus participa al XVI Curs de Dret Farmac\u00e8utic de CEFI - Faus Moliner<\/title>\n<meta name=\"robots\" content=\"index, follow, max-snippet:-1, max-image-preview:large, max-video-preview:-1\" \/>\n<link rel=\"canonical\" href=\"https:\/\/faus-moliner.com\/ca\/jordi-faus-participa-en-el-xvi-curso-de-derecho-farmaceutico-de-cefi\/\" \/>\n<meta property=\"og:locale\" content=\"ca_ES\" \/>\n<meta property=\"og:type\" content=\"article\" \/>\n<meta property=\"og:title\" content=\"Jordi Faus participa al XVI Curs de Dret Farmac\u00e8utic de CEFI - Faus Moliner\" \/>\n<meta property=\"og:description\" content=\"En els \u00faltims anys, el Curs de Dret Farmac\u00e8utic que organitza la Fundaci\u00f3 CEFI s\u2019ha consolidat com un f\u00f2rum de refer\u00e8ncia en l\u2019an\u00e0lisi jur\u00eddic de les diferents q\u00fcestions que es plantegen durant la vida del medicament. En la primera sessi\u00f3 del 28 de maig, Faus &amp; Moliner ha participat amb una pon\u00e8ncia presentada per Jordi... M\u00e9s informaci\u00f3\" \/>\n<meta property=\"og:url\" content=\"https:\/\/faus-moliner.com\/ca\/jordi-faus-participa-en-el-xvi-curso-de-derecho-farmaceutico-de-cefi\/\" \/>\n<meta property=\"og:site_name\" content=\"Faus Moliner\" \/>\n<meta property=\"article:published_time\" content=\"2019-05-28T11:43:11+00:00\" \/>\n<meta property=\"article:modified_time\" content=\"2022-03-15T11:57:29+00:00\" \/>\n<meta property=\"og:image\" content=\"https:\/\/faus-moliner.com\/wp-content\/uploads\/2019\/05\/2019-05-28-Curso-CEFI-foto-1.png\" \/>\n<meta name=\"author\" content=\"Faus Moliner\" \/>\n<meta name=\"twitter:card\" content=\"summary_large_image\" \/>\n<meta name=\"twitter:label1\" content=\"Escrit per\" \/>\n\t<meta name=\"twitter:data1\" content=\"Faus Moliner\" \/>\n\t<meta name=\"twitter:label2\" content=\"Temps estimat de lectura\" \/>\n\t<meta name=\"twitter:data2\" content=\"2 minuts\" \/>\n\t<meta name=\"twitter:label3\" content=\"Written by\" \/>\n\t<meta name=\"twitter:data3\" content=\"Faus Moliner\" \/>\n<script type=\"application\/ld+json\" class=\"yoast-schema-graph\">{\"@context\":\"https:\/\/schema.org\",\"@graph\":[{\"@type\":\"Article\",\"@id\":\"https:\/\/faus-moliner.com\/ca\/jordi-faus-participa-en-el-xvi-curso-de-derecho-farmaceutico-de-cefi\/#article\",\"isPartOf\":{\"@id\":\"https:\/\/faus-moliner.com\/ca\/jordi-faus-participa-en-el-xvi-curso-de-derecho-farmaceutico-de-cefi\/\"},\"author\":{\"name\":\"Faus Moliner\",\"@id\":\"https:\/\/faus-moliner.com\/en\/#\/schema\/person\/b62ac2c67efed1b6f50872c1d6366f90\"},\"headline\":\"Jordi Faus participa al XVI Curs de Dret Farmac\u00e8utic de CEFI\",\"datePublished\":\"2019-05-28T11:43:11+00:00\",\"dateModified\":\"2022-03-15T11:57:29+00:00\",\"mainEntityOfPage\":{\"@id\":\"https:\/\/faus-moliner.com\/ca\/jordi-faus-participa-en-el-xvi-curso-de-derecho-farmaceutico-de-cefi\/\"},\"wordCount\":178,\"publisher\":{\"@id\":\"https:\/\/faus-moliner.com\/en\/#organization\"},\"image\":{\"@id\":\"https:\/\/faus-moliner.com\/ca\/jordi-faus-participa-en-el-xvi-curso-de-derecho-farmaceutico-de-cefi\/#primaryimage\"},\"thumbnailUrl\":\"https:\/\/faus-moliner.com\/wp-content\/uploads\/2019\/05\/2019-05-28-Curso-CEFI-foto-1.png\",\"articleSection\":[\"Not\u00edcies i events\"],\"inLanguage\":\"ca\"},{\"@type\":\"WebPage\",\"@id\":\"https:\/\/faus-moliner.com\/ca\/jordi-faus-participa-en-el-xvi-curso-de-derecho-farmaceutico-de-cefi\/\",\"url\":\"https:\/\/faus-moliner.com\/ca\/jordi-faus-participa-en-el-xvi-curso-de-derecho-farmaceutico-de-cefi\/\",\"name\":\"Jordi Faus participa al XVI Curs de Dret Farmac\u00e8utic de CEFI - Faus Moliner\",\"isPartOf\":{\"@id\":\"https:\/\/faus-moliner.com\/en\/#website\"},\"primaryImageOfPage\":{\"@id\":\"https:\/\/faus-moliner.com\/ca\/jordi-faus-participa-en-el-xvi-curso-de-derecho-farmaceutico-de-cefi\/#primaryimage\"},\"image\":{\"@id\":\"https:\/\/faus-moliner.com\/ca\/jordi-faus-participa-en-el-xvi-curso-de-derecho-farmaceutico-de-cefi\/#primaryimage\"},\"thumbnailUrl\":\"https:\/\/faus-moliner.com\/wp-content\/uploads\/2019\/05\/2019-05-28-Curso-CEFI-foto-1.png\",\"datePublished\":\"2019-05-28T11:43:11+00:00\",\"dateModified\":\"2022-03-15T11:57:29+00:00\",\"breadcrumb\":{\"@id\":\"https:\/\/faus-moliner.com\/ca\/jordi-faus-participa-en-el-xvi-curso-de-derecho-farmaceutico-de-cefi\/#breadcrumb\"},\"inLanguage\":\"ca\",\"potentialAction\":[{\"@type\":\"ReadAction\",\"target\":[\"https:\/\/faus-moliner.com\/ca\/jordi-faus-participa-en-el-xvi-curso-de-derecho-farmaceutico-de-cefi\/\"]}]},{\"@type\":\"ImageObject\",\"inLanguage\":\"ca\",\"@id\":\"https:\/\/faus-moliner.com\/ca\/jordi-faus-participa-en-el-xvi-curso-de-derecho-farmaceutico-de-cefi\/#primaryimage\",\"url\":\"https:\/\/faus-moliner.com\/wp-content\/uploads\/2019\/05\/2019-05-28-Curso-CEFI-foto-1.png\",\"contentUrl\":\"https:\/\/faus-moliner.com\/wp-content\/uploads\/2019\/05\/2019-05-28-Curso-CEFI-foto-1.png\"},{\"@type\":\"BreadcrumbList\",\"@id\":\"https:\/\/faus-moliner.com\/ca\/jordi-faus-participa-en-el-xvi-curso-de-derecho-farmaceutico-de-cefi\/#breadcrumb\",\"itemListElement\":[{\"@type\":\"ListItem\",\"position\":1,\"name\":\"Portada\",\"item\":\"https:\/\/faus-moliner.com\/ca\/\"},{\"@type\":\"ListItem\",\"position\":2,\"name\":\"Jordi Faus participa al XVI Curs de Dret Farmac\u00e8utic de CEFI\"}]},{\"@type\":\"WebSite\",\"@id\":\"https:\/\/faus-moliner.com\/en\/#website\",\"url\":\"https:\/\/faus-moliner.com\/en\/\",\"name\":\"faus-moliner.com\",\"description\":\"Otro sitio realizado con WordPress\",\"publisher\":{\"@id\":\"https:\/\/faus-moliner.com\/en\/#organization\"},\"potentialAction\":[{\"@type\":\"SearchAction\",\"target\":{\"@type\":\"EntryPoint\",\"urlTemplate\":\"https:\/\/faus-moliner.com\/en\/?s={search_term_string}\"},\"query-input\":{\"@type\":\"PropertyValueSpecification\",\"valueRequired\":true,\"valueName\":\"search_term_string\"}}],\"inLanguage\":\"ca\"},{\"@type\":\"Organization\",\"@id\":\"https:\/\/faus-moliner.com\/en\/#organization\",\"name\":\"Faus Moliner\",\"url\":\"https:\/\/faus-moliner.com\/en\/\",\"logo\":{\"@type\":\"ImageObject\",\"inLanguage\":\"ca\",\"@id\":\"https:\/\/faus-moliner.com\/en\/#\/schema\/logo\/image\/\",\"url\":\"https:\/\/faus-moliner.com\/wp-content\/uploads\/2023\/03\/Logo-FM-web.jpg\",\"contentUrl\":\"https:\/\/faus-moliner.com\/wp-content\/uploads\/2023\/03\/Logo-FM-web.jpg\",\"width\":400,\"height\":283,\"caption\":\"Faus Moliner\"},\"image\":{\"@id\":\"https:\/\/faus-moliner.com\/en\/#\/schema\/logo\/image\/\"},\"sameAs\":[\"https:\/\/www.linkedin.com\/company\/2372042\/admin\/\"]},{\"@type\":\"Person\",\"@id\":\"https:\/\/faus-moliner.com\/en\/#\/schema\/person\/b62ac2c67efed1b6f50872c1d6366f90\",\"name\":\"Faus Moliner\",\"image\":{\"@type\":\"ImageObject\",\"inLanguage\":\"ca\",\"@id\":\"https:\/\/faus-moliner.com\/en\/#\/schema\/person\/image\/88610ef99b0aa1c93ca33c569a053dac\",\"url\":\"https:\/\/secure.gravatar.com\/avatar\/be7b0f78e7edd64676ce7ea245b31f149a0cffff4b139c25ac02aaa676c19d67?s=96&d=mm&r=g\",\"contentUrl\":\"https:\/\/secure.gravatar.com\/avatar\/be7b0f78e7edd64676ce7ea245b31f149a0cffff4b139c25ac02aaa676c19d67?s=96&d=mm&r=g\",\"caption\":\"Faus Moliner\"},\"url\":\"https:\/\/faus-moliner.com\/ca\/author\/moon\/\"}]}<\/script>\n<!-- \/ Yoast SEO plugin. -->","yoast_head_json":{"title":"Jordi Faus participa al XVI Curs de Dret Farmac\u00e8utic de CEFI - Faus Moliner","robots":{"index":"index","follow":"follow","max-snippet":"max-snippet:-1","max-image-preview":"max-image-preview:large","max-video-preview":"max-video-preview:-1"},"canonical":"https:\/\/faus-moliner.com\/ca\/jordi-faus-participa-en-el-xvi-curso-de-derecho-farmaceutico-de-cefi\/","og_locale":"ca_ES","og_type":"article","og_title":"Jordi Faus participa al XVI Curs de Dret Farmac\u00e8utic de CEFI - Faus Moliner","og_description":"En els \u00faltims anys, el Curs de Dret Farmac\u00e8utic que organitza la Fundaci\u00f3 CEFI s\u2019ha consolidat com un f\u00f2rum de refer\u00e8ncia en l\u2019an\u00e0lisi jur\u00eddic de les diferents q\u00fcestions que es plantegen durant la vida del medicament. En la primera sessi\u00f3 del 28 de maig, Faus &amp; Moliner ha participat amb una pon\u00e8ncia presentada per Jordi... M\u00e9s informaci\u00f3","og_url":"https:\/\/faus-moliner.com\/ca\/jordi-faus-participa-en-el-xvi-curso-de-derecho-farmaceutico-de-cefi\/","og_site_name":"Faus Moliner","article_published_time":"2019-05-28T11:43:11+00:00","article_modified_time":"2022-03-15T11:57:29+00:00","og_image":[{"url":"https:\/\/faus-moliner.com\/wp-content\/uploads\/2019\/05\/2019-05-28-Curso-CEFI-foto-1.png","type":"","width":"","height":""}],"author":"Faus Moliner","twitter_card":"summary_large_image","twitter_misc":{"Escrit per":"Faus Moliner","Temps estimat de lectura":"2 minuts","Written by":"Faus Moliner"},"schema":{"@context":"https:\/\/schema.org","@graph":[{"@type":"Article","@id":"https:\/\/faus-moliner.com\/ca\/jordi-faus-participa-en-el-xvi-curso-de-derecho-farmaceutico-de-cefi\/#article","isPartOf":{"@id":"https:\/\/faus-moliner.com\/ca\/jordi-faus-participa-en-el-xvi-curso-de-derecho-farmaceutico-de-cefi\/"},"author":{"name":"Faus Moliner","@id":"https:\/\/faus-moliner.com\/en\/#\/schema\/person\/b62ac2c67efed1b6f50872c1d6366f90"},"headline":"Jordi Faus participa al XVI Curs de Dret Farmac\u00e8utic de CEFI","datePublished":"2019-05-28T11:43:11+00:00","dateModified":"2022-03-15T11:57:29+00:00","mainEntityOfPage":{"@id":"https:\/\/faus-moliner.com\/ca\/jordi-faus-participa-en-el-xvi-curso-de-derecho-farmaceutico-de-cefi\/"},"wordCount":178,"publisher":{"@id":"https:\/\/faus-moliner.com\/en\/#organization"},"image":{"@id":"https:\/\/faus-moliner.com\/ca\/jordi-faus-participa-en-el-xvi-curso-de-derecho-farmaceutico-de-cefi\/#primaryimage"},"thumbnailUrl":"https:\/\/faus-moliner.com\/wp-content\/uploads\/2019\/05\/2019-05-28-Curso-CEFI-foto-1.png","articleSection":["Not\u00edcies i events"],"inLanguage":"ca"},{"@type":"WebPage","@id":"https:\/\/faus-moliner.com\/ca\/jordi-faus-participa-en-el-xvi-curso-de-derecho-farmaceutico-de-cefi\/","url":"https:\/\/faus-moliner.com\/ca\/jordi-faus-participa-en-el-xvi-curso-de-derecho-farmaceutico-de-cefi\/","name":"Jordi Faus participa al XVI Curs de Dret Farmac\u00e8utic de CEFI - Faus Moliner","isPartOf":{"@id":"https:\/\/faus-moliner.com\/en\/#website"},"primaryImageOfPage":{"@id":"https:\/\/faus-moliner.com\/ca\/jordi-faus-participa-en-el-xvi-curso-de-derecho-farmaceutico-de-cefi\/#primaryimage"},"image":{"@id":"https:\/\/faus-moliner.com\/ca\/jordi-faus-participa-en-el-xvi-curso-de-derecho-farmaceutico-de-cefi\/#primaryimage"},"thumbnailUrl":"https:\/\/faus-moliner.com\/wp-content\/uploads\/2019\/05\/2019-05-28-Curso-CEFI-foto-1.png","datePublished":"2019-05-28T11:43:11+00:00","dateModified":"2022-03-15T11:57:29+00:00","breadcrumb":{"@id":"https:\/\/faus-moliner.com\/ca\/jordi-faus-participa-en-el-xvi-curso-de-derecho-farmaceutico-de-cefi\/#breadcrumb"},"inLanguage":"ca","potentialAction":[{"@type":"ReadAction","target":["https:\/\/faus-moliner.com\/ca\/jordi-faus-participa-en-el-xvi-curso-de-derecho-farmaceutico-de-cefi\/"]}]},{"@type":"ImageObject","inLanguage":"ca","@id":"https:\/\/faus-moliner.com\/ca\/jordi-faus-participa-en-el-xvi-curso-de-derecho-farmaceutico-de-cefi\/#primaryimage","url":"https:\/\/faus-moliner.com\/wp-content\/uploads\/2019\/05\/2019-05-28-Curso-CEFI-foto-1.png","contentUrl":"https:\/\/faus-moliner.com\/wp-content\/uploads\/2019\/05\/2019-05-28-Curso-CEFI-foto-1.png"},{"@type":"BreadcrumbList","@id":"https:\/\/faus-moliner.com\/ca\/jordi-faus-participa-en-el-xvi-curso-de-derecho-farmaceutico-de-cefi\/#breadcrumb","itemListElement":[{"@type":"ListItem","position":1,"name":"Portada","item":"https:\/\/faus-moliner.com\/ca\/"},{"@type":"ListItem","position":2,"name":"Jordi Faus participa al XVI Curs de Dret Farmac\u00e8utic de CEFI"}]},{"@type":"WebSite","@id":"https:\/\/faus-moliner.com\/en\/#website","url":"https:\/\/faus-moliner.com\/en\/","name":"faus-moliner.com","description":"Otro sitio realizado con WordPress","publisher":{"@id":"https:\/\/faus-moliner.com\/en\/#organization"},"potentialAction":[{"@type":"SearchAction","target":{"@type":"EntryPoint","urlTemplate":"https:\/\/faus-moliner.com\/en\/?s={search_term_string}"},"query-input":{"@type":"PropertyValueSpecification","valueRequired":true,"valueName":"search_term_string"}}],"inLanguage":"ca"},{"@type":"Organization","@id":"https:\/\/faus-moliner.com\/en\/#organization","name":"Faus Moliner","url":"https:\/\/faus-moliner.com\/en\/","logo":{"@type":"ImageObject","inLanguage":"ca","@id":"https:\/\/faus-moliner.com\/en\/#\/schema\/logo\/image\/","url":"https:\/\/faus-moliner.com\/wp-content\/uploads\/2023\/03\/Logo-FM-web.jpg","contentUrl":"https:\/\/faus-moliner.com\/wp-content\/uploads\/2023\/03\/Logo-FM-web.jpg","width":400,"height":283,"caption":"Faus Moliner"},"image":{"@id":"https:\/\/faus-moliner.com\/en\/#\/schema\/logo\/image\/"},"sameAs":["https:\/\/www.linkedin.com\/company\/2372042\/admin\/"]},{"@type":"Person","@id":"https:\/\/faus-moliner.com\/en\/#\/schema\/person\/b62ac2c67efed1b6f50872c1d6366f90","name":"Faus Moliner","image":{"@type":"ImageObject","inLanguage":"ca","@id":"https:\/\/faus-moliner.com\/en\/#\/schema\/person\/image\/88610ef99b0aa1c93ca33c569a053dac","url":"https:\/\/secure.gravatar.com\/avatar\/be7b0f78e7edd64676ce7ea245b31f149a0cffff4b139c25ac02aaa676c19d67?s=96&d=mm&r=g","contentUrl":"https:\/\/secure.gravatar.com\/avatar\/be7b0f78e7edd64676ce7ea245b31f149a0cffff4b139c25ac02aaa676c19d67?s=96&d=mm&r=g","caption":"Faus Moliner"},"url":"https:\/\/faus-moliner.com\/ca\/author\/moon\/"}]}},"_links":{"self":[{"href":"https:\/\/faus-moliner.com\/ca\/wp-json\/wp\/v2\/posts\/20461","targetHints":{"allow":["GET"]}}],"collection":[{"href":"https:\/\/faus-moliner.com\/ca\/wp-json\/wp\/v2\/posts"}],"about":[{"href":"https:\/\/faus-moliner.com\/ca\/wp-json\/wp\/v2\/types\/post"}],"author":[{"embeddable":true,"href":"https:\/\/faus-moliner.com\/ca\/wp-json\/wp\/v2\/users\/1"}],"replies":[{"embeddable":true,"href":"https:\/\/faus-moliner.com\/ca\/wp-json\/wp\/v2\/comments?post=20461"}],"version-history":[{"count":2,"href":"https:\/\/faus-moliner.com\/ca\/wp-json\/wp\/v2\/posts\/20461\/revisions"}],"predecessor-version":[{"id":29142,"href":"https:\/\/faus-moliner.com\/ca\/wp-json\/wp\/v2\/posts\/20461\/revisions\/29142"}],"wp:attachment":[{"href":"https:\/\/faus-moliner.com\/ca\/wp-json\/wp\/v2\/media?parent=20461"}],"wp:term":[{"taxonomy":"category","embeddable":true,"href":"https:\/\/faus-moliner.com\/ca\/wp-json\/wp\/v2\/categories?post=20461"},{"taxonomy":"post_tag","embeddable":true,"href":"https:\/\/faus-moliner.com\/ca\/wp-json\/wp\/v2\/tags?post=20461"},{"taxonomy":"author","embeddable":true,"href":"https:\/\/faus-moliner.com\/ca\/wp-json\/wp\/v2\/coauthors?post=20461"}],"curies":[{"name":"wp","href":"https:\/\/api.w.org\/{rel}","templated":true}]}}