{"id":22326,"date":"2020-02-03T13:24:13","date_gmt":"2020-02-03T12:24:13","guid":{"rendered":"https:\/\/faus-moliner.com\/algunas-reflexiones-sobre-la-politica-sanitaria-y-farmaceutica-del-nuevo-gobierno-de-coalicion-en-espana\/"},"modified":"2020-02-03T15:04:48","modified_gmt":"2020-02-03T14:04:48","slug":"algunas-reflexiones-sobre-la-politica-sanitaria-y-farmaceutica-del-nuevo-gobierno-de-coalicion-en-espana","status":"publish","type":"post","link":"https:\/\/faus-moliner.com\/ca\/algunas-reflexiones-sobre-la-politica-sanitaria-y-farmaceutica-del-nuevo-gobierno-de-coalicion-en-espana\/","title":{"rendered":"Algunas reflexiones sobre la pol\u00edtica sanitaria y farmac\u00e9utica del nuevo gobierno de coalici\u00f3n en Espa\u00f1a"},"content":{"rendered":"\n<p>El pasado 8 de enero Pedro S\u00e1nchez tom\u00f3 posesi\u00f3n del cargo de presidente del Gobierno, tras obtener la confianza de la mayor\u00eda simple del Congreso de los Diputados, dando inicio as\u00ed al primer gobierno de coalici\u00f3n de la historia reciente en Espa\u00f1a, formado por el Partido Socialista Obrero Espa\u00f1ol y Unidas Podemos. El nuevo Ministro de Sanidad, Salvador Illa, asumi\u00f3 el cargo el pasado 13 de enero. En espera de lo que el Ministro presente en su pr\u00f3xima comparecencia en la Comisi\u00f3n de Sanidad del Congreso, nos parece relevante presentar unas notas sobre las ideas que, en materia de pol\u00edtica sanitaria y farmac\u00e9utica, resultan del acuerdo de gobierno alcanzado y del discurso de investidura pronunciado por el presidente S\u00e1nchez ante el Congreso de los Diputados.<\/p>\n\n\n\n<p><strong>Eliminaci\u00f3n de los copagos<\/strong><\/p>\n\n\n\n<p>El programa de gobierno incluye la eliminaci\u00f3n progresiva de los copagos introducidos en 2012, empezando por aquellos que afectan a pensionistas y los hogares en situaci\u00f3n de mayor vulnerabilidad. Diversas fuentes han publicado que el coste estimado de esta medida ser\u00e1 de 600 millones de euros anuales. El Ministerio deber\u00e1 abordar juntamente con las Comunidades Aut\u00f3nomas, el reto de disponer de los fondos para implementar esta medida.<\/p>\n\n\n\n<p><strong>Precios de los medicamentos<\/strong><\/p>\n\n\n\n<p>El programa de gobierno incluye, y el presidente S\u00e1nchez se refiri\u00f3 a ello espec\u00edficamente en su discurso de investidura, <em>\u201corientar las pol\u00edticas relativas a la industria farmac\u00e9utica hacia el cuidado de la salud de la poblaci\u00f3n, priorizando la eficiencia y la transparencia en la fijaci\u00f3n de precios\u201d<\/em>. El programa de gobierno, sin embargo, no proporciona mayores detalles al respecto, por lo que tendremos que esperar a ver c\u00f3mo el Ministerio de Sanidad desarrolla este punto. Es posible que el Ministerio tenga una actitud m\u00e1s exigente en cuanto al an\u00e1lisis de los costes de investigaci\u00f3n y desarrollo de los medicamentos. Adem\u00e1s, tambi\u00e9n cabe esperar una mayor transparencia transfronteriza en relaci\u00f3n con los precios de los medicamentos, en l\u00ednea con la resoluci\u00f3n aprobada en la 72\u00aa Asamblea Mundial de la Salud el pasado mayo de 2019.<\/p>\n\n\n\n<p><strong>Evaluaci\u00f3n de las tecnolog\u00edas sanitarias<\/strong><\/p>\n\n\n\n<p>El programa se\u00f1ala expresamente que el Sistema Nacional de Salud, dado el desaf\u00edo financiero que la incorporaci\u00f3n tecnol\u00f3gica significa, apostar\u00e1 por tecnolog\u00edas coste-efectivas, seguras y cuya eficacia haya sido previamente evaluada. Sin duda se trata de una idea muy importante, y ser\u00eda muy deseable que los esfuerzos para garantizar la sostenibilidad del sistema no recaigan siempre sobre los medicamentos.<\/p>\n\n\n\n<p><strong>Incremento del gasto sanitario y mayor digitalizaci\u00f3n sanitaria<\/strong><\/p>\n\n\n\n<p>El programa de gobierno incluye el objetivo de incrementar los recursos destinados a sanidad hasta el 7% del PIB en 2023. Actualmente, en Espa\u00f1a, la inversi\u00f3n en sanidad se sit\u00faa en torno al 6% del PIB, por debajo de la media europea. <\/p>\n\n\n\n<p>Adem\u00e1s, el nuevo Gobierno propone apostar por la implementaci\u00f3n de una mayor digitalizaci\u00f3n sanitaria para incrementar la eficiencia del Sistema Nacional de Salud y consolidar un nuevo modelo asistencial productivo basado en el conocimiento y la investigaci\u00f3n.<\/p>\n\n\n\n<p><strong>Medicamentos hu\u00e9rfanos<\/strong><\/p>\n\n\n\n<p>El programa especifica que el Sistema Nacional de Salud deber\u00e1 integrar las necesidades de los pacientes con enfermedades raras en la planificaci\u00f3n global de la cobertura universal, garantizando el acceso a diagn\u00f3stico y tratamiento de todas las personas, independientemente de d\u00f3nde vivan y la patolog\u00eda con la que convivan. Sin embargo, el programa no hace ninguna menci\u00f3n espec\u00edfica a los recursos necesarios para desarrollar esta medida, de gran importancia en un momento como el actual, donde se est\u00e1n revisando los incentivos regulatorios para el desarrollo de medicamentos hu\u00e9rfanos.<\/p>\n\n\n\n<p><strong>Gesti\u00f3n p\u00fablica<\/strong><\/p>\n\n\n\n<p>El programa incluye el compromiso de avanzar en el modelo de gesti\u00f3n p\u00fablica directa de la sanidad, eliminando los modelos asistenciales que combinan elementos p\u00fablicos y privados. Es de esperar que la investigaci\u00f3n p\u00fablica se vea favorecida con esta medida.<\/p>\n\n\n\n<p><strong>Aumento de los recursos del Fondo de Cohesi\u00f3n Sanitaria<\/strong><\/p>\n\n\n\n<p>El Programa incluye el compromiso de aumentar los recursos destinados al Fondo de Cohesi\u00f3n Sanitaria. Entendemos que esta medida responde a las tensiones presupuestarias que las terapias avanzadas est\u00e1n generando en las distintas Comunidades Aut\u00f3nomas donde se encuentran los centros que las administran, si bien cabe recordar que el centro prescriptor es quien deber\u00eda recibir la factura por el importe del tratamiento.<\/p>\n\n\n\n<p><strong>Conclusiones<\/strong><\/p>\n\n\n\n<p>El nuevo gobierno de coalici\u00f3n se ha marcado grandes y ambiciosos retos en materia sanitaria y farmac\u00e9utica, pero se mantiene el interrogante respecto de los recursos precisos para financiarlos. El programa de gobierno incorpora medidas de reforma fiscal con el objetivo de aumentar la recaudaci\u00f3n, pero es indudable que la sostenibilidad del sistema requiere una ampliaci\u00f3n de la base de contribuyentes, lo cual es imposible de lograr salvo con crecimiento econ\u00f3mico y generaci\u00f3n de empleo. Ah\u00ed es donde se requiere amplitud de miras y apostar por medidas de todo tipo. <\/p>\n\n\n\n<p>El control del gasto en medicamentos, obviamente, es una de ellas, pero ni puede ser la \u00fanica ni ser\u00eda razonable que en los pr\u00f3ximos a\u00f1os sea la m\u00e1s relevante, teniendo en cuenta que el sector arrastra ya varios a\u00f1os de esfuerzos considerables.<\/p>\n\n\n\n<p>Por otro lado, en el \u00e1mbito jur\u00eddico y regulatorio, si se mantiene la tendencia observada en los \u00faltimos meses, cabe esperar un alt\u00edsimo ritmo de trabajo en la producci\u00f3n normativa, y un grado de transparencia muy positivo en la actuaci\u00f3n de la administraci\u00f3n.<\/p>\n\n\n\n<p><\/p>\n","protected":false},"excerpt":{"rendered":"<p>El pasado 8 de enero Pedro S\u00e1nchez tom\u00f3 posesi\u00f3n del cargo de presidente del Gobierno, tras obtener la confianza de la mayor\u00eda simple del Congreso de los Diputados, dando inicio as\u00ed al primer gobierno de coalici\u00f3n de la historia reciente en Espa\u00f1a, formado por el Partido Socialista Obrero Espa\u00f1ol y Unidas Podemos. El nuevo Ministro&#8230; <\/p>\n<div class=\"clear\"><\/div>\n<p><a href=\"https:\/\/faus-moliner.com\/ca\/algunas-reflexiones-sobre-la-politica-sanitaria-y-farmaceutica-del-nuevo-gobierno-de-coalicion-en-espana\/\" class=\"excerpt-read-more\">M\u00e9s informaci\u00f3<\/a><\/p>\n","protected":false},"author":2,"featured_media":0,"comment_status":"closed","ping_status":"closed","sticky":false,"template":"","format":"standard","meta":{"_acf_changed":false,"inline_featured_image":false,"footnotes":""},"categories":[272,286,58],"tags":[],"coauthors":[521,105],"class_list":["post-22326","post","type-post","status-publish","format-standard","hentry","category-capsulas-ca","category-dret-farmaceutic-i-life-sciences","category-sense-categoria"],"acf":[],"yoast_head":"<!-- This site is optimized with the Yoast SEO plugin v26.6 - https:\/\/yoast.com\/wordpress\/plugins\/seo\/ -->\n<title>Algunas reflexiones sobre la pol\u00edtica sanitaria y farmac\u00e9utica del nuevo gobierno de coalici\u00f3n en Espa\u00f1a - Faus Moliner<\/title>\n<meta name=\"robots\" content=\"index, follow, max-snippet:-1, max-image-preview:large, max-video-preview:-1\" \/>\n<link rel=\"canonical\" href=\"https:\/\/faus-moliner.com\/ca\/algunas-reflexiones-sobre-la-politica-sanitaria-y-farmaceutica-del-nuevo-gobierno-de-coalicion-en-espana\/\" \/>\n<meta property=\"og:locale\" content=\"ca_ES\" \/>\n<meta property=\"og:type\" content=\"article\" \/>\n<meta property=\"og:title\" content=\"Algunas reflexiones sobre la pol\u00edtica sanitaria y farmac\u00e9utica del nuevo gobierno de coalici\u00f3n en Espa\u00f1a - Faus Moliner\" \/>\n<meta property=\"og:description\" content=\"El pasado 8 de enero Pedro S\u00e1nchez tom\u00f3 posesi\u00f3n del cargo de presidente del Gobierno, tras obtener la confianza de la mayor\u00eda simple del Congreso de los Diputados, dando inicio as\u00ed al primer gobierno de coalici\u00f3n de la historia reciente en Espa\u00f1a, formado por el Partido Socialista Obrero Espa\u00f1ol y Unidas Podemos. El nuevo Ministro... M\u00e9s informaci\u00f3\" \/>\n<meta property=\"og:url\" content=\"https:\/\/faus-moliner.com\/ca\/algunas-reflexiones-sobre-la-politica-sanitaria-y-farmaceutica-del-nuevo-gobierno-de-coalicion-en-espana\/\" \/>\n<meta property=\"og:site_name\" content=\"Faus Moliner\" \/>\n<meta property=\"article:published_time\" content=\"2020-02-03T12:24:13+00:00\" \/>\n<meta property=\"article:modified_time\" content=\"2020-02-03T14:04:48+00:00\" \/>\n<meta name=\"author\" content=\"Joan Carles Bailach, Jordi Faus\" \/>\n<meta name=\"twitter:card\" content=\"summary_large_image\" \/>\n<meta name=\"twitter:label1\" content=\"Escrit per\" \/>\n\t<meta name=\"twitter:data1\" content=\"Jordi Faus\" \/>\n\t<meta name=\"twitter:label2\" content=\"Temps estimat de lectura\" \/>\n\t<meta name=\"twitter:data2\" content=\"5 minuts\" \/>\n\t<meta name=\"twitter:label3\" content=\"Written by\" \/>\n\t<meta name=\"twitter:data3\" content=\"Joan Carles Bailach, Jordi Faus\" \/>\n<script type=\"application\/ld+json\" class=\"yoast-schema-graph\">{\"@context\":\"https:\/\/schema.org\",\"@graph\":[{\"@type\":\"Article\",\"@id\":\"https:\/\/faus-moliner.com\/ca\/algunas-reflexiones-sobre-la-politica-sanitaria-y-farmaceutica-del-nuevo-gobierno-de-coalicion-en-espana\/#article\",\"isPartOf\":{\"@id\":\"https:\/\/faus-moliner.com\/ca\/algunas-reflexiones-sobre-la-politica-sanitaria-y-farmaceutica-del-nuevo-gobierno-de-coalicion-en-espana\/\"},\"author\":{\"name\":\"Jordi Faus\",\"@id\":\"https:\/\/faus-moliner.com\/en\/#\/schema\/person\/da4b76d949932369d90eaa21ed440260\"},\"headline\":\"Algunas reflexiones sobre la pol\u00edtica sanitaria y farmac\u00e9utica del nuevo gobierno de coalici\u00f3n en Espa\u00f1a\",\"datePublished\":\"2020-02-03T12:24:13+00:00\",\"dateModified\":\"2020-02-03T14:04:48+00:00\",\"mainEntityOfPage\":{\"@id\":\"https:\/\/faus-moliner.com\/ca\/algunas-reflexiones-sobre-la-politica-sanitaria-y-farmaceutica-del-nuevo-gobierno-de-coalicion-en-espana\/\"},\"wordCount\":957,\"publisher\":{\"@id\":\"https:\/\/faus-moliner.com\/en\/#organization\"},\"articleSection\":[\"Capsulas\",\"Dret Farmac\u00e8utic i \u201cLife Sciences\u201d\"],\"inLanguage\":\"ca\"},{\"@type\":\"WebPage\",\"@id\":\"https:\/\/faus-moliner.com\/ca\/algunas-reflexiones-sobre-la-politica-sanitaria-y-farmaceutica-del-nuevo-gobierno-de-coalicion-en-espana\/\",\"url\":\"https:\/\/faus-moliner.com\/ca\/algunas-reflexiones-sobre-la-politica-sanitaria-y-farmaceutica-del-nuevo-gobierno-de-coalicion-en-espana\/\",\"name\":\"Algunas reflexiones sobre la pol\u00edtica sanitaria y farmac\u00e9utica del nuevo gobierno de coalici\u00f3n en Espa\u00f1a - Faus Moliner\",\"isPartOf\":{\"@id\":\"https:\/\/faus-moliner.com\/en\/#website\"},\"datePublished\":\"2020-02-03T12:24:13+00:00\",\"dateModified\":\"2020-02-03T14:04:48+00:00\",\"breadcrumb\":{\"@id\":\"https:\/\/faus-moliner.com\/ca\/algunas-reflexiones-sobre-la-politica-sanitaria-y-farmaceutica-del-nuevo-gobierno-de-coalicion-en-espana\/#breadcrumb\"},\"inLanguage\":\"ca\",\"potentialAction\":[{\"@type\":\"ReadAction\",\"target\":[\"https:\/\/faus-moliner.com\/ca\/algunas-reflexiones-sobre-la-politica-sanitaria-y-farmaceutica-del-nuevo-gobierno-de-coalicion-en-espana\/\"]}]},{\"@type\":\"BreadcrumbList\",\"@id\":\"https:\/\/faus-moliner.com\/ca\/algunas-reflexiones-sobre-la-politica-sanitaria-y-farmaceutica-del-nuevo-gobierno-de-coalicion-en-espana\/#breadcrumb\",\"itemListElement\":[{\"@type\":\"ListItem\",\"position\":1,\"name\":\"Portada\",\"item\":\"https:\/\/faus-moliner.com\/ca\/\"},{\"@type\":\"ListItem\",\"position\":2,\"name\":\"Algunas reflexiones sobre la pol\u00edtica sanitaria y farmac\u00e9utica del nuevo gobierno de coalici\u00f3n en Espa\u00f1a\"}]},{\"@type\":\"WebSite\",\"@id\":\"https:\/\/faus-moliner.com\/en\/#website\",\"url\":\"https:\/\/faus-moliner.com\/en\/\",\"name\":\"faus-moliner.com\",\"description\":\"Otro sitio realizado con WordPress\",\"publisher\":{\"@id\":\"https:\/\/faus-moliner.com\/en\/#organization\"},\"potentialAction\":[{\"@type\":\"SearchAction\",\"target\":{\"@type\":\"EntryPoint\",\"urlTemplate\":\"https:\/\/faus-moliner.com\/en\/?s={search_term_string}\"},\"query-input\":{\"@type\":\"PropertyValueSpecification\",\"valueRequired\":true,\"valueName\":\"search_term_string\"}}],\"inLanguage\":\"ca\"},{\"@type\":\"Organization\",\"@id\":\"https:\/\/faus-moliner.com\/en\/#organization\",\"name\":\"Faus Moliner\",\"url\":\"https:\/\/faus-moliner.com\/en\/\",\"logo\":{\"@type\":\"ImageObject\",\"inLanguage\":\"ca\",\"@id\":\"https:\/\/faus-moliner.com\/en\/#\/schema\/logo\/image\/\",\"url\":\"https:\/\/faus-moliner.com\/wp-content\/uploads\/2023\/03\/Logo-FM-web.jpg\",\"contentUrl\":\"https:\/\/faus-moliner.com\/wp-content\/uploads\/2023\/03\/Logo-FM-web.jpg\",\"width\":400,\"height\":283,\"caption\":\"Faus Moliner\"},\"image\":{\"@id\":\"https:\/\/faus-moliner.com\/en\/#\/schema\/logo\/image\/\"},\"sameAs\":[\"https:\/\/www.linkedin.com\/company\/2372042\/admin\/\"]},{\"@type\":\"Person\",\"@id\":\"https:\/\/faus-moliner.com\/en\/#\/schema\/person\/da4b76d949932369d90eaa21ed440260\",\"name\":\"Jordi Faus\",\"image\":{\"@type\":\"ImageObject\",\"inLanguage\":\"ca\",\"@id\":\"https:\/\/faus-moliner.com\/en\/#\/schema\/person\/image\/f7cb308a9e6d6fe5434c7ca47ff11be5\",\"url\":\"https:\/\/secure.gravatar.com\/avatar\/896c20951cba2f462a35f9a554d612f00999b71a73a0ad6a1625c27912d34e52?s=96&d=mm&r=g\",\"contentUrl\":\"https:\/\/secure.gravatar.com\/avatar\/896c20951cba2f462a35f9a554d612f00999b71a73a0ad6a1625c27912d34e52?s=96&d=mm&r=g\",\"caption\":\"Jordi Faus\"},\"description\":\"Jordi Faus graduated in Law at the Autonomous University of Barcelona (1986) and obtained a degree in Advanced Legal European Studies at the College of Europe in Bruges, Belgium (1987). He also has completed an Executive Management Programme at IESE Business School, in Barcelona.\",\"sameAs\":[\"https:\/\/faus-moliner.com\/\"],\"url\":\"https:\/\/faus-moliner.com\/ca\/author\/jordi-faus\/\"}]}<\/script>\n<!-- \/ Yoast SEO plugin. -->","yoast_head_json":{"title":"Algunas reflexiones sobre la pol\u00edtica sanitaria y farmac\u00e9utica del nuevo gobierno de coalici\u00f3n en Espa\u00f1a - Faus Moliner","robots":{"index":"index","follow":"follow","max-snippet":"max-snippet:-1","max-image-preview":"max-image-preview:large","max-video-preview":"max-video-preview:-1"},"canonical":"https:\/\/faus-moliner.com\/ca\/algunas-reflexiones-sobre-la-politica-sanitaria-y-farmaceutica-del-nuevo-gobierno-de-coalicion-en-espana\/","og_locale":"ca_ES","og_type":"article","og_title":"Algunas reflexiones sobre la pol\u00edtica sanitaria y farmac\u00e9utica del nuevo gobierno de coalici\u00f3n en Espa\u00f1a - Faus Moliner","og_description":"El pasado 8 de enero Pedro S\u00e1nchez tom\u00f3 posesi\u00f3n del cargo de presidente del Gobierno, tras obtener la confianza de la mayor\u00eda simple del Congreso de los Diputados, dando inicio as\u00ed al primer gobierno de coalici\u00f3n de la historia reciente en Espa\u00f1a, formado por el Partido Socialista Obrero Espa\u00f1ol y Unidas Podemos. El nuevo Ministro... M\u00e9s informaci\u00f3","og_url":"https:\/\/faus-moliner.com\/ca\/algunas-reflexiones-sobre-la-politica-sanitaria-y-farmaceutica-del-nuevo-gobierno-de-coalicion-en-espana\/","og_site_name":"Faus Moliner","article_published_time":"2020-02-03T12:24:13+00:00","article_modified_time":"2020-02-03T14:04:48+00:00","author":"Joan Carles Bailach, Jordi Faus","twitter_card":"summary_large_image","twitter_misc":{"Escrit per":"Jordi Faus","Temps estimat de lectura":"5 minuts","Written by":"Joan Carles Bailach, Jordi Faus"},"schema":{"@context":"https:\/\/schema.org","@graph":[{"@type":"Article","@id":"https:\/\/faus-moliner.com\/ca\/algunas-reflexiones-sobre-la-politica-sanitaria-y-farmaceutica-del-nuevo-gobierno-de-coalicion-en-espana\/#article","isPartOf":{"@id":"https:\/\/faus-moliner.com\/ca\/algunas-reflexiones-sobre-la-politica-sanitaria-y-farmaceutica-del-nuevo-gobierno-de-coalicion-en-espana\/"},"author":{"name":"Jordi Faus","@id":"https:\/\/faus-moliner.com\/en\/#\/schema\/person\/da4b76d949932369d90eaa21ed440260"},"headline":"Algunas reflexiones sobre la pol\u00edtica sanitaria y farmac\u00e9utica del nuevo gobierno de coalici\u00f3n en Espa\u00f1a","datePublished":"2020-02-03T12:24:13+00:00","dateModified":"2020-02-03T14:04:48+00:00","mainEntityOfPage":{"@id":"https:\/\/faus-moliner.com\/ca\/algunas-reflexiones-sobre-la-politica-sanitaria-y-farmaceutica-del-nuevo-gobierno-de-coalicion-en-espana\/"},"wordCount":957,"publisher":{"@id":"https:\/\/faus-moliner.com\/en\/#organization"},"articleSection":["Capsulas","Dret Farmac\u00e8utic i \u201cLife Sciences\u201d"],"inLanguage":"ca"},{"@type":"WebPage","@id":"https:\/\/faus-moliner.com\/ca\/algunas-reflexiones-sobre-la-politica-sanitaria-y-farmaceutica-del-nuevo-gobierno-de-coalicion-en-espana\/","url":"https:\/\/faus-moliner.com\/ca\/algunas-reflexiones-sobre-la-politica-sanitaria-y-farmaceutica-del-nuevo-gobierno-de-coalicion-en-espana\/","name":"Algunas reflexiones sobre la pol\u00edtica sanitaria y farmac\u00e9utica del nuevo gobierno de coalici\u00f3n en Espa\u00f1a - Faus Moliner","isPartOf":{"@id":"https:\/\/faus-moliner.com\/en\/#website"},"datePublished":"2020-02-03T12:24:13+00:00","dateModified":"2020-02-03T14:04:48+00:00","breadcrumb":{"@id":"https:\/\/faus-moliner.com\/ca\/algunas-reflexiones-sobre-la-politica-sanitaria-y-farmaceutica-del-nuevo-gobierno-de-coalicion-en-espana\/#breadcrumb"},"inLanguage":"ca","potentialAction":[{"@type":"ReadAction","target":["https:\/\/faus-moliner.com\/ca\/algunas-reflexiones-sobre-la-politica-sanitaria-y-farmaceutica-del-nuevo-gobierno-de-coalicion-en-espana\/"]}]},{"@type":"BreadcrumbList","@id":"https:\/\/faus-moliner.com\/ca\/algunas-reflexiones-sobre-la-politica-sanitaria-y-farmaceutica-del-nuevo-gobierno-de-coalicion-en-espana\/#breadcrumb","itemListElement":[{"@type":"ListItem","position":1,"name":"Portada","item":"https:\/\/faus-moliner.com\/ca\/"},{"@type":"ListItem","position":2,"name":"Algunas reflexiones sobre la pol\u00edtica sanitaria y farmac\u00e9utica del nuevo gobierno de coalici\u00f3n en Espa\u00f1a"}]},{"@type":"WebSite","@id":"https:\/\/faus-moliner.com\/en\/#website","url":"https:\/\/faus-moliner.com\/en\/","name":"faus-moliner.com","description":"Otro sitio realizado con WordPress","publisher":{"@id":"https:\/\/faus-moliner.com\/en\/#organization"},"potentialAction":[{"@type":"SearchAction","target":{"@type":"EntryPoint","urlTemplate":"https:\/\/faus-moliner.com\/en\/?s={search_term_string}"},"query-input":{"@type":"PropertyValueSpecification","valueRequired":true,"valueName":"search_term_string"}}],"inLanguage":"ca"},{"@type":"Organization","@id":"https:\/\/faus-moliner.com\/en\/#organization","name":"Faus Moliner","url":"https:\/\/faus-moliner.com\/en\/","logo":{"@type":"ImageObject","inLanguage":"ca","@id":"https:\/\/faus-moliner.com\/en\/#\/schema\/logo\/image\/","url":"https:\/\/faus-moliner.com\/wp-content\/uploads\/2023\/03\/Logo-FM-web.jpg","contentUrl":"https:\/\/faus-moliner.com\/wp-content\/uploads\/2023\/03\/Logo-FM-web.jpg","width":400,"height":283,"caption":"Faus Moliner"},"image":{"@id":"https:\/\/faus-moliner.com\/en\/#\/schema\/logo\/image\/"},"sameAs":["https:\/\/www.linkedin.com\/company\/2372042\/admin\/"]},{"@type":"Person","@id":"https:\/\/faus-moliner.com\/en\/#\/schema\/person\/da4b76d949932369d90eaa21ed440260","name":"Jordi Faus","image":{"@type":"ImageObject","inLanguage":"ca","@id":"https:\/\/faus-moliner.com\/en\/#\/schema\/person\/image\/f7cb308a9e6d6fe5434c7ca47ff11be5","url":"https:\/\/secure.gravatar.com\/avatar\/896c20951cba2f462a35f9a554d612f00999b71a73a0ad6a1625c27912d34e52?s=96&d=mm&r=g","contentUrl":"https:\/\/secure.gravatar.com\/avatar\/896c20951cba2f462a35f9a554d612f00999b71a73a0ad6a1625c27912d34e52?s=96&d=mm&r=g","caption":"Jordi Faus"},"description":"Jordi Faus graduated in Law at the Autonomous University of Barcelona (1986) and obtained a degree in Advanced Legal European Studies at the College of Europe in Bruges, Belgium (1987). He also has completed an Executive Management Programme at IESE Business School, in Barcelona.","sameAs":["https:\/\/faus-moliner.com\/"],"url":"https:\/\/faus-moliner.com\/ca\/author\/jordi-faus\/"}]}},"_links":{"self":[{"href":"https:\/\/faus-moliner.com\/ca\/wp-json\/wp\/v2\/posts\/22326","targetHints":{"allow":["GET"]}}],"collection":[{"href":"https:\/\/faus-moliner.com\/ca\/wp-json\/wp\/v2\/posts"}],"about":[{"href":"https:\/\/faus-moliner.com\/ca\/wp-json\/wp\/v2\/types\/post"}],"author":[{"embeddable":true,"href":"https:\/\/faus-moliner.com\/ca\/wp-json\/wp\/v2\/users\/2"}],"replies":[{"embeddable":true,"href":"https:\/\/faus-moliner.com\/ca\/wp-json\/wp\/v2\/comments?post=22326"}],"version-history":[{"count":0,"href":"https:\/\/faus-moliner.com\/ca\/wp-json\/wp\/v2\/posts\/22326\/revisions"}],"wp:attachment":[{"href":"https:\/\/faus-moliner.com\/ca\/wp-json\/wp\/v2\/media?parent=22326"}],"wp:term":[{"taxonomy":"category","embeddable":true,"href":"https:\/\/faus-moliner.com\/ca\/wp-json\/wp\/v2\/categories?post=22326"},{"taxonomy":"post_tag","embeddable":true,"href":"https:\/\/faus-moliner.com\/ca\/wp-json\/wp\/v2\/tags?post=22326"},{"taxonomy":"author","embeddable":true,"href":"https:\/\/faus-moliner.com\/ca\/wp-json\/wp\/v2\/coauthors?post=22326"}],"curies":[{"name":"wp","href":"https:\/\/api.w.org\/{rel}","templated":true}]}}