{"id":22693,"date":"2020-03-19T15:17:13","date_gmt":"2020-03-19T14:17:13","guid":{"rendered":"https:\/\/faus-moliner.com\/el-gobierno-aprueba-flexibilizar-algunas-normas-a-causa-de-la-crisis-sanitaria-economica-y-social-provocada-por-el-covid-19\/"},"modified":"2020-03-19T18:24:53","modified_gmt":"2020-03-19T17:24:53","slug":"el-gobierno-aprueba-flexibilizar-algunas-normas-a-causa-de-la-crisis-sanitaria-economica-y-social-provocada-por-el-covid-19","status":"publish","type":"post","link":"https:\/\/faus-moliner.com\/ca\/el-gobierno-aprueba-flexibilizar-algunas-normas-a-causa-de-la-crisis-sanitaria-economica-y-social-provocada-por-el-covid-19\/","title":{"rendered":"El gobierno aprueba flexibilizar algunas normas a causa de la crisis sanitaria, econ\u00f3mica y social provocada por el Covid-19"},"content":{"rendered":"\n<p>En nuestro anterior CAPSULAS especial expusimos brevemente las medidas adoptadas en Espa\u00f1a para hacer frente a la situaci\u00f3n sin precedentes provocada por el Covid-19 y que ten\u00edan mayor impacto en las empresas del sector de &#8220;life sciences&#8221;. El martes 17 de marzo, a \u00faltima hora, el BOE public\u00f3 el Real Decreto Ley 8\/2020, mediante el cual el Gobierno aprob\u00f3 algunas medidas extraordinarias de alcance general. El objetivo principal de \u00e9stas es facilitar a las empresas la gesti\u00f3n de ciertas obligaciones legales en el contexto actual de crisis sanitaria, econ\u00f3mica y social provocada por el Covid-19. A tal efecto, se flexibilizan algunas normas en el \u00e1mbito de la contrataci\u00f3n p\u00fablica y del gobierno corporativo de las empresas.<\/p>\n\n\n\n<p><strong>Contratos p\u00fablicos<\/strong><\/p>\n\n\n\n<p>Los contratos p\u00fablicos de suministro o servicios (salvo aquellos contratos cuyo objeto est\u00e9 vinculado con la crisis sanitaria provocada por el Covid-19, los contratos de servicios de seguridad, limpieza o mantenimiento de sistemas inform\u00e1ticos, o los contratos de servicios o suministro necesarios para garantizar la movilidad y la seguridad de las infraestructuras y servicios de transporte) quedan sometidos a un r\u00e9gimen especial.<\/p>\n\n\n\n<p>Los contratos cuya ejecuci\u00f3n sea imposible como consecuencia del Covid-19 o las medidas adoptadas para combatirlo, quedar\u00e1n autom\u00e1ticamente suspendidos desde que no sea posible realizar la prestaci\u00f3n y hasta que \u00e9sta pueda reanudarse. La entidad adjudicadora deber\u00e1 abonar al contratista los da\u00f1os y perjuicios sufridos durante el periodo de suspensi\u00f3n, previa solicitud. Los da\u00f1os indemnizables se limitar\u00e1n a aquellos debidamente acreditados y relacionados con salarios, mantenimiento de garant\u00edas definitivas, alquileres o costes de mantenimiento de maquinaria y p\u00f3lizas de seguros.<\/p>\n\n\n\n<p>Los contratos cuya ejecuci\u00f3n, aun siendo posible, no pueda realizarse en los plazos pactados, se prorrogar\u00e1n, previa solicitud y compromiso de cumplimiento del contratista. En estos casos, el contratista tendr\u00e1 derecho al abono de ciertos gastos salariales (m\u00e1ximo del 10 por 100 del precio inicial del contrato). El nuevo plazo ser\u00e1, al menos, igual al tiempo perdido como consecuencia del Covid-19, o menor si el contratista as\u00ed lo pidiera.<\/p>\n\n\n\n<p>Respecto los contratos de concesi\u00f3n de obras\/servicios, se prev\u00e9 que si como consecuencia de la situaci\u00f3n de hecho creada por el Covid-19 y las medidas adoptadas para combatirlo, los concesionarios pierden ingresos e incrementan los costes soportados, los concesionarios tendr\u00e1n derecho a que se reestablezca el equilibrio econ\u00f3mico del contrato; ya sea con una ampliaci\u00f3n de la duraci\u00f3n inicial (hasta un m\u00e1ximo de un 15%) o mediante la modificaci\u00f3n de las cl\u00e1usulas de contenido econ\u00f3mico.<\/p>\n\n\n\n<p>Por \u00faltimo, si en la fecha de entrada en vigor del Real Decreto-Ley (el 17 de marzo de 2020) hubiera contratos vencidos respecto de los cuales no se hubiera formalizado un nuevo contrato que garantice la continuidad de la prestaci\u00f3n como consecuencia de la paralizaci\u00f3n de los procedimientos de contrataci\u00f3n derivada de la declaraci\u00f3n del Estado de Alarma; se podr\u00e1 prorrogar la vigencia de dichos contratos vencidos hasta un periodo m\u00e1ximo de nueve meses, sin modificar las restantes condiciones del contrato.<br><\/p>\n\n\n\n<p><strong>Gobierno corporativo<\/strong><\/p>\n\n\n\n<p>El Real Decreto-Ley permite que, las reuniones de los consejos de\nadministraci\u00f3n de las empresas y las sesiones de los \u00f3rganos de gobierno y\nadministraci\u00f3n de asociaciones y fundaciones se celebren por videoconferencia.\nLa misma regla ser\u00e1 de aplicaci\u00f3n a las comisiones delegadas y a las dem\u00e1s\ncomisiones obligatorias o voluntarias que tuviera constituidas. Para todo ello\nno ser\u00e1 necesario que los Estatutos lo hayan previsto, pero s\u00ed se exige que el\nsistema de videoconferencia asegure la autenticidad y la conexi\u00f3n bilateral o\nplurilateral en tiempo real con imagen y sonido de los asistentes en remoto. La\nsesi\u00f3n se entender\u00e1 celebrada en el domicilio de la empresa, asociaci\u00f3n o\nfundaci\u00f3n.<\/p>\n\n\n\n<p>Adem\u00e1s, se permite que durante la vigencia del estado de alarma los acuerdos\nsociales de los consejos u otros \u00f3rganos de gobierno se adopten mediante\nvotaci\u00f3n por escrito y sin sesi\u00f3n siempre que lo decida el presidente. Este\nprocedimiento deber\u00e1 emplearse si lo piden al menos dos personas que sean miembros\ndel \u00f3rgano.<\/p>\n\n\n\n<p>Las normas que rigen el procedimiento para adoptar acuerdos mediante\nvotaci\u00f3n por escrito y sin sesi\u00f3n no var\u00edan; el Secretario o Vicesecretario del\nConsejo deber\u00e1n dejar constancia en acta de que el acuerdo se ha adoptado\nmediante este sistema especial de votaci\u00f3n por escrito y sin sesi\u00f3n, del\ncontenido de los acuerdos adoptados, del nombre de los administradores, y del\nvoto emitido por cada uno de ellos. Si este procedimiento especial se ha\nutilizado por decisi\u00f3n del presidente o por haberlo pedido al menos dos\npersonas que sean miembros del \u00f3rgano de gobierno, ser\u00e1 conveniente hacerlo\nconstar as\u00ed en la certificaci\u00f3n. Si este procedimiento especial se ha utilizado\npor as\u00ed haberlo consensuado todos los miembros del \u00f3rgano de gobierno, es\nconveniente que la certificaci\u00f3n deje constancia de dicho consenso. Salvo\ndisposici\u00f3n contraria en los estatutos, el voto por correo deber\u00e1 remitirse\ndentro del plazo de diez d\u00edas a contar desde la fecha en que se reciba la\nsolicitud de emisi\u00f3n del voto. El acuerdo se considerar\u00e1 adoptado en la fecha\nde recepci\u00f3n del \u00faltimo de los votos emitidos.<\/p>\n\n\n\n<p>Por otro lado, se facilita el cumplimiento de la obligaci\u00f3n de formular\ncuentas anuales de 2019 antes del 31 de marzo, que es cuando deber\u00edan hacerlo\nla mayor\u00eda de las sociedades dado que lo habitual es que el ejercicio social\nfinalice al concluir el a\u00f1o natural. En este sentido, el Real Decreto-Ley prev\u00e9\nque las cuentas anuales del ejercicio 2019 podr\u00e1n formularse hasta tres meses\ndespu\u00e9s de la finalizaci\u00f3n del estado de alarma. En el caso que dichas cuentas\nya se hubiesen formulado y fuera obligatoria su verificaci\u00f3n por los auditores,\nla emisi\u00f3n del informe de auditor\u00eda podr\u00e1 hacerse dentro de los dos meses\nsiguientes a que finalice el estado de alarma. Finalmente, la junta general\nordinaria de socios o accionistas, que se debe reunir cada a\u00f1o para aprobar las\ncuentas del ejercicio anterior, podr\u00e1 reunirse dentro de los tres meses\nsiguientes a contar desde que finalice el plazo para formular las cuentas\nanuales.<\/p>\n\n\n\n<p>As\u00ed, por ejemplo, en el caso de que el estado de alarma finalice el 1 de\nabril de 2020, las cuentas de 2019 deber\u00e1n formularse antes del 1 de julio de\n2020 y la junta general ordinaria de accionistas o de socios podr\u00e1 celebrarse\nantes del 1 de octubre de 2020.<\/p>\n","protected":false},"excerpt":{"rendered":"<p>En nuestro anterior CAPSULAS especial expusimos brevemente las medidas adoptadas en Espa\u00f1a para hacer frente a la situaci\u00f3n sin precedentes provocada por el Covid-19 y que ten\u00edan mayor impacto en las empresas del sector de &#8220;life sciences&#8221;. El martes 17 de marzo, a \u00faltima hora, el BOE public\u00f3 el Real Decreto Ley 8\/2020, mediante el&#8230; <\/p>\n<div class=\"clear\"><\/div>\n<p><a href=\"https:\/\/faus-moliner.com\/ca\/el-gobierno-aprueba-flexibilizar-algunas-normas-a-causa-de-la-crisis-sanitaria-economica-y-social-provocada-por-el-covid-19\/\" class=\"excerpt-read-more\">M\u00e9s informaci\u00f3<\/a><\/p>\n","protected":false},"author":2,"featured_media":0,"comment_status":"closed","ping_status":"closed","sticky":false,"template":"","format":"standard","meta":{"_acf_changed":false,"inline_featured_image":false,"footnotes":""},"categories":[272,286,281],"tags":[],"coauthors":[188,529,521,105],"class_list":["post-22693","post","type-post","status-publish","format-standard","hentry","category-capsulas-ca","category-dret-farmaceutic-i-life-sciences","category-govern-corporatiu"],"acf":[],"yoast_head":"<!-- This site is optimized with the Yoast SEO plugin v26.6 - https:\/\/yoast.com\/wordpress\/plugins\/seo\/ -->\n<title>El gobierno aprueba flexibilizar algunas normas a causa de la crisis sanitaria, econ\u00f3mica y social provocada por el Covid-19 - Faus Moliner<\/title>\n<meta name=\"robots\" content=\"index, follow, max-snippet:-1, max-image-preview:large, max-video-preview:-1\" \/>\n<link rel=\"canonical\" href=\"https:\/\/faus-moliner.com\/ca\/el-gobierno-aprueba-flexibilizar-algunas-normas-a-causa-de-la-crisis-sanitaria-economica-y-social-provocada-por-el-covid-19\/\" \/>\n<meta property=\"og:locale\" content=\"ca_ES\" \/>\n<meta property=\"og:type\" content=\"article\" \/>\n<meta property=\"og:title\" content=\"El gobierno aprueba flexibilizar algunas normas a causa de la crisis sanitaria, econ\u00f3mica y social provocada por el Covid-19 - Faus Moliner\" \/>\n<meta property=\"og:description\" content=\"En nuestro anterior CAPSULAS especial expusimos brevemente las medidas adoptadas en Espa\u00f1a para hacer frente a la situaci\u00f3n sin precedentes provocada por el Covid-19 y que ten\u00edan mayor impacto en las empresas del sector de &#8220;life sciences&#8221;. El martes 17 de marzo, a \u00faltima hora, el BOE public\u00f3 el Real Decreto Ley 8\/2020, mediante el... M\u00e9s informaci\u00f3\" \/>\n<meta property=\"og:url\" content=\"https:\/\/faus-moliner.com\/ca\/el-gobierno-aprueba-flexibilizar-algunas-normas-a-causa-de-la-crisis-sanitaria-economica-y-social-provocada-por-el-covid-19\/\" \/>\n<meta property=\"og:site_name\" content=\"Faus Moliner\" \/>\n<meta property=\"article:published_time\" content=\"2020-03-19T14:17:13+00:00\" \/>\n<meta property=\"article:modified_time\" content=\"2020-03-19T17:24:53+00:00\" \/>\n<meta name=\"author\" content=\"Xavier Moliner, Llu\u00eds Alcover, Joan Carles Bailach, Jordi Faus\" \/>\n<meta name=\"twitter:card\" content=\"summary_large_image\" \/>\n<meta name=\"twitter:label1\" content=\"Escrit per\" \/>\n\t<meta name=\"twitter:data1\" content=\"Jordi Faus\" \/>\n\t<meta name=\"twitter:label2\" content=\"Temps estimat de lectura\" \/>\n\t<meta name=\"twitter:data2\" content=\"5 minuts\" \/>\n\t<meta name=\"twitter:label3\" content=\"Written by\" \/>\n\t<meta name=\"twitter:data3\" content=\"Xavier Moliner, Llu\u00eds Alcover, Joan Carles Bailach, Jordi Faus\" \/>\n<script type=\"application\/ld+json\" class=\"yoast-schema-graph\">{\"@context\":\"https:\/\/schema.org\",\"@graph\":[{\"@type\":\"Article\",\"@id\":\"https:\/\/faus-moliner.com\/ca\/el-gobierno-aprueba-flexibilizar-algunas-normas-a-causa-de-la-crisis-sanitaria-economica-y-social-provocada-por-el-covid-19\/#article\",\"isPartOf\":{\"@id\":\"https:\/\/faus-moliner.com\/ca\/el-gobierno-aprueba-flexibilizar-algunas-normas-a-causa-de-la-crisis-sanitaria-economica-y-social-provocada-por-el-covid-19\/\"},\"author\":{\"name\":\"Jordi Faus\",\"@id\":\"https:\/\/faus-moliner.com\/en\/#\/schema\/person\/da4b76d949932369d90eaa21ed440260\"},\"headline\":\"El gobierno aprueba flexibilizar algunas normas a causa de la crisis sanitaria, econ\u00f3mica y social provocada por el Covid-19\",\"datePublished\":\"2020-03-19T14:17:13+00:00\",\"dateModified\":\"2020-03-19T17:24:53+00:00\",\"mainEntityOfPage\":{\"@id\":\"https:\/\/faus-moliner.com\/ca\/el-gobierno-aprueba-flexibilizar-algunas-normas-a-causa-de-la-crisis-sanitaria-economica-y-social-provocada-por-el-covid-19\/\"},\"wordCount\":1112,\"publisher\":{\"@id\":\"https:\/\/faus-moliner.com\/en\/#organization\"},\"articleSection\":[\"Capsulas\",\"Dret Farmac\u00e8utic i \u201cLife Sciences\u201d\",\"Govern Corporatiu\"],\"inLanguage\":\"ca\"},{\"@type\":\"WebPage\",\"@id\":\"https:\/\/faus-moliner.com\/ca\/el-gobierno-aprueba-flexibilizar-algunas-normas-a-causa-de-la-crisis-sanitaria-economica-y-social-provocada-por-el-covid-19\/\",\"url\":\"https:\/\/faus-moliner.com\/ca\/el-gobierno-aprueba-flexibilizar-algunas-normas-a-causa-de-la-crisis-sanitaria-economica-y-social-provocada-por-el-covid-19\/\",\"name\":\"El gobierno aprueba flexibilizar algunas normas a causa de la crisis sanitaria, econ\u00f3mica y social provocada por el Covid-19 - Faus Moliner\",\"isPartOf\":{\"@id\":\"https:\/\/faus-moliner.com\/en\/#website\"},\"datePublished\":\"2020-03-19T14:17:13+00:00\",\"dateModified\":\"2020-03-19T17:24:53+00:00\",\"breadcrumb\":{\"@id\":\"https:\/\/faus-moliner.com\/ca\/el-gobierno-aprueba-flexibilizar-algunas-normas-a-causa-de-la-crisis-sanitaria-economica-y-social-provocada-por-el-covid-19\/#breadcrumb\"},\"inLanguage\":\"ca\",\"potentialAction\":[{\"@type\":\"ReadAction\",\"target\":[\"https:\/\/faus-moliner.com\/ca\/el-gobierno-aprueba-flexibilizar-algunas-normas-a-causa-de-la-crisis-sanitaria-economica-y-social-provocada-por-el-covid-19\/\"]}]},{\"@type\":\"BreadcrumbList\",\"@id\":\"https:\/\/faus-moliner.com\/ca\/el-gobierno-aprueba-flexibilizar-algunas-normas-a-causa-de-la-crisis-sanitaria-economica-y-social-provocada-por-el-covid-19\/#breadcrumb\",\"itemListElement\":[{\"@type\":\"ListItem\",\"position\":1,\"name\":\"Portada\",\"item\":\"https:\/\/faus-moliner.com\/ca\/\"},{\"@type\":\"ListItem\",\"position\":2,\"name\":\"El gobierno aprueba flexibilizar algunas normas a causa de la crisis sanitaria, econ\u00f3mica y social provocada por el Covid-19\"}]},{\"@type\":\"WebSite\",\"@id\":\"https:\/\/faus-moliner.com\/en\/#website\",\"url\":\"https:\/\/faus-moliner.com\/en\/\",\"name\":\"faus-moliner.com\",\"description\":\"Otro sitio realizado con WordPress\",\"publisher\":{\"@id\":\"https:\/\/faus-moliner.com\/en\/#organization\"},\"potentialAction\":[{\"@type\":\"SearchAction\",\"target\":{\"@type\":\"EntryPoint\",\"urlTemplate\":\"https:\/\/faus-moliner.com\/en\/?s={search_term_string}\"},\"query-input\":{\"@type\":\"PropertyValueSpecification\",\"valueRequired\":true,\"valueName\":\"search_term_string\"}}],\"inLanguage\":\"ca\"},{\"@type\":\"Organization\",\"@id\":\"https:\/\/faus-moliner.com\/en\/#organization\",\"name\":\"Faus Moliner\",\"url\":\"https:\/\/faus-moliner.com\/en\/\",\"logo\":{\"@type\":\"ImageObject\",\"inLanguage\":\"ca\",\"@id\":\"https:\/\/faus-moliner.com\/en\/#\/schema\/logo\/image\/\",\"url\":\"https:\/\/faus-moliner.com\/wp-content\/uploads\/2023\/03\/Logo-FM-web.jpg\",\"contentUrl\":\"https:\/\/faus-moliner.com\/wp-content\/uploads\/2023\/03\/Logo-FM-web.jpg\",\"width\":400,\"height\":283,\"caption\":\"Faus Moliner\"},\"image\":{\"@id\":\"https:\/\/faus-moliner.com\/en\/#\/schema\/logo\/image\/\"},\"sameAs\":[\"https:\/\/www.linkedin.com\/company\/2372042\/admin\/\"]},{\"@type\":\"Person\",\"@id\":\"https:\/\/faus-moliner.com\/en\/#\/schema\/person\/da4b76d949932369d90eaa21ed440260\",\"name\":\"Jordi Faus\",\"image\":{\"@type\":\"ImageObject\",\"inLanguage\":\"ca\",\"@id\":\"https:\/\/faus-moliner.com\/en\/#\/schema\/person\/image\/f7cb308a9e6d6fe5434c7ca47ff11be5\",\"url\":\"https:\/\/secure.gravatar.com\/avatar\/896c20951cba2f462a35f9a554d612f00999b71a73a0ad6a1625c27912d34e52?s=96&d=mm&r=g\",\"contentUrl\":\"https:\/\/secure.gravatar.com\/avatar\/896c20951cba2f462a35f9a554d612f00999b71a73a0ad6a1625c27912d34e52?s=96&d=mm&r=g\",\"caption\":\"Jordi Faus\"},\"description\":\"Jordi Faus graduated in Law at the Autonomous University of Barcelona (1986) and obtained a degree in Advanced Legal European Studies at the College of Europe in Bruges, Belgium (1987). He also has completed an Executive Management Programme at IESE Business School, in Barcelona.\",\"sameAs\":[\"https:\/\/faus-moliner.com\/\"],\"url\":\"https:\/\/faus-moliner.com\/ca\/author\/jordi-faus\/\"}]}<\/script>\n<!-- \/ Yoast SEO plugin. -->","yoast_head_json":{"title":"El gobierno aprueba flexibilizar algunas normas a causa de la crisis sanitaria, econ\u00f3mica y social provocada por el Covid-19 - Faus Moliner","robots":{"index":"index","follow":"follow","max-snippet":"max-snippet:-1","max-image-preview":"max-image-preview:large","max-video-preview":"max-video-preview:-1"},"canonical":"https:\/\/faus-moliner.com\/ca\/el-gobierno-aprueba-flexibilizar-algunas-normas-a-causa-de-la-crisis-sanitaria-economica-y-social-provocada-por-el-covid-19\/","og_locale":"ca_ES","og_type":"article","og_title":"El gobierno aprueba flexibilizar algunas normas a causa de la crisis sanitaria, econ\u00f3mica y social provocada por el Covid-19 - Faus Moliner","og_description":"En nuestro anterior CAPSULAS especial expusimos brevemente las medidas adoptadas en Espa\u00f1a para hacer frente a la situaci\u00f3n sin precedentes provocada por el Covid-19 y que ten\u00edan mayor impacto en las empresas del sector de &#8220;life sciences&#8221;. El martes 17 de marzo, a \u00faltima hora, el BOE public\u00f3 el Real Decreto Ley 8\/2020, mediante el... M\u00e9s informaci\u00f3","og_url":"https:\/\/faus-moliner.com\/ca\/el-gobierno-aprueba-flexibilizar-algunas-normas-a-causa-de-la-crisis-sanitaria-economica-y-social-provocada-por-el-covid-19\/","og_site_name":"Faus Moliner","article_published_time":"2020-03-19T14:17:13+00:00","article_modified_time":"2020-03-19T17:24:53+00:00","author":"Xavier Moliner, Llu\u00eds Alcover, Joan Carles Bailach, Jordi Faus","twitter_card":"summary_large_image","twitter_misc":{"Escrit per":"Jordi Faus","Temps estimat de lectura":"5 minuts","Written by":"Xavier Moliner, Llu\u00eds Alcover, Joan Carles Bailach, Jordi Faus"},"schema":{"@context":"https:\/\/schema.org","@graph":[{"@type":"Article","@id":"https:\/\/faus-moliner.com\/ca\/el-gobierno-aprueba-flexibilizar-algunas-normas-a-causa-de-la-crisis-sanitaria-economica-y-social-provocada-por-el-covid-19\/#article","isPartOf":{"@id":"https:\/\/faus-moliner.com\/ca\/el-gobierno-aprueba-flexibilizar-algunas-normas-a-causa-de-la-crisis-sanitaria-economica-y-social-provocada-por-el-covid-19\/"},"author":{"name":"Jordi Faus","@id":"https:\/\/faus-moliner.com\/en\/#\/schema\/person\/da4b76d949932369d90eaa21ed440260"},"headline":"El gobierno aprueba flexibilizar algunas normas a causa de la crisis sanitaria, econ\u00f3mica y social provocada por el Covid-19","datePublished":"2020-03-19T14:17:13+00:00","dateModified":"2020-03-19T17:24:53+00:00","mainEntityOfPage":{"@id":"https:\/\/faus-moliner.com\/ca\/el-gobierno-aprueba-flexibilizar-algunas-normas-a-causa-de-la-crisis-sanitaria-economica-y-social-provocada-por-el-covid-19\/"},"wordCount":1112,"publisher":{"@id":"https:\/\/faus-moliner.com\/en\/#organization"},"articleSection":["Capsulas","Dret Farmac\u00e8utic i \u201cLife Sciences\u201d","Govern Corporatiu"],"inLanguage":"ca"},{"@type":"WebPage","@id":"https:\/\/faus-moliner.com\/ca\/el-gobierno-aprueba-flexibilizar-algunas-normas-a-causa-de-la-crisis-sanitaria-economica-y-social-provocada-por-el-covid-19\/","url":"https:\/\/faus-moliner.com\/ca\/el-gobierno-aprueba-flexibilizar-algunas-normas-a-causa-de-la-crisis-sanitaria-economica-y-social-provocada-por-el-covid-19\/","name":"El gobierno aprueba flexibilizar algunas normas a causa de la crisis sanitaria, econ\u00f3mica y social provocada por el Covid-19 - Faus Moliner","isPartOf":{"@id":"https:\/\/faus-moliner.com\/en\/#website"},"datePublished":"2020-03-19T14:17:13+00:00","dateModified":"2020-03-19T17:24:53+00:00","breadcrumb":{"@id":"https:\/\/faus-moliner.com\/ca\/el-gobierno-aprueba-flexibilizar-algunas-normas-a-causa-de-la-crisis-sanitaria-economica-y-social-provocada-por-el-covid-19\/#breadcrumb"},"inLanguage":"ca","potentialAction":[{"@type":"ReadAction","target":["https:\/\/faus-moliner.com\/ca\/el-gobierno-aprueba-flexibilizar-algunas-normas-a-causa-de-la-crisis-sanitaria-economica-y-social-provocada-por-el-covid-19\/"]}]},{"@type":"BreadcrumbList","@id":"https:\/\/faus-moliner.com\/ca\/el-gobierno-aprueba-flexibilizar-algunas-normas-a-causa-de-la-crisis-sanitaria-economica-y-social-provocada-por-el-covid-19\/#breadcrumb","itemListElement":[{"@type":"ListItem","position":1,"name":"Portada","item":"https:\/\/faus-moliner.com\/ca\/"},{"@type":"ListItem","position":2,"name":"El gobierno aprueba flexibilizar algunas normas a causa de la crisis sanitaria, econ\u00f3mica y social provocada por el Covid-19"}]},{"@type":"WebSite","@id":"https:\/\/faus-moliner.com\/en\/#website","url":"https:\/\/faus-moliner.com\/en\/","name":"faus-moliner.com","description":"Otro sitio realizado con WordPress","publisher":{"@id":"https:\/\/faus-moliner.com\/en\/#organization"},"potentialAction":[{"@type":"SearchAction","target":{"@type":"EntryPoint","urlTemplate":"https:\/\/faus-moliner.com\/en\/?s={search_term_string}"},"query-input":{"@type":"PropertyValueSpecification","valueRequired":true,"valueName":"search_term_string"}}],"inLanguage":"ca"},{"@type":"Organization","@id":"https:\/\/faus-moliner.com\/en\/#organization","name":"Faus Moliner","url":"https:\/\/faus-moliner.com\/en\/","logo":{"@type":"ImageObject","inLanguage":"ca","@id":"https:\/\/faus-moliner.com\/en\/#\/schema\/logo\/image\/","url":"https:\/\/faus-moliner.com\/wp-content\/uploads\/2023\/03\/Logo-FM-web.jpg","contentUrl":"https:\/\/faus-moliner.com\/wp-content\/uploads\/2023\/03\/Logo-FM-web.jpg","width":400,"height":283,"caption":"Faus Moliner"},"image":{"@id":"https:\/\/faus-moliner.com\/en\/#\/schema\/logo\/image\/"},"sameAs":["https:\/\/www.linkedin.com\/company\/2372042\/admin\/"]},{"@type":"Person","@id":"https:\/\/faus-moliner.com\/en\/#\/schema\/person\/da4b76d949932369d90eaa21ed440260","name":"Jordi Faus","image":{"@type":"ImageObject","inLanguage":"ca","@id":"https:\/\/faus-moliner.com\/en\/#\/schema\/person\/image\/f7cb308a9e6d6fe5434c7ca47ff11be5","url":"https:\/\/secure.gravatar.com\/avatar\/896c20951cba2f462a35f9a554d612f00999b71a73a0ad6a1625c27912d34e52?s=96&d=mm&r=g","contentUrl":"https:\/\/secure.gravatar.com\/avatar\/896c20951cba2f462a35f9a554d612f00999b71a73a0ad6a1625c27912d34e52?s=96&d=mm&r=g","caption":"Jordi Faus"},"description":"Jordi Faus graduated in Law at the Autonomous University of Barcelona (1986) and obtained a degree in Advanced Legal European Studies at the College of Europe in Bruges, Belgium (1987). He also has completed an Executive Management Programme at IESE Business School, in Barcelona.","sameAs":["https:\/\/faus-moliner.com\/"],"url":"https:\/\/faus-moliner.com\/ca\/author\/jordi-faus\/"}]}},"_links":{"self":[{"href":"https:\/\/faus-moliner.com\/ca\/wp-json\/wp\/v2\/posts\/22693","targetHints":{"allow":["GET"]}}],"collection":[{"href":"https:\/\/faus-moliner.com\/ca\/wp-json\/wp\/v2\/posts"}],"about":[{"href":"https:\/\/faus-moliner.com\/ca\/wp-json\/wp\/v2\/types\/post"}],"author":[{"embeddable":true,"href":"https:\/\/faus-moliner.com\/ca\/wp-json\/wp\/v2\/users\/2"}],"replies":[{"embeddable":true,"href":"https:\/\/faus-moliner.com\/ca\/wp-json\/wp\/v2\/comments?post=22693"}],"version-history":[{"count":0,"href":"https:\/\/faus-moliner.com\/ca\/wp-json\/wp\/v2\/posts\/22693\/revisions"}],"wp:attachment":[{"href":"https:\/\/faus-moliner.com\/ca\/wp-json\/wp\/v2\/media?parent=22693"}],"wp:term":[{"taxonomy":"category","embeddable":true,"href":"https:\/\/faus-moliner.com\/ca\/wp-json\/wp\/v2\/categories?post=22693"},{"taxonomy":"post_tag","embeddable":true,"href":"https:\/\/faus-moliner.com\/ca\/wp-json\/wp\/v2\/tags?post=22693"},{"taxonomy":"author","embeddable":true,"href":"https:\/\/faus-moliner.com\/ca\/wp-json\/wp\/v2\/coauthors?post=22693"}],"curies":[{"name":"wp","href":"https:\/\/api.w.org\/{rel}","templated":true}]}}