{"id":31351,"date":"2023-01-16T14:12:32","date_gmt":"2023-01-16T13:12:32","guid":{"rendered":"https:\/\/faus-moliner.com\/acceso-a-medicamentos-y-derechos-fundamentales-de-los-pacientes\/"},"modified":"2023-01-16T15:18:20","modified_gmt":"2023-01-16T14:18:20","slug":"acceso-a-medicamentos-y-derechos-fundamentales-de-los-pacientes","status":"publish","type":"post","link":"https:\/\/faus-moliner.com\/ca\/acceso-a-medicamentos-y-derechos-fundamentales-de-los-pacientes\/","title":{"rendered":"Acceso a medicamentos y derechos fundamentales de los pacientes"},"content":{"rendered":"\n<p><strong>Antecedentes<\/strong><\/p>\n\n\n\n<p>Un ciudadano ruso que padec\u00eda leucemia recib\u00eda atenci\u00f3n m\u00e9dica en los Pa\u00edses Bajos. Su tratamiento inclu\u00eda la administraci\u00f3n de cannabis medicinal con fin analg\u00e9sico. El uso de cannabis medicinal no est\u00e1 autorizado en Rusia.<\/p>\n\n\n\n<p>Tras presentar varias solicitudes de asilo en los Pa\u00edses Bajos y haber sido desestimadas, se dict\u00f3 una decisi\u00f3n de retorno a Rusia en 2020. El afectado recurri\u00f3 solicitando que se le otorgase un permiso de residencia o que, al menos, se aplazase la expulsi\u00f3n, y aleg\u00f3 que el tratamiento con cannabis le resultaba tan esencial que no podr\u00eda llevar una vida digna si se interrumpiese. El Tribunal de Primera Instancia de La Haya acord\u00f3 acudir al Tribunal de Justicia (TJUE) para dilucidar, en esencia, si el Derecho de la Uni\u00f3n se opone a que se dicte una medida de expulsi\u00f3n en estas circunstancias.<\/p>\n\n\n\n<p><strong>La decisi\u00f3n del TJUE<\/strong><\/p>\n\n\n\n<p>El TJUE considera, a la luz de su propia jurisprudencia y de la del Tribunal Europeo de Derechos Humanos (TEDH), que el Derecho de la Uni\u00f3n se opone, en algunos casos, a que los Estados miembros expulsen de su territorio a ciudadanos de pa\u00edses terceros que, aun encontr\u00e1ndose en situaci\u00f3n irregular, est\u00e1n aquejados de alguna enfermedad grave. Esta expulsi\u00f3n, seg\u00fan el TJUE, es ilegal si existen razones serias y fundadas para creer que con ella se expone al ciudadano a un peligro real de aumento r\u00e1pido, considerable e irreparable, del dolor que le provoca la enfermedad. Esto puede suceder, se\u00f1ala la sentencia, si en el pa\u00eds de destino el paciente no podr\u00e1 tener acceso a una atenci\u00f3n adecuada.<\/p>\n\n\n\n<p>En particular, el TJUE declara que, en estos casos, una decisi\u00f3n de expulsi\u00f3n o retorno ser\u00eda contraria al art\u00edculo 3 del Convenio Europeo de Derechos Humanos y al art\u00edculo 4 de la Carta de Derechos Fundamentales de la UE, que proh\u00edben la tortura, las penas o los tratos inhumanos o degradantes. El Tribunal precisa, adem\u00e1s, que el umbral de gravedad no debe interpretarse de forma estricta, sino que ha de tenerse en cuenta que el dolor o el agravamiento de una enfermedad puede ser progresivo y pasar cierto tiempo para que sea considerable o irreparable.<\/p>\n\n\n\n<p><strong>Ideas clave<\/strong><\/p>\n\n\n\n<p>M\u00e1s all\u00e1 de la interpretaci\u00f3n que el TJUE realiza del Derecho de la Uni\u00f3n en materia de extranjer\u00eda, esta sentencia es un caso m\u00e1s en el cual se vincula el acceso a un tratamiento o un medicamento con los derechos fundamentales de los pacientes. En particular, la sentencia reconoce que una decisi\u00f3n administrativa \u2013 en este caso, de expulsi\u00f3n o retorno de un paciente a otro pa\u00eds que impida seguir con un tratamiento m\u00e9dico- puede afectar derechos fundamentales si supone impedir el acceso a un f\u00e1rmaco y con ello se agrava la enfermedad de paciente.<\/p>\n\n\n\n<p>En Espa\u00f1a, ya existe jurisprudencia indicando que impedir el acceso a tratamientos debidamente prescritos puede conculcar derechos fundamentales de los pacientes tales como el derecho a la igualdad (art 14 CE) o el derecho a la vida y a la integridad f\u00edsica (art. 15 CE).<\/p>\n","protected":false},"excerpt":{"rendered":"<p>Antecedentes Un ciudadano ruso que padec\u00eda leucemia recib\u00eda atenci\u00f3n m\u00e9dica en los Pa\u00edses Bajos. Su tratamiento inclu\u00eda la administraci\u00f3n de cannabis medicinal con fin analg\u00e9sico. El uso de cannabis medicinal no est\u00e1 autorizado en Rusia. Tras presentar varias solicitudes de asilo en los Pa\u00edses Bajos y haber sido desestimadas, se dict\u00f3 una decisi\u00f3n de retorno&#8230; <\/p>\n<div class=\"clear\"><\/div>\n<p><a href=\"https:\/\/faus-moliner.com\/ca\/acceso-a-medicamentos-y-derechos-fundamentales-de-los-pacientes\/\" class=\"excerpt-read-more\">M\u00e9s informaci\u00f3<\/a><\/p>\n","protected":false},"author":2,"featured_media":0,"comment_status":"closed","ping_status":"closed","sticky":false,"template":"","format":"standard","meta":{"_acf_changed":false,"inline_featured_image":false,"footnotes":""},"categories":[272,286,311],"tags":[],"coauthors":[527,105],"class_list":["post-31351","post","type-post","status-publish","format-standard","hentry","category-capsulas-ca","category-dret-farmaceutic-i-life-sciences","category-regulatory-dret-farmaceutic-i-life-sciences"],"acf":[],"yoast_head":"<!-- This site is optimized with the Yoast SEO plugin v26.6 - https:\/\/yoast.com\/wordpress\/plugins\/seo\/ -->\n<title>Acceso a medicamentos y derechos fundamentales de los pacientes - Faus Moliner<\/title>\n<meta name=\"robots\" content=\"index, follow, max-snippet:-1, max-image-preview:large, max-video-preview:-1\" \/>\n<link rel=\"canonical\" href=\"https:\/\/faus-moliner.com\/ca\/acceso-a-medicamentos-y-derechos-fundamentales-de-los-pacientes\/\" \/>\n<meta property=\"og:locale\" content=\"ca_ES\" \/>\n<meta property=\"og:type\" content=\"article\" \/>\n<meta property=\"og:title\" content=\"Acceso a medicamentos y derechos fundamentales de los pacientes - Faus Moliner\" \/>\n<meta property=\"og:description\" content=\"Antecedentes Un ciudadano ruso que padec\u00eda leucemia recib\u00eda atenci\u00f3n m\u00e9dica en los Pa\u00edses Bajos. Su tratamiento inclu\u00eda la administraci\u00f3n de cannabis medicinal con fin analg\u00e9sico. El uso de cannabis medicinal no est\u00e1 autorizado en Rusia. Tras presentar varias solicitudes de asilo en los Pa\u00edses Bajos y haber sido desestimadas, se dict\u00f3 una decisi\u00f3n de retorno... M\u00e9s informaci\u00f3\" \/>\n<meta property=\"og:url\" content=\"https:\/\/faus-moliner.com\/ca\/acceso-a-medicamentos-y-derechos-fundamentales-de-los-pacientes\/\" \/>\n<meta property=\"og:site_name\" content=\"Faus Moliner\" \/>\n<meta property=\"article:published_time\" content=\"2023-01-16T13:12:32+00:00\" \/>\n<meta property=\"article:modified_time\" content=\"2023-01-16T14:18:20+00:00\" \/>\n<meta name=\"author\" content=\"Laia Rull, Jordi Faus\" \/>\n<meta name=\"twitter:card\" content=\"summary_large_image\" \/>\n<meta name=\"twitter:label1\" content=\"Escrit per\" \/>\n\t<meta name=\"twitter:data1\" content=\"Jordi Faus\" \/>\n\t<meta name=\"twitter:label2\" content=\"Temps estimat de lectura\" \/>\n\t<meta name=\"twitter:data2\" content=\"3 minuts\" \/>\n\t<meta name=\"twitter:label3\" content=\"Written by\" \/>\n\t<meta name=\"twitter:data3\" content=\"Laia Rull, Jordi Faus\" \/>\n<script type=\"application\/ld+json\" class=\"yoast-schema-graph\">{\"@context\":\"https:\/\/schema.org\",\"@graph\":[{\"@type\":\"Article\",\"@id\":\"https:\/\/faus-moliner.com\/ca\/acceso-a-medicamentos-y-derechos-fundamentales-de-los-pacientes\/#article\",\"isPartOf\":{\"@id\":\"https:\/\/faus-moliner.com\/ca\/acceso-a-medicamentos-y-derechos-fundamentales-de-los-pacientes\/\"},\"author\":{\"name\":\"Jordi Faus\",\"@id\":\"https:\/\/faus-moliner.com\/en\/#\/schema\/person\/da4b76d949932369d90eaa21ed440260\"},\"headline\":\"Acceso a medicamentos y derechos fundamentales de los pacientes\",\"datePublished\":\"2023-01-16T13:12:32+00:00\",\"dateModified\":\"2023-01-16T14:18:20+00:00\",\"mainEntityOfPage\":{\"@id\":\"https:\/\/faus-moliner.com\/ca\/acceso-a-medicamentos-y-derechos-fundamentales-de-los-pacientes\/\"},\"wordCount\":545,\"publisher\":{\"@id\":\"https:\/\/faus-moliner.com\/en\/#organization\"},\"articleSection\":[\"Capsulas\",\"Dret Farmac\u00e8utic i \u201cLife Sciences\u201d\",\"Regulatory\"],\"inLanguage\":\"ca\"},{\"@type\":\"WebPage\",\"@id\":\"https:\/\/faus-moliner.com\/ca\/acceso-a-medicamentos-y-derechos-fundamentales-de-los-pacientes\/\",\"url\":\"https:\/\/faus-moliner.com\/ca\/acceso-a-medicamentos-y-derechos-fundamentales-de-los-pacientes\/\",\"name\":\"Acceso a medicamentos y derechos fundamentales de los pacientes - Faus Moliner\",\"isPartOf\":{\"@id\":\"https:\/\/faus-moliner.com\/en\/#website\"},\"datePublished\":\"2023-01-16T13:12:32+00:00\",\"dateModified\":\"2023-01-16T14:18:20+00:00\",\"breadcrumb\":{\"@id\":\"https:\/\/faus-moliner.com\/ca\/acceso-a-medicamentos-y-derechos-fundamentales-de-los-pacientes\/#breadcrumb\"},\"inLanguage\":\"ca\",\"potentialAction\":[{\"@type\":\"ReadAction\",\"target\":[\"https:\/\/faus-moliner.com\/ca\/acceso-a-medicamentos-y-derechos-fundamentales-de-los-pacientes\/\"]}]},{\"@type\":\"BreadcrumbList\",\"@id\":\"https:\/\/faus-moliner.com\/ca\/acceso-a-medicamentos-y-derechos-fundamentales-de-los-pacientes\/#breadcrumb\",\"itemListElement\":[{\"@type\":\"ListItem\",\"position\":1,\"name\":\"Portada\",\"item\":\"https:\/\/faus-moliner.com\/ca\/\"},{\"@type\":\"ListItem\",\"position\":2,\"name\":\"Acceso a medicamentos y derechos fundamentales de los pacientes\"}]},{\"@type\":\"WebSite\",\"@id\":\"https:\/\/faus-moliner.com\/en\/#website\",\"url\":\"https:\/\/faus-moliner.com\/en\/\",\"name\":\"faus-moliner.com\",\"description\":\"Otro sitio realizado con WordPress\",\"publisher\":{\"@id\":\"https:\/\/faus-moliner.com\/en\/#organization\"},\"potentialAction\":[{\"@type\":\"SearchAction\",\"target\":{\"@type\":\"EntryPoint\",\"urlTemplate\":\"https:\/\/faus-moliner.com\/en\/?s={search_term_string}\"},\"query-input\":{\"@type\":\"PropertyValueSpecification\",\"valueRequired\":true,\"valueName\":\"search_term_string\"}}],\"inLanguage\":\"ca\"},{\"@type\":\"Organization\",\"@id\":\"https:\/\/faus-moliner.com\/en\/#organization\",\"name\":\"Faus Moliner\",\"url\":\"https:\/\/faus-moliner.com\/en\/\",\"logo\":{\"@type\":\"ImageObject\",\"inLanguage\":\"ca\",\"@id\":\"https:\/\/faus-moliner.com\/en\/#\/schema\/logo\/image\/\",\"url\":\"https:\/\/faus-moliner.com\/wp-content\/uploads\/2023\/03\/Logo-FM-web.jpg\",\"contentUrl\":\"https:\/\/faus-moliner.com\/wp-content\/uploads\/2023\/03\/Logo-FM-web.jpg\",\"width\":400,\"height\":283,\"caption\":\"Faus Moliner\"},\"image\":{\"@id\":\"https:\/\/faus-moliner.com\/en\/#\/schema\/logo\/image\/\"},\"sameAs\":[\"https:\/\/www.linkedin.com\/company\/2372042\/admin\/\"]},{\"@type\":\"Person\",\"@id\":\"https:\/\/faus-moliner.com\/en\/#\/schema\/person\/da4b76d949932369d90eaa21ed440260\",\"name\":\"Jordi Faus\",\"image\":{\"@type\":\"ImageObject\",\"inLanguage\":\"ca\",\"@id\":\"https:\/\/faus-moliner.com\/en\/#\/schema\/person\/image\/f7cb308a9e6d6fe5434c7ca47ff11be5\",\"url\":\"https:\/\/secure.gravatar.com\/avatar\/896c20951cba2f462a35f9a554d612f00999b71a73a0ad6a1625c27912d34e52?s=96&d=mm&r=g\",\"contentUrl\":\"https:\/\/secure.gravatar.com\/avatar\/896c20951cba2f462a35f9a554d612f00999b71a73a0ad6a1625c27912d34e52?s=96&d=mm&r=g\",\"caption\":\"Jordi Faus\"},\"description\":\"Jordi Faus graduated in Law at the Autonomous University of Barcelona (1986) and obtained a degree in Advanced Legal European Studies at the College of Europe in Bruges, Belgium (1987). He also has completed an Executive Management Programme at IESE Business School, in Barcelona.\",\"sameAs\":[\"https:\/\/faus-moliner.com\/\"],\"url\":\"https:\/\/faus-moliner.com\/ca\/author\/jordi-faus\/\"}]}<\/script>\n<!-- \/ Yoast SEO plugin. -->","yoast_head_json":{"title":"Acceso a medicamentos y derechos fundamentales de los pacientes - Faus Moliner","robots":{"index":"index","follow":"follow","max-snippet":"max-snippet:-1","max-image-preview":"max-image-preview:large","max-video-preview":"max-video-preview:-1"},"canonical":"https:\/\/faus-moliner.com\/ca\/acceso-a-medicamentos-y-derechos-fundamentales-de-los-pacientes\/","og_locale":"ca_ES","og_type":"article","og_title":"Acceso a medicamentos y derechos fundamentales de los pacientes - Faus Moliner","og_description":"Antecedentes Un ciudadano ruso que padec\u00eda leucemia recib\u00eda atenci\u00f3n m\u00e9dica en los Pa\u00edses Bajos. Su tratamiento inclu\u00eda la administraci\u00f3n de cannabis medicinal con fin analg\u00e9sico. El uso de cannabis medicinal no est\u00e1 autorizado en Rusia. Tras presentar varias solicitudes de asilo en los Pa\u00edses Bajos y haber sido desestimadas, se dict\u00f3 una decisi\u00f3n de retorno... M\u00e9s informaci\u00f3","og_url":"https:\/\/faus-moliner.com\/ca\/acceso-a-medicamentos-y-derechos-fundamentales-de-los-pacientes\/","og_site_name":"Faus Moliner","article_published_time":"2023-01-16T13:12:32+00:00","article_modified_time":"2023-01-16T14:18:20+00:00","author":"Laia Rull, Jordi Faus","twitter_card":"summary_large_image","twitter_misc":{"Escrit per":"Jordi Faus","Temps estimat de lectura":"3 minuts","Written by":"Laia Rull, Jordi Faus"},"schema":{"@context":"https:\/\/schema.org","@graph":[{"@type":"Article","@id":"https:\/\/faus-moliner.com\/ca\/acceso-a-medicamentos-y-derechos-fundamentales-de-los-pacientes\/#article","isPartOf":{"@id":"https:\/\/faus-moliner.com\/ca\/acceso-a-medicamentos-y-derechos-fundamentales-de-los-pacientes\/"},"author":{"name":"Jordi Faus","@id":"https:\/\/faus-moliner.com\/en\/#\/schema\/person\/da4b76d949932369d90eaa21ed440260"},"headline":"Acceso a medicamentos y derechos fundamentales de los pacientes","datePublished":"2023-01-16T13:12:32+00:00","dateModified":"2023-01-16T14:18:20+00:00","mainEntityOfPage":{"@id":"https:\/\/faus-moliner.com\/ca\/acceso-a-medicamentos-y-derechos-fundamentales-de-los-pacientes\/"},"wordCount":545,"publisher":{"@id":"https:\/\/faus-moliner.com\/en\/#organization"},"articleSection":["Capsulas","Dret Farmac\u00e8utic i \u201cLife Sciences\u201d","Regulatory"],"inLanguage":"ca"},{"@type":"WebPage","@id":"https:\/\/faus-moliner.com\/ca\/acceso-a-medicamentos-y-derechos-fundamentales-de-los-pacientes\/","url":"https:\/\/faus-moliner.com\/ca\/acceso-a-medicamentos-y-derechos-fundamentales-de-los-pacientes\/","name":"Acceso a medicamentos y derechos fundamentales de los pacientes - Faus Moliner","isPartOf":{"@id":"https:\/\/faus-moliner.com\/en\/#website"},"datePublished":"2023-01-16T13:12:32+00:00","dateModified":"2023-01-16T14:18:20+00:00","breadcrumb":{"@id":"https:\/\/faus-moliner.com\/ca\/acceso-a-medicamentos-y-derechos-fundamentales-de-los-pacientes\/#breadcrumb"},"inLanguage":"ca","potentialAction":[{"@type":"ReadAction","target":["https:\/\/faus-moliner.com\/ca\/acceso-a-medicamentos-y-derechos-fundamentales-de-los-pacientes\/"]}]},{"@type":"BreadcrumbList","@id":"https:\/\/faus-moliner.com\/ca\/acceso-a-medicamentos-y-derechos-fundamentales-de-los-pacientes\/#breadcrumb","itemListElement":[{"@type":"ListItem","position":1,"name":"Portada","item":"https:\/\/faus-moliner.com\/ca\/"},{"@type":"ListItem","position":2,"name":"Acceso a medicamentos y derechos fundamentales de los pacientes"}]},{"@type":"WebSite","@id":"https:\/\/faus-moliner.com\/en\/#website","url":"https:\/\/faus-moliner.com\/en\/","name":"faus-moliner.com","description":"Otro sitio realizado con WordPress","publisher":{"@id":"https:\/\/faus-moliner.com\/en\/#organization"},"potentialAction":[{"@type":"SearchAction","target":{"@type":"EntryPoint","urlTemplate":"https:\/\/faus-moliner.com\/en\/?s={search_term_string}"},"query-input":{"@type":"PropertyValueSpecification","valueRequired":true,"valueName":"search_term_string"}}],"inLanguage":"ca"},{"@type":"Organization","@id":"https:\/\/faus-moliner.com\/en\/#organization","name":"Faus Moliner","url":"https:\/\/faus-moliner.com\/en\/","logo":{"@type":"ImageObject","inLanguage":"ca","@id":"https:\/\/faus-moliner.com\/en\/#\/schema\/logo\/image\/","url":"https:\/\/faus-moliner.com\/wp-content\/uploads\/2023\/03\/Logo-FM-web.jpg","contentUrl":"https:\/\/faus-moliner.com\/wp-content\/uploads\/2023\/03\/Logo-FM-web.jpg","width":400,"height":283,"caption":"Faus Moliner"},"image":{"@id":"https:\/\/faus-moliner.com\/en\/#\/schema\/logo\/image\/"},"sameAs":["https:\/\/www.linkedin.com\/company\/2372042\/admin\/"]},{"@type":"Person","@id":"https:\/\/faus-moliner.com\/en\/#\/schema\/person\/da4b76d949932369d90eaa21ed440260","name":"Jordi Faus","image":{"@type":"ImageObject","inLanguage":"ca","@id":"https:\/\/faus-moliner.com\/en\/#\/schema\/person\/image\/f7cb308a9e6d6fe5434c7ca47ff11be5","url":"https:\/\/secure.gravatar.com\/avatar\/896c20951cba2f462a35f9a554d612f00999b71a73a0ad6a1625c27912d34e52?s=96&d=mm&r=g","contentUrl":"https:\/\/secure.gravatar.com\/avatar\/896c20951cba2f462a35f9a554d612f00999b71a73a0ad6a1625c27912d34e52?s=96&d=mm&r=g","caption":"Jordi Faus"},"description":"Jordi Faus graduated in Law at the Autonomous University of Barcelona (1986) and obtained a degree in Advanced Legal European Studies at the College of Europe in Bruges, Belgium (1987). He also has completed an Executive Management Programme at IESE Business School, in Barcelona.","sameAs":["https:\/\/faus-moliner.com\/"],"url":"https:\/\/faus-moliner.com\/ca\/author\/jordi-faus\/"}]}},"_links":{"self":[{"href":"https:\/\/faus-moliner.com\/ca\/wp-json\/wp\/v2\/posts\/31351","targetHints":{"allow":["GET"]}}],"collection":[{"href":"https:\/\/faus-moliner.com\/ca\/wp-json\/wp\/v2\/posts"}],"about":[{"href":"https:\/\/faus-moliner.com\/ca\/wp-json\/wp\/v2\/types\/post"}],"author":[{"embeddable":true,"href":"https:\/\/faus-moliner.com\/ca\/wp-json\/wp\/v2\/users\/2"}],"replies":[{"embeddable":true,"href":"https:\/\/faus-moliner.com\/ca\/wp-json\/wp\/v2\/comments?post=31351"}],"version-history":[{"count":3,"href":"https:\/\/faus-moliner.com\/ca\/wp-json\/wp\/v2\/posts\/31351\/revisions"}],"predecessor-version":[{"id":31354,"href":"https:\/\/faus-moliner.com\/ca\/wp-json\/wp\/v2\/posts\/31351\/revisions\/31354"}],"wp:attachment":[{"href":"https:\/\/faus-moliner.com\/ca\/wp-json\/wp\/v2\/media?parent=31351"}],"wp:term":[{"taxonomy":"category","embeddable":true,"href":"https:\/\/faus-moliner.com\/ca\/wp-json\/wp\/v2\/categories?post=31351"},{"taxonomy":"post_tag","embeddable":true,"href":"https:\/\/faus-moliner.com\/ca\/wp-json\/wp\/v2\/tags?post=31351"},{"taxonomy":"author","embeddable":true,"href":"https:\/\/faus-moliner.com\/ca\/wp-json\/wp\/v2\/coauthors?post=31351"}],"curies":[{"name":"wp","href":"https:\/\/api.w.org\/{rel}","templated":true}]}}