{"id":32820,"date":"2023-06-02T14:22:22","date_gmt":"2023-06-02T13:22:22","guid":{"rendered":"https:\/\/faus-moliner.com\/faus-moliner-participa-en-el-eu-pharmaceutical-law-forum-2\/"},"modified":"2023-06-06T08:15:42","modified_gmt":"2023-06-06T07:15:42","slug":"faus-moliner-participa-en-el-eu-pharmaceutical-law-forum-2","status":"publish","type":"post","link":"https:\/\/faus-moliner.com\/ca\/faus-moliner-participa-en-el-eu-pharmaceutical-law-forum-2\/","title":{"rendered":"Faus Moliner participa al EU Pharmaceutical Law Forum"},"content":{"rendered":"\n<p>La 32a edici\u00f3 del&nbsp;Informa&nbsp;European&nbsp;Pharmaceutical&nbsp;Law&nbsp;F\u00f2rum va tenir lloc a Brussel\u00b7les del 24 al 26 de maig de 2023.<\/p>\n\n\n\n<p>Com en altres edicions anteriors, diverses taules rodones van abordar temes i desenvolupaments clau en el Dret Farmac\u00e8utic de la UE.<\/p>\n\n\n\n<p>Jordi Faus, juntament amb&nbsp;Ilja&nbsp;Moree&nbsp;(Novartis&nbsp;AG)&nbsp;i&nbsp;Kirsten&nbsp;Broeckers, (Novartis&nbsp;Gene&nbsp;Therapies&nbsp;GmbH), va parlar sobre les q\u00fcestions jur\u00eddiques plantejades pels nous esquemes de relaci\u00f3 entre les empreses farmac\u00e8utiques i els sistemes p\u00fablics de salut; advocant  que es passi d&#8217;un f\u00e0cil &#8220;no&#8221; a un entorn m\u00e9s desafiant de &#8220;favor&nbsp;libertatis&#8221;.<\/p>\n\n\n\n<p> En la seva presentaci\u00f3, Jordi va exposar algunes idees sobre com conciliar aquests esquemes amb les normes de contractaci\u00f3 p\u00fablica, i va abordar breument aspectes relacionats amb el dret de la compet\u00e8ncia, el compliment i la transpar\u00e8ncia. El debat tamb\u00e9 va il\u00b7lustrar com la tend\u00e8ncia a autoritzacions de comercialitzaci\u00f3 i resolucions sobre preus i reemborsaments m\u00e9s sofisticades pot facilitar aquests nous esquemes.<\/p>\n\n\n\n<p><\/p>\n\n\n\n<figure class=\"wp-block-image size-large is-resized\"><img loading=\"lazy\" decoding=\"async\" src=\"https:\/\/faus-moliner.com\/wp-content\/uploads\/2023\/06\/Foto-portada-1024x678.jpg\" alt=\"\" class=\"wp-image-32797\" width=\"706\" height=\"467\" srcset=\"https:\/\/faus-moliner.com\/wp-content\/uploads\/2023\/06\/Foto-portada-1024x678.jpg 1024w, https:\/\/faus-moliner.com\/wp-content\/uploads\/2023\/06\/Foto-portada-300x199.jpg 300w, https:\/\/faus-moliner.com\/wp-content\/uploads\/2023\/06\/Foto-portada-27x18.jpg 27w, https:\/\/faus-moliner.com\/wp-content\/uploads\/2023\/06\/Foto-portada-768x508.jpg 768w, https:\/\/faus-moliner.com\/wp-content\/uploads\/2023\/06\/Foto-portada.jpg 1234w\" sizes=\"auto, (max-width: 706px) 100vw, 706px\" \/><\/figure>\n\n\n\n<p><\/p>\n\n\n\n<p><\/p>\n\n\n\n<figure class=\"wp-block-image size-large is-resized\"><img loading=\"lazy\" decoding=\"async\" src=\"https:\/\/faus-moliner.com\/wp-content\/uploads\/2023\/06\/2023-05-25-Panel-photo2-1024x768.jpg\" alt=\"\" class=\"wp-image-32800\" width=\"715\" height=\"536\" srcset=\"https:\/\/faus-moliner.com\/wp-content\/uploads\/2023\/06\/2023-05-25-Panel-photo2-1024x768.jpg 1024w, https:\/\/faus-moliner.com\/wp-content\/uploads\/2023\/06\/2023-05-25-Panel-photo2-300x225.jpg 300w, https:\/\/faus-moliner.com\/wp-content\/uploads\/2023\/06\/2023-05-25-Panel-photo2-24x18.jpg 24w, https:\/\/faus-moliner.com\/wp-content\/uploads\/2023\/06\/2023-05-25-Panel-photo2-768x576.jpg 768w, https:\/\/faus-moliner.com\/wp-content\/uploads\/2023\/06\/2023-05-25-Panel-photo2-1536x1152.jpg 1536w, https:\/\/faus-moliner.com\/wp-content\/uploads\/2023\/06\/2023-05-25-Panel-photo2-400x300.jpg 400w, https:\/\/faus-moliner.com\/wp-content\/uploads\/2023\/06\/2023-05-25-Panel-photo2.jpg 1600w\" sizes=\"auto, (max-width: 715px) 100vw, 715px\" \/><\/figure>\n","protected":false},"excerpt":{"rendered":"<p>La 32a edici\u00f3 del&nbsp;Informa&nbsp;European&nbsp;Pharmaceutical&nbsp;Law&nbsp;F\u00f2rum va tenir lloc a Brussel\u00b7les del 24 al 26 de maig de 2023. Com en altres edicions anteriors, diverses taules rodones van abordar temes i desenvolupaments clau en el Dret Farmac\u00e8utic de la UE. Jordi Faus, juntament amb&nbsp;Ilja&nbsp;Moree&nbsp;(Novartis&nbsp;AG)&nbsp;i&nbsp;Kirsten&nbsp;Broeckers, (Novartis&nbsp;Gene&nbsp;Therapies&nbsp;GmbH), va parlar sobre les q\u00fcestions jur\u00eddiques plantejades pels nous esquemes de relaci\u00f3&#8230; <\/p>\n<div class=\"clear\"><\/div>\n<p><a href=\"https:\/\/faus-moliner.com\/ca\/faus-moliner-participa-en-el-eu-pharmaceutical-law-forum-2\/\" class=\"excerpt-read-more\">M\u00e9s informaci\u00f3<\/a><\/p>\n","protected":false},"author":1,"featured_media":0,"comment_status":"closed","ping_status":"closed","sticky":false,"template":"","format":"standard","meta":{"_acf_changed":false,"inline_featured_image":false,"footnotes":""},"categories":[356],"tags":[],"coauthors":[106],"class_list":["post-32820","post","type-post","status-publish","format-standard","hentry","category-noticies-i-events"],"acf":[],"yoast_head":"<!-- This site is optimized with the Yoast SEO plugin v26.6 - https:\/\/yoast.com\/wordpress\/plugins\/seo\/ -->\n<title>Faus Moliner participa al EU Pharmaceutical Law Forum - Faus Moliner<\/title>\n<meta name=\"robots\" content=\"index, follow, max-snippet:-1, max-image-preview:large, max-video-preview:-1\" \/>\n<link rel=\"canonical\" href=\"https:\/\/faus-moliner.com\/ca\/faus-moliner-participa-en-el-eu-pharmaceutical-law-forum-2\/\" \/>\n<meta property=\"og:locale\" content=\"ca_ES\" \/>\n<meta property=\"og:type\" content=\"article\" \/>\n<meta property=\"og:title\" content=\"Faus Moliner participa al EU Pharmaceutical Law Forum - Faus Moliner\" \/>\n<meta property=\"og:description\" content=\"La 32a edici\u00f3 del&nbsp;Informa&nbsp;European&nbsp;Pharmaceutical&nbsp;Law&nbsp;F\u00f2rum va tenir lloc a Brussel\u00b7les del 24 al 26 de maig de 2023. Com en altres edicions anteriors, diverses taules rodones van abordar temes i desenvolupaments clau en el Dret Farmac\u00e8utic de la UE. Jordi Faus, juntament amb&nbsp;Ilja&nbsp;Moree&nbsp;(Novartis&nbsp;AG)&nbsp;i&nbsp;Kirsten&nbsp;Broeckers, (Novartis&nbsp;Gene&nbsp;Therapies&nbsp;GmbH), va parlar sobre les q\u00fcestions jur\u00eddiques plantejades pels nous esquemes de relaci\u00f3... M\u00e9s informaci\u00f3\" \/>\n<meta property=\"og:url\" content=\"https:\/\/faus-moliner.com\/ca\/faus-moliner-participa-en-el-eu-pharmaceutical-law-forum-2\/\" \/>\n<meta property=\"og:site_name\" content=\"Faus Moliner\" \/>\n<meta property=\"article:published_time\" content=\"2023-06-02T13:22:22+00:00\" \/>\n<meta property=\"article:modified_time\" content=\"2023-06-06T07:15:42+00:00\" \/>\n<meta property=\"og:image\" content=\"https:\/\/faus-moliner.com\/wp-content\/uploads\/2023\/06\/Foto-portada-1024x678.jpg\" \/>\n<meta name=\"author\" content=\"Faus Moliner\" \/>\n<meta name=\"twitter:card\" content=\"summary_large_image\" \/>\n<meta name=\"twitter:label1\" content=\"Escrit per\" \/>\n\t<meta name=\"twitter:data1\" content=\"Faus Moliner\" \/>\n\t<meta name=\"twitter:label2\" content=\"Temps estimat de lectura\" \/>\n\t<meta name=\"twitter:data2\" content=\"2 minuts\" \/>\n\t<meta name=\"twitter:label3\" content=\"Written by\" \/>\n\t<meta name=\"twitter:data3\" content=\"Faus Moliner\" \/>\n<script type=\"application\/ld+json\" class=\"yoast-schema-graph\">{\"@context\":\"https:\/\/schema.org\",\"@graph\":[{\"@type\":\"Article\",\"@id\":\"https:\/\/faus-moliner.com\/ca\/faus-moliner-participa-en-el-eu-pharmaceutical-law-forum-2\/#article\",\"isPartOf\":{\"@id\":\"https:\/\/faus-moliner.com\/ca\/faus-moliner-participa-en-el-eu-pharmaceutical-law-forum-2\/\"},\"author\":{\"name\":\"Faus Moliner\",\"@id\":\"https:\/\/faus-moliner.com\/en\/#\/schema\/person\/b62ac2c67efed1b6f50872c1d6366f90\"},\"headline\":\"Faus Moliner participa al EU Pharmaceutical Law Forum\",\"datePublished\":\"2023-06-02T13:22:22+00:00\",\"dateModified\":\"2023-06-06T07:15:42+00:00\",\"mainEntityOfPage\":{\"@id\":\"https:\/\/faus-moliner.com\/ca\/faus-moliner-participa-en-el-eu-pharmaceutical-law-forum-2\/\"},\"wordCount\":194,\"publisher\":{\"@id\":\"https:\/\/faus-moliner.com\/en\/#organization\"},\"image\":{\"@id\":\"https:\/\/faus-moliner.com\/ca\/faus-moliner-participa-en-el-eu-pharmaceutical-law-forum-2\/#primaryimage\"},\"thumbnailUrl\":\"https:\/\/faus-moliner.com\/wp-content\/uploads\/2023\/06\/Foto-portada-1024x678.jpg\",\"articleSection\":[\"Not\u00edcies i events\"],\"inLanguage\":\"ca\"},{\"@type\":\"WebPage\",\"@id\":\"https:\/\/faus-moliner.com\/ca\/faus-moliner-participa-en-el-eu-pharmaceutical-law-forum-2\/\",\"url\":\"https:\/\/faus-moliner.com\/ca\/faus-moliner-participa-en-el-eu-pharmaceutical-law-forum-2\/\",\"name\":\"Faus Moliner participa al EU Pharmaceutical Law Forum - Faus Moliner\",\"isPartOf\":{\"@id\":\"https:\/\/faus-moliner.com\/en\/#website\"},\"primaryImageOfPage\":{\"@id\":\"https:\/\/faus-moliner.com\/ca\/faus-moliner-participa-en-el-eu-pharmaceutical-law-forum-2\/#primaryimage\"},\"image\":{\"@id\":\"https:\/\/faus-moliner.com\/ca\/faus-moliner-participa-en-el-eu-pharmaceutical-law-forum-2\/#primaryimage\"},\"thumbnailUrl\":\"https:\/\/faus-moliner.com\/wp-content\/uploads\/2023\/06\/Foto-portada-1024x678.jpg\",\"datePublished\":\"2023-06-02T13:22:22+00:00\",\"dateModified\":\"2023-06-06T07:15:42+00:00\",\"breadcrumb\":{\"@id\":\"https:\/\/faus-moliner.com\/ca\/faus-moliner-participa-en-el-eu-pharmaceutical-law-forum-2\/#breadcrumb\"},\"inLanguage\":\"ca\",\"potentialAction\":[{\"@type\":\"ReadAction\",\"target\":[\"https:\/\/faus-moliner.com\/ca\/faus-moliner-participa-en-el-eu-pharmaceutical-law-forum-2\/\"]}]},{\"@type\":\"ImageObject\",\"inLanguage\":\"ca\",\"@id\":\"https:\/\/faus-moliner.com\/ca\/faus-moliner-participa-en-el-eu-pharmaceutical-law-forum-2\/#primaryimage\",\"url\":\"https:\/\/faus-moliner.com\/wp-content\/uploads\/2023\/06\/Foto-portada-1024x678.jpg\",\"contentUrl\":\"https:\/\/faus-moliner.com\/wp-content\/uploads\/2023\/06\/Foto-portada-1024x678.jpg\"},{\"@type\":\"BreadcrumbList\",\"@id\":\"https:\/\/faus-moliner.com\/ca\/faus-moliner-participa-en-el-eu-pharmaceutical-law-forum-2\/#breadcrumb\",\"itemListElement\":[{\"@type\":\"ListItem\",\"position\":1,\"name\":\"Portada\",\"item\":\"https:\/\/faus-moliner.com\/ca\/\"},{\"@type\":\"ListItem\",\"position\":2,\"name\":\"Faus Moliner participa al EU Pharmaceutical Law Forum\"}]},{\"@type\":\"WebSite\",\"@id\":\"https:\/\/faus-moliner.com\/en\/#website\",\"url\":\"https:\/\/faus-moliner.com\/en\/\",\"name\":\"faus-moliner.com\",\"description\":\"Otro sitio realizado con WordPress\",\"publisher\":{\"@id\":\"https:\/\/faus-moliner.com\/en\/#organization\"},\"potentialAction\":[{\"@type\":\"SearchAction\",\"target\":{\"@type\":\"EntryPoint\",\"urlTemplate\":\"https:\/\/faus-moliner.com\/en\/?s={search_term_string}\"},\"query-input\":{\"@type\":\"PropertyValueSpecification\",\"valueRequired\":true,\"valueName\":\"search_term_string\"}}],\"inLanguage\":\"ca\"},{\"@type\":\"Organization\",\"@id\":\"https:\/\/faus-moliner.com\/en\/#organization\",\"name\":\"Faus Moliner\",\"url\":\"https:\/\/faus-moliner.com\/en\/\",\"logo\":{\"@type\":\"ImageObject\",\"inLanguage\":\"ca\",\"@id\":\"https:\/\/faus-moliner.com\/en\/#\/schema\/logo\/image\/\",\"url\":\"https:\/\/faus-moliner.com\/wp-content\/uploads\/2023\/03\/Logo-FM-web.jpg\",\"contentUrl\":\"https:\/\/faus-moliner.com\/wp-content\/uploads\/2023\/03\/Logo-FM-web.jpg\",\"width\":400,\"height\":283,\"caption\":\"Faus Moliner\"},\"image\":{\"@id\":\"https:\/\/faus-moliner.com\/en\/#\/schema\/logo\/image\/\"},\"sameAs\":[\"https:\/\/www.linkedin.com\/company\/2372042\/admin\/\"]},{\"@type\":\"Person\",\"@id\":\"https:\/\/faus-moliner.com\/en\/#\/schema\/person\/b62ac2c67efed1b6f50872c1d6366f90\",\"name\":\"Faus Moliner\",\"image\":{\"@type\":\"ImageObject\",\"inLanguage\":\"ca\",\"@id\":\"https:\/\/faus-moliner.com\/en\/#\/schema\/person\/image\/88610ef99b0aa1c93ca33c569a053dac\",\"url\":\"https:\/\/secure.gravatar.com\/avatar\/be7b0f78e7edd64676ce7ea245b31f149a0cffff4b139c25ac02aaa676c19d67?s=96&d=mm&r=g\",\"contentUrl\":\"https:\/\/secure.gravatar.com\/avatar\/be7b0f78e7edd64676ce7ea245b31f149a0cffff4b139c25ac02aaa676c19d67?s=96&d=mm&r=g\",\"caption\":\"Faus Moliner\"},\"url\":\"https:\/\/faus-moliner.com\/ca\/author\/moon\/\"}]}<\/script>\n<!-- \/ Yoast SEO plugin. -->","yoast_head_json":{"title":"Faus Moliner participa al EU Pharmaceutical Law Forum - Faus Moliner","robots":{"index":"index","follow":"follow","max-snippet":"max-snippet:-1","max-image-preview":"max-image-preview:large","max-video-preview":"max-video-preview:-1"},"canonical":"https:\/\/faus-moliner.com\/ca\/faus-moliner-participa-en-el-eu-pharmaceutical-law-forum-2\/","og_locale":"ca_ES","og_type":"article","og_title":"Faus Moliner participa al EU Pharmaceutical Law Forum - Faus Moliner","og_description":"La 32a edici\u00f3 del&nbsp;Informa&nbsp;European&nbsp;Pharmaceutical&nbsp;Law&nbsp;F\u00f2rum va tenir lloc a Brussel\u00b7les del 24 al 26 de maig de 2023. Com en altres edicions anteriors, diverses taules rodones van abordar temes i desenvolupaments clau en el Dret Farmac\u00e8utic de la UE. Jordi Faus, juntament amb&nbsp;Ilja&nbsp;Moree&nbsp;(Novartis&nbsp;AG)&nbsp;i&nbsp;Kirsten&nbsp;Broeckers, (Novartis&nbsp;Gene&nbsp;Therapies&nbsp;GmbH), va parlar sobre les q\u00fcestions jur\u00eddiques plantejades pels nous esquemes de relaci\u00f3... M\u00e9s informaci\u00f3","og_url":"https:\/\/faus-moliner.com\/ca\/faus-moliner-participa-en-el-eu-pharmaceutical-law-forum-2\/","og_site_name":"Faus Moliner","article_published_time":"2023-06-02T13:22:22+00:00","article_modified_time":"2023-06-06T07:15:42+00:00","og_image":[{"url":"https:\/\/faus-moliner.com\/wp-content\/uploads\/2023\/06\/Foto-portada-1024x678.jpg","type":"","width":"","height":""}],"author":"Faus Moliner","twitter_card":"summary_large_image","twitter_misc":{"Escrit per":"Faus Moliner","Temps estimat de lectura":"2 minuts","Written by":"Faus Moliner"},"schema":{"@context":"https:\/\/schema.org","@graph":[{"@type":"Article","@id":"https:\/\/faus-moliner.com\/ca\/faus-moliner-participa-en-el-eu-pharmaceutical-law-forum-2\/#article","isPartOf":{"@id":"https:\/\/faus-moliner.com\/ca\/faus-moliner-participa-en-el-eu-pharmaceutical-law-forum-2\/"},"author":{"name":"Faus Moliner","@id":"https:\/\/faus-moliner.com\/en\/#\/schema\/person\/b62ac2c67efed1b6f50872c1d6366f90"},"headline":"Faus Moliner participa al EU Pharmaceutical Law Forum","datePublished":"2023-06-02T13:22:22+00:00","dateModified":"2023-06-06T07:15:42+00:00","mainEntityOfPage":{"@id":"https:\/\/faus-moliner.com\/ca\/faus-moliner-participa-en-el-eu-pharmaceutical-law-forum-2\/"},"wordCount":194,"publisher":{"@id":"https:\/\/faus-moliner.com\/en\/#organization"},"image":{"@id":"https:\/\/faus-moliner.com\/ca\/faus-moliner-participa-en-el-eu-pharmaceutical-law-forum-2\/#primaryimage"},"thumbnailUrl":"https:\/\/faus-moliner.com\/wp-content\/uploads\/2023\/06\/Foto-portada-1024x678.jpg","articleSection":["Not\u00edcies i events"],"inLanguage":"ca"},{"@type":"WebPage","@id":"https:\/\/faus-moliner.com\/ca\/faus-moliner-participa-en-el-eu-pharmaceutical-law-forum-2\/","url":"https:\/\/faus-moliner.com\/ca\/faus-moliner-participa-en-el-eu-pharmaceutical-law-forum-2\/","name":"Faus Moliner participa al EU Pharmaceutical Law Forum - Faus Moliner","isPartOf":{"@id":"https:\/\/faus-moliner.com\/en\/#website"},"primaryImageOfPage":{"@id":"https:\/\/faus-moliner.com\/ca\/faus-moliner-participa-en-el-eu-pharmaceutical-law-forum-2\/#primaryimage"},"image":{"@id":"https:\/\/faus-moliner.com\/ca\/faus-moliner-participa-en-el-eu-pharmaceutical-law-forum-2\/#primaryimage"},"thumbnailUrl":"https:\/\/faus-moliner.com\/wp-content\/uploads\/2023\/06\/Foto-portada-1024x678.jpg","datePublished":"2023-06-02T13:22:22+00:00","dateModified":"2023-06-06T07:15:42+00:00","breadcrumb":{"@id":"https:\/\/faus-moliner.com\/ca\/faus-moliner-participa-en-el-eu-pharmaceutical-law-forum-2\/#breadcrumb"},"inLanguage":"ca","potentialAction":[{"@type":"ReadAction","target":["https:\/\/faus-moliner.com\/ca\/faus-moliner-participa-en-el-eu-pharmaceutical-law-forum-2\/"]}]},{"@type":"ImageObject","inLanguage":"ca","@id":"https:\/\/faus-moliner.com\/ca\/faus-moliner-participa-en-el-eu-pharmaceutical-law-forum-2\/#primaryimage","url":"https:\/\/faus-moliner.com\/wp-content\/uploads\/2023\/06\/Foto-portada-1024x678.jpg","contentUrl":"https:\/\/faus-moliner.com\/wp-content\/uploads\/2023\/06\/Foto-portada-1024x678.jpg"},{"@type":"BreadcrumbList","@id":"https:\/\/faus-moliner.com\/ca\/faus-moliner-participa-en-el-eu-pharmaceutical-law-forum-2\/#breadcrumb","itemListElement":[{"@type":"ListItem","position":1,"name":"Portada","item":"https:\/\/faus-moliner.com\/ca\/"},{"@type":"ListItem","position":2,"name":"Faus Moliner participa al EU Pharmaceutical Law Forum"}]},{"@type":"WebSite","@id":"https:\/\/faus-moliner.com\/en\/#website","url":"https:\/\/faus-moliner.com\/en\/","name":"faus-moliner.com","description":"Otro sitio realizado con WordPress","publisher":{"@id":"https:\/\/faus-moliner.com\/en\/#organization"},"potentialAction":[{"@type":"SearchAction","target":{"@type":"EntryPoint","urlTemplate":"https:\/\/faus-moliner.com\/en\/?s={search_term_string}"},"query-input":{"@type":"PropertyValueSpecification","valueRequired":true,"valueName":"search_term_string"}}],"inLanguage":"ca"},{"@type":"Organization","@id":"https:\/\/faus-moliner.com\/en\/#organization","name":"Faus Moliner","url":"https:\/\/faus-moliner.com\/en\/","logo":{"@type":"ImageObject","inLanguage":"ca","@id":"https:\/\/faus-moliner.com\/en\/#\/schema\/logo\/image\/","url":"https:\/\/faus-moliner.com\/wp-content\/uploads\/2023\/03\/Logo-FM-web.jpg","contentUrl":"https:\/\/faus-moliner.com\/wp-content\/uploads\/2023\/03\/Logo-FM-web.jpg","width":400,"height":283,"caption":"Faus Moliner"},"image":{"@id":"https:\/\/faus-moliner.com\/en\/#\/schema\/logo\/image\/"},"sameAs":["https:\/\/www.linkedin.com\/company\/2372042\/admin\/"]},{"@type":"Person","@id":"https:\/\/faus-moliner.com\/en\/#\/schema\/person\/b62ac2c67efed1b6f50872c1d6366f90","name":"Faus Moliner","image":{"@type":"ImageObject","inLanguage":"ca","@id":"https:\/\/faus-moliner.com\/en\/#\/schema\/person\/image\/88610ef99b0aa1c93ca33c569a053dac","url":"https:\/\/secure.gravatar.com\/avatar\/be7b0f78e7edd64676ce7ea245b31f149a0cffff4b139c25ac02aaa676c19d67?s=96&d=mm&r=g","contentUrl":"https:\/\/secure.gravatar.com\/avatar\/be7b0f78e7edd64676ce7ea245b31f149a0cffff4b139c25ac02aaa676c19d67?s=96&d=mm&r=g","caption":"Faus Moliner"},"url":"https:\/\/faus-moliner.com\/ca\/author\/moon\/"}]}},"_links":{"self":[{"href":"https:\/\/faus-moliner.com\/ca\/wp-json\/wp\/v2\/posts\/32820","targetHints":{"allow":["GET"]}}],"collection":[{"href":"https:\/\/faus-moliner.com\/ca\/wp-json\/wp\/v2\/posts"}],"about":[{"href":"https:\/\/faus-moliner.com\/ca\/wp-json\/wp\/v2\/types\/post"}],"author":[{"embeddable":true,"href":"https:\/\/faus-moliner.com\/ca\/wp-json\/wp\/v2\/users\/1"}],"replies":[{"embeddable":true,"href":"https:\/\/faus-moliner.com\/ca\/wp-json\/wp\/v2\/comments?post=32820"}],"version-history":[{"count":8,"href":"https:\/\/faus-moliner.com\/ca\/wp-json\/wp\/v2\/posts\/32820\/revisions"}],"predecessor-version":[{"id":32838,"href":"https:\/\/faus-moliner.com\/ca\/wp-json\/wp\/v2\/posts\/32820\/revisions\/32838"}],"wp:attachment":[{"href":"https:\/\/faus-moliner.com\/ca\/wp-json\/wp\/v2\/media?parent=32820"}],"wp:term":[{"taxonomy":"category","embeddable":true,"href":"https:\/\/faus-moliner.com\/ca\/wp-json\/wp\/v2\/categories?post=32820"},{"taxonomy":"post_tag","embeddable":true,"href":"https:\/\/faus-moliner.com\/ca\/wp-json\/wp\/v2\/tags?post=32820"},{"taxonomy":"author","embeddable":true,"href":"https:\/\/faus-moliner.com\/ca\/wp-json\/wp\/v2\/coauthors?post=32820"}],"curies":[{"name":"wp","href":"https:\/\/api.w.org\/{rel}","templated":true}]}}