{"id":32995,"date":"2023-06-19T09:26:44","date_gmt":"2023-06-19T08:26:44","guid":{"rendered":"https:\/\/faus-moliner.com\/faus-moliner-participa-en-el-41-simposio-organizado-por-la-asociacion-espanola-de-farmaceuticos-de-la-industria\/"},"modified":"2023-06-23T08:31:20","modified_gmt":"2023-06-23T07:31:20","slug":"faus-moliner-participa-en-el-41-simposio-organizado-por-la-asociacion-espanola-de-farmaceuticos-de-la-industria","status":"publish","type":"post","link":"https:\/\/faus-moliner.com\/ca\/faus-moliner-participa-en-el-41-simposio-organizado-por-la-asociacion-espanola-de-farmaceuticos-de-la-industria\/","title":{"rendered":"Faus Moliner participa al 41 Simposi organitzat per l&#8217;Associaci\u00f3 Espanyola de Farmac\u00e8utics de la Ind\u00fastria"},"content":{"rendered":"\n<p>La 41 edici\u00f3 del simposi organitzat per AEFI ha tingut lloc a Barcelona, del 6 al 7 de juny de 2023.<\/p>\n\n\n\n<p>Jordi Faus, juntament amb Isabel Pi\u00f1eros (Directora del departament d&#8217;Acc\u00e9s de Farmaindustria), Juan Carlos Saor\u00edn (Head of pricing de Roche) i Jose Mar\u00eda L\u00f3pez (Director de Diariofarma) ha traslladat la seva visi\u00f3 sobre els aspectes que requereixen una modificaci\u00f3 legislativa urgent per a adaptar el Sistema Nacional de Salut a les necessitats del sector i dels pacients.<\/p>\n\n\n\n<p>En la seva intervenci\u00f3, Jordi Faus ha exposat algunes idees sobre quines mesures es poden adoptar actualment per a millorar l&#8217;acc\u00e9s a la innovaci\u00f3 farmac\u00e8utica, especialment tenint en compte el per\u00edode electoral en el qual ens trobem. En aquest sentit, Jordi Faus ha manifestat la urgent necessitat de modificar el sistema de preus de refer\u00e8ncia a trav\u00e9s d&#8217;un Reial Decret Llei, perqu\u00e8 aquest sistema \u00e9s responsable de gran part de problemes de subministrament d\u00b4alguns medicaments. Segons Faus, l&#8217;actual normativa \u201csegresta econ\u00f2micament les companyies farmac\u00e8utiques i els medicaments, per\u00f2 tamb\u00e9 a l&#8217;Administraci\u00f3\u201d ja que impedeix que el Ministeri de Sanitat pugui adoptar mesures excepcionals per a excloure als medicaments essencials i estrat\u00e8gics del sistema de preus de refer\u00e8ncia.<\/p>\n\n\n\n<p>Finalment, en relaci\u00f3 amb la modificaci\u00f3 de la Llei de garanties i \u00fas racional dels medicaments i productes sanitaris anunciada el 2022 pel Ministeri de Sanitat, Jordi Faus ha posat de manifest que Faus Moliner va presentar m\u00e9s de 47 propostes de millora, de les quals m\u00e9s de la meitat anaven dirigides a millorar l&#8217;acc\u00e9s a nous f\u00e0rmacs.<\/p>\n\n\n<div class=\"wp-block-image\">\n<figure class=\"alignleft size-large is-resized\"><img loading=\"lazy\" decoding=\"async\" src=\"https:\/\/faus-moliner.com\/wp-content\/uploads\/2023\/06\/Imagen-AEFI-1024x768.jpg\" alt=\"\" class=\"wp-image-32983\" width=\"296\" height=\"222\" srcset=\"https:\/\/faus-moliner.com\/wp-content\/uploads\/2023\/06\/Imagen-AEFI-1024x768.jpg 1024w, https:\/\/faus-moliner.com\/wp-content\/uploads\/2023\/06\/Imagen-AEFI-300x225.jpg 300w, https:\/\/faus-moliner.com\/wp-content\/uploads\/2023\/06\/Imagen-AEFI-24x18.jpg 24w, https:\/\/faus-moliner.com\/wp-content\/uploads\/2023\/06\/Imagen-AEFI-768x576.jpg 768w, https:\/\/faus-moliner.com\/wp-content\/uploads\/2023\/06\/Imagen-AEFI-1536x1152.jpg 1536w, https:\/\/faus-moliner.com\/wp-content\/uploads\/2023\/06\/Imagen-AEFI-2048x1536.jpg 2048w, https:\/\/faus-moliner.com\/wp-content\/uploads\/2023\/06\/Imagen-AEFI-400x300.jpg 400w\" sizes=\"auto, (max-width: 296px) 100vw, 296px\" \/><\/figure>\n<\/div>\n\n<div class=\"wp-block-image\">\n<figure class=\"alignright size-large is-resized\"><img loading=\"lazy\" decoding=\"async\" src=\"https:\/\/faus-moliner.com\/wp-content\/uploads\/2023\/06\/Imagen-AEFI-2-1024x768.jpg\" alt=\"\" class=\"wp-image-32988\" width=\"289\" height=\"217\" srcset=\"https:\/\/faus-moliner.com\/wp-content\/uploads\/2023\/06\/Imagen-AEFI-2-1024x768.jpg 1024w, https:\/\/faus-moliner.com\/wp-content\/uploads\/2023\/06\/Imagen-AEFI-2-300x225.jpg 300w, https:\/\/faus-moliner.com\/wp-content\/uploads\/2023\/06\/Imagen-AEFI-2-24x18.jpg 24w, https:\/\/faus-moliner.com\/wp-content\/uploads\/2023\/06\/Imagen-AEFI-2-768x576.jpg 768w, https:\/\/faus-moliner.com\/wp-content\/uploads\/2023\/06\/Imagen-AEFI-2-1536x1152.jpg 1536w, https:\/\/faus-moliner.com\/wp-content\/uploads\/2023\/06\/Imagen-AEFI-2-2048x1536.jpg 2048w, https:\/\/faus-moliner.com\/wp-content\/uploads\/2023\/06\/Imagen-AEFI-2-400x300.jpg 400w\" sizes=\"auto, (max-width: 289px) 100vw, 289px\" \/><\/figure>\n<\/div>\n\n\n<p><\/p>\n","protected":false},"excerpt":{"rendered":"<p>La 41 edici\u00f3 del simposi organitzat per AEFI ha tingut lloc a Barcelona, del 6 al 7 de juny de 2023. Jordi Faus, juntament amb Isabel Pi\u00f1eros (Directora del departament d&#8217;Acc\u00e9s de Farmaindustria), Juan Carlos Saor\u00edn (Head of pricing de Roche) i Jose Mar\u00eda L\u00f3pez (Director de Diariofarma) ha traslladat la seva visi\u00f3 sobre els&#8230; <\/p>\n<div class=\"clear\"><\/div>\n<p><a href=\"https:\/\/faus-moliner.com\/ca\/faus-moliner-participa-en-el-41-simposio-organizado-por-la-asociacion-espanola-de-farmaceuticos-de-la-industria\/\" class=\"excerpt-read-more\">M\u00e9s informaci\u00f3<\/a><\/p>\n","protected":false},"author":1,"featured_media":0,"comment_status":"closed","ping_status":"closed","sticky":false,"template":"","format":"standard","meta":{"_acf_changed":false,"inline_featured_image":false,"footnotes":""},"categories":[356],"tags":[],"coauthors":[106],"class_list":["post-32995","post","type-post","status-publish","format-standard","hentry","category-noticies-i-events"],"acf":[],"yoast_head":"<!-- This site is optimized with the Yoast SEO plugin v26.6 - https:\/\/yoast.com\/wordpress\/plugins\/seo\/ -->\n<title>Faus Moliner participa al 41 Simposi organitzat per l&#039;Associaci\u00f3 Espanyola de Farmac\u00e8utics de la Ind\u00fastria - Faus Moliner<\/title>\n<meta name=\"robots\" content=\"index, follow, max-snippet:-1, max-image-preview:large, max-video-preview:-1\" \/>\n<link rel=\"canonical\" href=\"https:\/\/faus-moliner.com\/ca\/faus-moliner-participa-en-el-41-simposio-organizado-por-la-asociacion-espanola-de-farmaceuticos-de-la-industria\/\" \/>\n<meta property=\"og:locale\" content=\"ca_ES\" \/>\n<meta property=\"og:type\" content=\"article\" \/>\n<meta property=\"og:title\" content=\"Faus Moliner participa al 41 Simposi organitzat per l&#039;Associaci\u00f3 Espanyola de Farmac\u00e8utics de la Ind\u00fastria - Faus Moliner\" \/>\n<meta property=\"og:description\" content=\"La 41 edici\u00f3 del simposi organitzat per AEFI ha tingut lloc a Barcelona, del 6 al 7 de juny de 2023. Jordi Faus, juntament amb Isabel Pi\u00f1eros (Directora del departament d&#8217;Acc\u00e9s de Farmaindustria), Juan Carlos Saor\u00edn (Head of pricing de Roche) i Jose Mar\u00eda L\u00f3pez (Director de Diariofarma) ha traslladat la seva visi\u00f3 sobre els... M\u00e9s informaci\u00f3\" \/>\n<meta property=\"og:url\" content=\"https:\/\/faus-moliner.com\/ca\/faus-moliner-participa-en-el-41-simposio-organizado-por-la-asociacion-espanola-de-farmaceuticos-de-la-industria\/\" \/>\n<meta property=\"og:site_name\" content=\"Faus Moliner\" \/>\n<meta property=\"article:published_time\" content=\"2023-06-19T08:26:44+00:00\" \/>\n<meta property=\"article:modified_time\" content=\"2023-06-23T07:31:20+00:00\" \/>\n<meta property=\"og:image\" content=\"https:\/\/faus-moliner.com\/wp-content\/uploads\/2023\/06\/Imagen-AEFI-1024x768.jpg\" \/>\n<meta name=\"author\" content=\"Faus Moliner\" \/>\n<meta name=\"twitter:card\" content=\"summary_large_image\" \/>\n<meta name=\"twitter:label1\" content=\"Escrit per\" \/>\n\t<meta name=\"twitter:data1\" content=\"Faus Moliner\" \/>\n\t<meta name=\"twitter:label2\" content=\"Temps estimat de lectura\" \/>\n\t<meta name=\"twitter:data2\" content=\"2 minuts\" \/>\n\t<meta name=\"twitter:label3\" content=\"Written by\" \/>\n\t<meta name=\"twitter:data3\" content=\"Faus Moliner\" \/>\n<script type=\"application\/ld+json\" class=\"yoast-schema-graph\">{\"@context\":\"https:\/\/schema.org\",\"@graph\":[{\"@type\":\"Article\",\"@id\":\"https:\/\/faus-moliner.com\/ca\/faus-moliner-participa-en-el-41-simposio-organizado-por-la-asociacion-espanola-de-farmaceuticos-de-la-industria\/#article\",\"isPartOf\":{\"@id\":\"https:\/\/faus-moliner.com\/ca\/faus-moliner-participa-en-el-41-simposio-organizado-por-la-asociacion-espanola-de-farmaceuticos-de-la-industria\/\"},\"author\":{\"name\":\"Faus Moliner\",\"@id\":\"https:\/\/faus-moliner.com\/en\/#\/schema\/person\/b62ac2c67efed1b6f50872c1d6366f90\"},\"headline\":\"Faus Moliner participa al 41 Simposi organitzat per l&#8217;Associaci\u00f3 Espanyola de Farmac\u00e8utics de la Ind\u00fastria\",\"datePublished\":\"2023-06-19T08:26:44+00:00\",\"dateModified\":\"2023-06-23T07:31:20+00:00\",\"mainEntityOfPage\":{\"@id\":\"https:\/\/faus-moliner.com\/ca\/faus-moliner-participa-en-el-41-simposio-organizado-por-la-asociacion-espanola-de-farmaceuticos-de-la-industria\/\"},\"wordCount\":289,\"publisher\":{\"@id\":\"https:\/\/faus-moliner.com\/en\/#organization\"},\"image\":{\"@id\":\"https:\/\/faus-moliner.com\/ca\/faus-moliner-participa-en-el-41-simposio-organizado-por-la-asociacion-espanola-de-farmaceuticos-de-la-industria\/#primaryimage\"},\"thumbnailUrl\":\"https:\/\/faus-moliner.com\/wp-content\/uploads\/2023\/06\/Imagen-AEFI-1024x768.jpg\",\"articleSection\":[\"Not\u00edcies i events\"],\"inLanguage\":\"ca\"},{\"@type\":\"WebPage\",\"@id\":\"https:\/\/faus-moliner.com\/ca\/faus-moliner-participa-en-el-41-simposio-organizado-por-la-asociacion-espanola-de-farmaceuticos-de-la-industria\/\",\"url\":\"https:\/\/faus-moliner.com\/ca\/faus-moliner-participa-en-el-41-simposio-organizado-por-la-asociacion-espanola-de-farmaceuticos-de-la-industria\/\",\"name\":\"Faus Moliner participa al 41 Simposi organitzat per l'Associaci\u00f3 Espanyola de Farmac\u00e8utics de la Ind\u00fastria - Faus Moliner\",\"isPartOf\":{\"@id\":\"https:\/\/faus-moliner.com\/en\/#website\"},\"primaryImageOfPage\":{\"@id\":\"https:\/\/faus-moliner.com\/ca\/faus-moliner-participa-en-el-41-simposio-organizado-por-la-asociacion-espanola-de-farmaceuticos-de-la-industria\/#primaryimage\"},\"image\":{\"@id\":\"https:\/\/faus-moliner.com\/ca\/faus-moliner-participa-en-el-41-simposio-organizado-por-la-asociacion-espanola-de-farmaceuticos-de-la-industria\/#primaryimage\"},\"thumbnailUrl\":\"https:\/\/faus-moliner.com\/wp-content\/uploads\/2023\/06\/Imagen-AEFI-1024x768.jpg\",\"datePublished\":\"2023-06-19T08:26:44+00:00\",\"dateModified\":\"2023-06-23T07:31:20+00:00\",\"breadcrumb\":{\"@id\":\"https:\/\/faus-moliner.com\/ca\/faus-moliner-participa-en-el-41-simposio-organizado-por-la-asociacion-espanola-de-farmaceuticos-de-la-industria\/#breadcrumb\"},\"inLanguage\":\"ca\",\"potentialAction\":[{\"@type\":\"ReadAction\",\"target\":[\"https:\/\/faus-moliner.com\/ca\/faus-moliner-participa-en-el-41-simposio-organizado-por-la-asociacion-espanola-de-farmaceuticos-de-la-industria\/\"]}]},{\"@type\":\"ImageObject\",\"inLanguage\":\"ca\",\"@id\":\"https:\/\/faus-moliner.com\/ca\/faus-moliner-participa-en-el-41-simposio-organizado-por-la-asociacion-espanola-de-farmaceuticos-de-la-industria\/#primaryimage\",\"url\":\"https:\/\/faus-moliner.com\/wp-content\/uploads\/2023\/06\/Imagen-AEFI-1024x768.jpg\",\"contentUrl\":\"https:\/\/faus-moliner.com\/wp-content\/uploads\/2023\/06\/Imagen-AEFI-1024x768.jpg\"},{\"@type\":\"BreadcrumbList\",\"@id\":\"https:\/\/faus-moliner.com\/ca\/faus-moliner-participa-en-el-41-simposio-organizado-por-la-asociacion-espanola-de-farmaceuticos-de-la-industria\/#breadcrumb\",\"itemListElement\":[{\"@type\":\"ListItem\",\"position\":1,\"name\":\"Portada\",\"item\":\"https:\/\/faus-moliner.com\/ca\/\"},{\"@type\":\"ListItem\",\"position\":2,\"name\":\"Faus Moliner participa al 41 Simposi organitzat per l&#8217;Associaci\u00f3 Espanyola de Farmac\u00e8utics de la Ind\u00fastria\"}]},{\"@type\":\"WebSite\",\"@id\":\"https:\/\/faus-moliner.com\/en\/#website\",\"url\":\"https:\/\/faus-moliner.com\/en\/\",\"name\":\"faus-moliner.com\",\"description\":\"Otro sitio realizado con WordPress\",\"publisher\":{\"@id\":\"https:\/\/faus-moliner.com\/en\/#organization\"},\"potentialAction\":[{\"@type\":\"SearchAction\",\"target\":{\"@type\":\"EntryPoint\",\"urlTemplate\":\"https:\/\/faus-moliner.com\/en\/?s={search_term_string}\"},\"query-input\":{\"@type\":\"PropertyValueSpecification\",\"valueRequired\":true,\"valueName\":\"search_term_string\"}}],\"inLanguage\":\"ca\"},{\"@type\":\"Organization\",\"@id\":\"https:\/\/faus-moliner.com\/en\/#organization\",\"name\":\"Faus Moliner\",\"url\":\"https:\/\/faus-moliner.com\/en\/\",\"logo\":{\"@type\":\"ImageObject\",\"inLanguage\":\"ca\",\"@id\":\"https:\/\/faus-moliner.com\/en\/#\/schema\/logo\/image\/\",\"url\":\"https:\/\/faus-moliner.com\/wp-content\/uploads\/2023\/03\/Logo-FM-web.jpg\",\"contentUrl\":\"https:\/\/faus-moliner.com\/wp-content\/uploads\/2023\/03\/Logo-FM-web.jpg\",\"width\":400,\"height\":283,\"caption\":\"Faus Moliner\"},\"image\":{\"@id\":\"https:\/\/faus-moliner.com\/en\/#\/schema\/logo\/image\/\"},\"sameAs\":[\"https:\/\/www.linkedin.com\/company\/2372042\/admin\/\"]},{\"@type\":\"Person\",\"@id\":\"https:\/\/faus-moliner.com\/en\/#\/schema\/person\/b62ac2c67efed1b6f50872c1d6366f90\",\"name\":\"Faus Moliner\",\"image\":{\"@type\":\"ImageObject\",\"inLanguage\":\"ca\",\"@id\":\"https:\/\/faus-moliner.com\/en\/#\/schema\/person\/image\/88610ef99b0aa1c93ca33c569a053dac\",\"url\":\"https:\/\/secure.gravatar.com\/avatar\/be7b0f78e7edd64676ce7ea245b31f149a0cffff4b139c25ac02aaa676c19d67?s=96&d=mm&r=g\",\"contentUrl\":\"https:\/\/secure.gravatar.com\/avatar\/be7b0f78e7edd64676ce7ea245b31f149a0cffff4b139c25ac02aaa676c19d67?s=96&d=mm&r=g\",\"caption\":\"Faus Moliner\"},\"url\":\"https:\/\/faus-moliner.com\/ca\/author\/moon\/\"}]}<\/script>\n<!-- \/ Yoast SEO plugin. -->","yoast_head_json":{"title":"Faus Moliner participa al 41 Simposi organitzat per l'Associaci\u00f3 Espanyola de Farmac\u00e8utics de la Ind\u00fastria - Faus Moliner","robots":{"index":"index","follow":"follow","max-snippet":"max-snippet:-1","max-image-preview":"max-image-preview:large","max-video-preview":"max-video-preview:-1"},"canonical":"https:\/\/faus-moliner.com\/ca\/faus-moliner-participa-en-el-41-simposio-organizado-por-la-asociacion-espanola-de-farmaceuticos-de-la-industria\/","og_locale":"ca_ES","og_type":"article","og_title":"Faus Moliner participa al 41 Simposi organitzat per l'Associaci\u00f3 Espanyola de Farmac\u00e8utics de la Ind\u00fastria - Faus Moliner","og_description":"La 41 edici\u00f3 del simposi organitzat per AEFI ha tingut lloc a Barcelona, del 6 al 7 de juny de 2023. Jordi Faus, juntament amb Isabel Pi\u00f1eros (Directora del departament d&#8217;Acc\u00e9s de Farmaindustria), Juan Carlos Saor\u00edn (Head of pricing de Roche) i Jose Mar\u00eda L\u00f3pez (Director de Diariofarma) ha traslladat la seva visi\u00f3 sobre els... M\u00e9s informaci\u00f3","og_url":"https:\/\/faus-moliner.com\/ca\/faus-moliner-participa-en-el-41-simposio-organizado-por-la-asociacion-espanola-de-farmaceuticos-de-la-industria\/","og_site_name":"Faus Moliner","article_published_time":"2023-06-19T08:26:44+00:00","article_modified_time":"2023-06-23T07:31:20+00:00","og_image":[{"url":"https:\/\/faus-moliner.com\/wp-content\/uploads\/2023\/06\/Imagen-AEFI-1024x768.jpg","type":"","width":"","height":""}],"author":"Faus Moliner","twitter_card":"summary_large_image","twitter_misc":{"Escrit per":"Faus Moliner","Temps estimat de lectura":"2 minuts","Written by":"Faus Moliner"},"schema":{"@context":"https:\/\/schema.org","@graph":[{"@type":"Article","@id":"https:\/\/faus-moliner.com\/ca\/faus-moliner-participa-en-el-41-simposio-organizado-por-la-asociacion-espanola-de-farmaceuticos-de-la-industria\/#article","isPartOf":{"@id":"https:\/\/faus-moliner.com\/ca\/faus-moliner-participa-en-el-41-simposio-organizado-por-la-asociacion-espanola-de-farmaceuticos-de-la-industria\/"},"author":{"name":"Faus Moliner","@id":"https:\/\/faus-moliner.com\/en\/#\/schema\/person\/b62ac2c67efed1b6f50872c1d6366f90"},"headline":"Faus Moliner participa al 41 Simposi organitzat per l&#8217;Associaci\u00f3 Espanyola de Farmac\u00e8utics de la Ind\u00fastria","datePublished":"2023-06-19T08:26:44+00:00","dateModified":"2023-06-23T07:31:20+00:00","mainEntityOfPage":{"@id":"https:\/\/faus-moliner.com\/ca\/faus-moliner-participa-en-el-41-simposio-organizado-por-la-asociacion-espanola-de-farmaceuticos-de-la-industria\/"},"wordCount":289,"publisher":{"@id":"https:\/\/faus-moliner.com\/en\/#organization"},"image":{"@id":"https:\/\/faus-moliner.com\/ca\/faus-moliner-participa-en-el-41-simposio-organizado-por-la-asociacion-espanola-de-farmaceuticos-de-la-industria\/#primaryimage"},"thumbnailUrl":"https:\/\/faus-moliner.com\/wp-content\/uploads\/2023\/06\/Imagen-AEFI-1024x768.jpg","articleSection":["Not\u00edcies i events"],"inLanguage":"ca"},{"@type":"WebPage","@id":"https:\/\/faus-moliner.com\/ca\/faus-moliner-participa-en-el-41-simposio-organizado-por-la-asociacion-espanola-de-farmaceuticos-de-la-industria\/","url":"https:\/\/faus-moliner.com\/ca\/faus-moliner-participa-en-el-41-simposio-organizado-por-la-asociacion-espanola-de-farmaceuticos-de-la-industria\/","name":"Faus Moliner participa al 41 Simposi organitzat per l'Associaci\u00f3 Espanyola de Farmac\u00e8utics de la Ind\u00fastria - Faus Moliner","isPartOf":{"@id":"https:\/\/faus-moliner.com\/en\/#website"},"primaryImageOfPage":{"@id":"https:\/\/faus-moliner.com\/ca\/faus-moliner-participa-en-el-41-simposio-organizado-por-la-asociacion-espanola-de-farmaceuticos-de-la-industria\/#primaryimage"},"image":{"@id":"https:\/\/faus-moliner.com\/ca\/faus-moliner-participa-en-el-41-simposio-organizado-por-la-asociacion-espanola-de-farmaceuticos-de-la-industria\/#primaryimage"},"thumbnailUrl":"https:\/\/faus-moliner.com\/wp-content\/uploads\/2023\/06\/Imagen-AEFI-1024x768.jpg","datePublished":"2023-06-19T08:26:44+00:00","dateModified":"2023-06-23T07:31:20+00:00","breadcrumb":{"@id":"https:\/\/faus-moliner.com\/ca\/faus-moliner-participa-en-el-41-simposio-organizado-por-la-asociacion-espanola-de-farmaceuticos-de-la-industria\/#breadcrumb"},"inLanguage":"ca","potentialAction":[{"@type":"ReadAction","target":["https:\/\/faus-moliner.com\/ca\/faus-moliner-participa-en-el-41-simposio-organizado-por-la-asociacion-espanola-de-farmaceuticos-de-la-industria\/"]}]},{"@type":"ImageObject","inLanguage":"ca","@id":"https:\/\/faus-moliner.com\/ca\/faus-moliner-participa-en-el-41-simposio-organizado-por-la-asociacion-espanola-de-farmaceuticos-de-la-industria\/#primaryimage","url":"https:\/\/faus-moliner.com\/wp-content\/uploads\/2023\/06\/Imagen-AEFI-1024x768.jpg","contentUrl":"https:\/\/faus-moliner.com\/wp-content\/uploads\/2023\/06\/Imagen-AEFI-1024x768.jpg"},{"@type":"BreadcrumbList","@id":"https:\/\/faus-moliner.com\/ca\/faus-moliner-participa-en-el-41-simposio-organizado-por-la-asociacion-espanola-de-farmaceuticos-de-la-industria\/#breadcrumb","itemListElement":[{"@type":"ListItem","position":1,"name":"Portada","item":"https:\/\/faus-moliner.com\/ca\/"},{"@type":"ListItem","position":2,"name":"Faus Moliner participa al 41 Simposi organitzat per l&#8217;Associaci\u00f3 Espanyola de Farmac\u00e8utics de la Ind\u00fastria"}]},{"@type":"WebSite","@id":"https:\/\/faus-moliner.com\/en\/#website","url":"https:\/\/faus-moliner.com\/en\/","name":"faus-moliner.com","description":"Otro sitio realizado con WordPress","publisher":{"@id":"https:\/\/faus-moliner.com\/en\/#organization"},"potentialAction":[{"@type":"SearchAction","target":{"@type":"EntryPoint","urlTemplate":"https:\/\/faus-moliner.com\/en\/?s={search_term_string}"},"query-input":{"@type":"PropertyValueSpecification","valueRequired":true,"valueName":"search_term_string"}}],"inLanguage":"ca"},{"@type":"Organization","@id":"https:\/\/faus-moliner.com\/en\/#organization","name":"Faus Moliner","url":"https:\/\/faus-moliner.com\/en\/","logo":{"@type":"ImageObject","inLanguage":"ca","@id":"https:\/\/faus-moliner.com\/en\/#\/schema\/logo\/image\/","url":"https:\/\/faus-moliner.com\/wp-content\/uploads\/2023\/03\/Logo-FM-web.jpg","contentUrl":"https:\/\/faus-moliner.com\/wp-content\/uploads\/2023\/03\/Logo-FM-web.jpg","width":400,"height":283,"caption":"Faus Moliner"},"image":{"@id":"https:\/\/faus-moliner.com\/en\/#\/schema\/logo\/image\/"},"sameAs":["https:\/\/www.linkedin.com\/company\/2372042\/admin\/"]},{"@type":"Person","@id":"https:\/\/faus-moliner.com\/en\/#\/schema\/person\/b62ac2c67efed1b6f50872c1d6366f90","name":"Faus Moliner","image":{"@type":"ImageObject","inLanguage":"ca","@id":"https:\/\/faus-moliner.com\/en\/#\/schema\/person\/image\/88610ef99b0aa1c93ca33c569a053dac","url":"https:\/\/secure.gravatar.com\/avatar\/be7b0f78e7edd64676ce7ea245b31f149a0cffff4b139c25ac02aaa676c19d67?s=96&d=mm&r=g","contentUrl":"https:\/\/secure.gravatar.com\/avatar\/be7b0f78e7edd64676ce7ea245b31f149a0cffff4b139c25ac02aaa676c19d67?s=96&d=mm&r=g","caption":"Faus Moliner"},"url":"https:\/\/faus-moliner.com\/ca\/author\/moon\/"}]}},"_links":{"self":[{"href":"https:\/\/faus-moliner.com\/ca\/wp-json\/wp\/v2\/posts\/32995","targetHints":{"allow":["GET"]}}],"collection":[{"href":"https:\/\/faus-moliner.com\/ca\/wp-json\/wp\/v2\/posts"}],"about":[{"href":"https:\/\/faus-moliner.com\/ca\/wp-json\/wp\/v2\/types\/post"}],"author":[{"embeddable":true,"href":"https:\/\/faus-moliner.com\/ca\/wp-json\/wp\/v2\/users\/1"}],"replies":[{"embeddable":true,"href":"https:\/\/faus-moliner.com\/ca\/wp-json\/wp\/v2\/comments?post=32995"}],"version-history":[{"count":3,"href":"https:\/\/faus-moliner.com\/ca\/wp-json\/wp\/v2\/posts\/32995\/revisions"}],"predecessor-version":[{"id":32999,"href":"https:\/\/faus-moliner.com\/ca\/wp-json\/wp\/v2\/posts\/32995\/revisions\/32999"}],"wp:attachment":[{"href":"https:\/\/faus-moliner.com\/ca\/wp-json\/wp\/v2\/media?parent=32995"}],"wp:term":[{"taxonomy":"category","embeddable":true,"href":"https:\/\/faus-moliner.com\/ca\/wp-json\/wp\/v2\/categories?post=32995"},{"taxonomy":"post_tag","embeddable":true,"href":"https:\/\/faus-moliner.com\/ca\/wp-json\/wp\/v2\/tags?post=32995"},{"taxonomy":"author","embeddable":true,"href":"https:\/\/faus-moliner.com\/ca\/wp-json\/wp\/v2\/coauthors?post=32995"}],"curies":[{"name":"wp","href":"https:\/\/api.w.org\/{rel}","templated":true}]}}