{"id":33029,"date":"2023-06-22T15:26:03","date_gmt":"2023-06-22T14:26:03","guid":{"rendered":"https:\/\/faus-moliner.com\/el-v-foro-de-comisiones-de-farmacia-y-terapeutica-ha-tenido-lugar-en-madrid-los-dias-19-y-20-de-junio-de-2023\/"},"modified":"2023-06-23T09:29:01","modified_gmt":"2023-06-23T08:29:01","slug":"el-v-foro-de-comisiones-de-farmacia-y-terapeutica-ha-tenido-lugar-en-madrid-los-dias-19-y-20-de-junio-de-2023","status":"publish","type":"post","link":"https:\/\/faus-moliner.com\/ca\/el-v-foro-de-comisiones-de-farmacia-y-terapeutica-ha-tenido-lugar-en-madrid-los-dias-19-y-20-de-junio-de-2023\/","title":{"rendered":"Faus Moliner participa en el V F\u00f2rum de Comissions de Farm\u00e0cia i Terap\u00e8utica organitzat per FUINSA"},"content":{"rendered":"\n<p>El V F\u00f2rum de Comissions de Farm\u00e0cia i Terap\u00e8utica ha tingut lloc a Madrid els dies 19 i 20 de juny de 2023.<\/p>\n\n\n\n<p>Durant el F\u00f2rum, diverses taules rodones han abordat temes relacionats amb les Comissions de Farm\u00e0cia i Terap\u00e8utica i la pol\u00edtica de medicaments.<\/p>\n\n\n\n<p>En la seva intervenci\u00f3, Jordi Faus ha llan\u00e7at diferents missatges. En primer lloc, ha expressat el seu respecte total per l&#8217;activitat dels professionals sanitaris i gestors de la prestaci\u00f3 farmac\u00e8utica p\u00fablica, que han de prendre decisions que sens dubte s\u00f3n dif\u00edcils, i als quals anima a fer-ho d&#8217;acord amb un procediment reglat i sempre amb una motivaci\u00f3 adequada.<\/p>\n\n\n\n<p>En segon lloc, ha destacat que l&#8217;Informe \u201cdels expressament no inclosos\u201d, subscrit per la Directora General l&#8217;11 d&#8217;abril de 2019, \u00e9s un bunyol jur\u00eddic que convindria eliminar del cat\u00e0leg de textos que poden influir la prestaci\u00f3 farmac\u00e8utica p\u00fablica. Segons aquest Informe, les Comunitats Aut\u00f2nomes i els hospitals no poden finan\u00e7ar amb fons p\u00fablics (\u00e9s a dir, no poden adquirir) medicaments sobre els quals existeix, de manera expressa, una resoluci\u00f3 de no finan\u00e7ament. <\/p>\n\n\n\n<p>Finalment, Jordi Faus s&#8217;ha referit als drets fonamentals dels pacients, i a les \u00faltimes tend\u00e8ncies jurisprudencials del Tribunal Constitucional, el Tribunal Europeu de Drets Humans i altres tribunals inferiors que apunten at que el dret fonamental a la vida \u00e9s una mica m\u00e9s que el dret a existir. Jordi ha recordat que la normativa estableix procediments espec\u00edfics per a la protecci\u00f3 dels drets fonamentals i, que en alguns expedients judicials, rec\u00e0rrer a aquests drets fonamentals ha perm\u00e8s revertir situacions en les  que Comissions de farm\u00e0cia i terap\u00e8utica havien denegat l&#8217;acc\u00e9s a f\u00e0rmacs.<\/p>\n","protected":false},"excerpt":{"rendered":"<p>El V F\u00f2rum de Comissions de Farm\u00e0cia i Terap\u00e8utica ha tingut lloc a Madrid els dies 19 i 20 de juny de 2023. Durant el F\u00f2rum, diverses taules rodones han abordat temes relacionats amb les Comissions de Farm\u00e0cia i Terap\u00e8utica i la pol\u00edtica de medicaments. En la seva intervenci\u00f3, Jordi Faus ha llan\u00e7at diferents missatges&#8230;. <\/p>\n<div class=\"clear\"><\/div>\n<p><a href=\"https:\/\/faus-moliner.com\/ca\/el-v-foro-de-comisiones-de-farmacia-y-terapeutica-ha-tenido-lugar-en-madrid-los-dias-19-y-20-de-junio-de-2023\/\" class=\"excerpt-read-more\">M\u00e9s informaci\u00f3<\/a><\/p>\n","protected":false},"author":1,"featured_media":0,"comment_status":"closed","ping_status":"closed","sticky":false,"template":"","format":"standard","meta":{"_acf_changed":false,"inline_featured_image":false,"footnotes":""},"categories":[356],"tags":[],"coauthors":[106],"class_list":["post-33029","post","type-post","status-publish","format-standard","hentry","category-noticies-i-events"],"acf":[],"yoast_head":"<!-- This site is optimized with the Yoast SEO plugin v26.6 - https:\/\/yoast.com\/wordpress\/plugins\/seo\/ -->\n<title>Faus Moliner participa en el V F\u00f2rum de Comissions de Farm\u00e0cia i Terap\u00e8utica organitzat per FUINSA - Faus Moliner<\/title>\n<meta name=\"robots\" content=\"index, follow, max-snippet:-1, max-image-preview:large, max-video-preview:-1\" \/>\n<link rel=\"canonical\" href=\"https:\/\/faus-moliner.com\/ca\/el-v-foro-de-comisiones-de-farmacia-y-terapeutica-ha-tenido-lugar-en-madrid-los-dias-19-y-20-de-junio-de-2023\/\" \/>\n<meta property=\"og:locale\" content=\"ca_ES\" \/>\n<meta property=\"og:type\" content=\"article\" \/>\n<meta property=\"og:title\" content=\"Faus Moliner participa en el V F\u00f2rum de Comissions de Farm\u00e0cia i Terap\u00e8utica organitzat per FUINSA - Faus Moliner\" \/>\n<meta property=\"og:description\" content=\"El V F\u00f2rum de Comissions de Farm\u00e0cia i Terap\u00e8utica ha tingut lloc a Madrid els dies 19 i 20 de juny de 2023. Durant el F\u00f2rum, diverses taules rodones han abordat temes relacionats amb les Comissions de Farm\u00e0cia i Terap\u00e8utica i la pol\u00edtica de medicaments. En la seva intervenci\u00f3, Jordi Faus ha llan\u00e7at diferents missatges.... M\u00e9s informaci\u00f3\" \/>\n<meta property=\"og:url\" content=\"https:\/\/faus-moliner.com\/ca\/el-v-foro-de-comisiones-de-farmacia-y-terapeutica-ha-tenido-lugar-en-madrid-los-dias-19-y-20-de-junio-de-2023\/\" \/>\n<meta property=\"og:site_name\" content=\"Faus Moliner\" \/>\n<meta property=\"article:published_time\" content=\"2023-06-22T14:26:03+00:00\" \/>\n<meta property=\"article:modified_time\" content=\"2023-06-23T08:29:01+00:00\" \/>\n<meta name=\"author\" content=\"Faus Moliner\" \/>\n<meta name=\"twitter:card\" content=\"summary_large_image\" \/>\n<meta name=\"twitter:label1\" content=\"Escrit per\" \/>\n\t<meta name=\"twitter:data1\" content=\"Faus Moliner\" \/>\n\t<meta name=\"twitter:label2\" content=\"Temps estimat de lectura\" \/>\n\t<meta name=\"twitter:data2\" content=\"2 minuts\" \/>\n\t<meta name=\"twitter:label3\" content=\"Written by\" \/>\n\t<meta name=\"twitter:data3\" content=\"Faus Moliner\" \/>\n<script type=\"application\/ld+json\" class=\"yoast-schema-graph\">{\"@context\":\"https:\/\/schema.org\",\"@graph\":[{\"@type\":\"Article\",\"@id\":\"https:\/\/faus-moliner.com\/ca\/el-v-foro-de-comisiones-de-farmacia-y-terapeutica-ha-tenido-lugar-en-madrid-los-dias-19-y-20-de-junio-de-2023\/#article\",\"isPartOf\":{\"@id\":\"https:\/\/faus-moliner.com\/ca\/el-v-foro-de-comisiones-de-farmacia-y-terapeutica-ha-tenido-lugar-en-madrid-los-dias-19-y-20-de-junio-de-2023\/\"},\"author\":{\"name\":\"Faus Moliner\",\"@id\":\"https:\/\/faus-moliner.com\/en\/#\/schema\/person\/b62ac2c67efed1b6f50872c1d6366f90\"},\"headline\":\"Faus Moliner participa en el V F\u00f2rum de Comissions de Farm\u00e0cia i Terap\u00e8utica organitzat per FUINSA\",\"datePublished\":\"2023-06-22T14:26:03+00:00\",\"dateModified\":\"2023-06-23T08:29:01+00:00\",\"mainEntityOfPage\":{\"@id\":\"https:\/\/faus-moliner.com\/ca\/el-v-foro-de-comisiones-de-farmacia-y-terapeutica-ha-tenido-lugar-en-madrid-los-dias-19-y-20-de-junio-de-2023\/\"},\"wordCount\":317,\"publisher\":{\"@id\":\"https:\/\/faus-moliner.com\/en\/#organization\"},\"articleSection\":[\"Not\u00edcies i events\"],\"inLanguage\":\"ca\"},{\"@type\":\"WebPage\",\"@id\":\"https:\/\/faus-moliner.com\/ca\/el-v-foro-de-comisiones-de-farmacia-y-terapeutica-ha-tenido-lugar-en-madrid-los-dias-19-y-20-de-junio-de-2023\/\",\"url\":\"https:\/\/faus-moliner.com\/ca\/el-v-foro-de-comisiones-de-farmacia-y-terapeutica-ha-tenido-lugar-en-madrid-los-dias-19-y-20-de-junio-de-2023\/\",\"name\":\"Faus Moliner participa en el V F\u00f2rum de Comissions de Farm\u00e0cia i Terap\u00e8utica organitzat per FUINSA - Faus Moliner\",\"isPartOf\":{\"@id\":\"https:\/\/faus-moliner.com\/en\/#website\"},\"datePublished\":\"2023-06-22T14:26:03+00:00\",\"dateModified\":\"2023-06-23T08:29:01+00:00\",\"breadcrumb\":{\"@id\":\"https:\/\/faus-moliner.com\/ca\/el-v-foro-de-comisiones-de-farmacia-y-terapeutica-ha-tenido-lugar-en-madrid-los-dias-19-y-20-de-junio-de-2023\/#breadcrumb\"},\"inLanguage\":\"ca\",\"potentialAction\":[{\"@type\":\"ReadAction\",\"target\":[\"https:\/\/faus-moliner.com\/ca\/el-v-foro-de-comisiones-de-farmacia-y-terapeutica-ha-tenido-lugar-en-madrid-los-dias-19-y-20-de-junio-de-2023\/\"]}]},{\"@type\":\"BreadcrumbList\",\"@id\":\"https:\/\/faus-moliner.com\/ca\/el-v-foro-de-comisiones-de-farmacia-y-terapeutica-ha-tenido-lugar-en-madrid-los-dias-19-y-20-de-junio-de-2023\/#breadcrumb\",\"itemListElement\":[{\"@type\":\"ListItem\",\"position\":1,\"name\":\"Portada\",\"item\":\"https:\/\/faus-moliner.com\/ca\/\"},{\"@type\":\"ListItem\",\"position\":2,\"name\":\"Faus Moliner participa en el V F\u00f2rum de Comissions de Farm\u00e0cia i Terap\u00e8utica organitzat per FUINSA\"}]},{\"@type\":\"WebSite\",\"@id\":\"https:\/\/faus-moliner.com\/en\/#website\",\"url\":\"https:\/\/faus-moliner.com\/en\/\",\"name\":\"faus-moliner.com\",\"description\":\"Otro sitio realizado con WordPress\",\"publisher\":{\"@id\":\"https:\/\/faus-moliner.com\/en\/#organization\"},\"potentialAction\":[{\"@type\":\"SearchAction\",\"target\":{\"@type\":\"EntryPoint\",\"urlTemplate\":\"https:\/\/faus-moliner.com\/en\/?s={search_term_string}\"},\"query-input\":{\"@type\":\"PropertyValueSpecification\",\"valueRequired\":true,\"valueName\":\"search_term_string\"}}],\"inLanguage\":\"ca\"},{\"@type\":\"Organization\",\"@id\":\"https:\/\/faus-moliner.com\/en\/#organization\",\"name\":\"Faus Moliner\",\"url\":\"https:\/\/faus-moliner.com\/en\/\",\"logo\":{\"@type\":\"ImageObject\",\"inLanguage\":\"ca\",\"@id\":\"https:\/\/faus-moliner.com\/en\/#\/schema\/logo\/image\/\",\"url\":\"https:\/\/faus-moliner.com\/wp-content\/uploads\/2023\/03\/Logo-FM-web.jpg\",\"contentUrl\":\"https:\/\/faus-moliner.com\/wp-content\/uploads\/2023\/03\/Logo-FM-web.jpg\",\"width\":400,\"height\":283,\"caption\":\"Faus Moliner\"},\"image\":{\"@id\":\"https:\/\/faus-moliner.com\/en\/#\/schema\/logo\/image\/\"},\"sameAs\":[\"https:\/\/www.linkedin.com\/company\/2372042\/admin\/\"]},{\"@type\":\"Person\",\"@id\":\"https:\/\/faus-moliner.com\/en\/#\/schema\/person\/b62ac2c67efed1b6f50872c1d6366f90\",\"name\":\"Faus Moliner\",\"image\":{\"@type\":\"ImageObject\",\"inLanguage\":\"ca\",\"@id\":\"https:\/\/faus-moliner.com\/en\/#\/schema\/person\/image\/88610ef99b0aa1c93ca33c569a053dac\",\"url\":\"https:\/\/secure.gravatar.com\/avatar\/be7b0f78e7edd64676ce7ea245b31f149a0cffff4b139c25ac02aaa676c19d67?s=96&d=mm&r=g\",\"contentUrl\":\"https:\/\/secure.gravatar.com\/avatar\/be7b0f78e7edd64676ce7ea245b31f149a0cffff4b139c25ac02aaa676c19d67?s=96&d=mm&r=g\",\"caption\":\"Faus Moliner\"},\"url\":\"https:\/\/faus-moliner.com\/ca\/author\/moon\/\"}]}<\/script>\n<!-- \/ Yoast SEO plugin. -->","yoast_head_json":{"title":"Faus Moliner participa en el V F\u00f2rum de Comissions de Farm\u00e0cia i Terap\u00e8utica organitzat per FUINSA - Faus Moliner","robots":{"index":"index","follow":"follow","max-snippet":"max-snippet:-1","max-image-preview":"max-image-preview:large","max-video-preview":"max-video-preview:-1"},"canonical":"https:\/\/faus-moliner.com\/ca\/el-v-foro-de-comisiones-de-farmacia-y-terapeutica-ha-tenido-lugar-en-madrid-los-dias-19-y-20-de-junio-de-2023\/","og_locale":"ca_ES","og_type":"article","og_title":"Faus Moliner participa en el V F\u00f2rum de Comissions de Farm\u00e0cia i Terap\u00e8utica organitzat per FUINSA - Faus Moliner","og_description":"El V F\u00f2rum de Comissions de Farm\u00e0cia i Terap\u00e8utica ha tingut lloc a Madrid els dies 19 i 20 de juny de 2023. Durant el F\u00f2rum, diverses taules rodones han abordat temes relacionats amb les Comissions de Farm\u00e0cia i Terap\u00e8utica i la pol\u00edtica de medicaments. En la seva intervenci\u00f3, Jordi Faus ha llan\u00e7at diferents missatges.... M\u00e9s informaci\u00f3","og_url":"https:\/\/faus-moliner.com\/ca\/el-v-foro-de-comisiones-de-farmacia-y-terapeutica-ha-tenido-lugar-en-madrid-los-dias-19-y-20-de-junio-de-2023\/","og_site_name":"Faus Moliner","article_published_time":"2023-06-22T14:26:03+00:00","article_modified_time":"2023-06-23T08:29:01+00:00","author":"Faus Moliner","twitter_card":"summary_large_image","twitter_misc":{"Escrit per":"Faus Moliner","Temps estimat de lectura":"2 minuts","Written by":"Faus Moliner"},"schema":{"@context":"https:\/\/schema.org","@graph":[{"@type":"Article","@id":"https:\/\/faus-moliner.com\/ca\/el-v-foro-de-comisiones-de-farmacia-y-terapeutica-ha-tenido-lugar-en-madrid-los-dias-19-y-20-de-junio-de-2023\/#article","isPartOf":{"@id":"https:\/\/faus-moliner.com\/ca\/el-v-foro-de-comisiones-de-farmacia-y-terapeutica-ha-tenido-lugar-en-madrid-los-dias-19-y-20-de-junio-de-2023\/"},"author":{"name":"Faus Moliner","@id":"https:\/\/faus-moliner.com\/en\/#\/schema\/person\/b62ac2c67efed1b6f50872c1d6366f90"},"headline":"Faus Moliner participa en el V F\u00f2rum de Comissions de Farm\u00e0cia i Terap\u00e8utica organitzat per FUINSA","datePublished":"2023-06-22T14:26:03+00:00","dateModified":"2023-06-23T08:29:01+00:00","mainEntityOfPage":{"@id":"https:\/\/faus-moliner.com\/ca\/el-v-foro-de-comisiones-de-farmacia-y-terapeutica-ha-tenido-lugar-en-madrid-los-dias-19-y-20-de-junio-de-2023\/"},"wordCount":317,"publisher":{"@id":"https:\/\/faus-moliner.com\/en\/#organization"},"articleSection":["Not\u00edcies i events"],"inLanguage":"ca"},{"@type":"WebPage","@id":"https:\/\/faus-moliner.com\/ca\/el-v-foro-de-comisiones-de-farmacia-y-terapeutica-ha-tenido-lugar-en-madrid-los-dias-19-y-20-de-junio-de-2023\/","url":"https:\/\/faus-moliner.com\/ca\/el-v-foro-de-comisiones-de-farmacia-y-terapeutica-ha-tenido-lugar-en-madrid-los-dias-19-y-20-de-junio-de-2023\/","name":"Faus Moliner participa en el V F\u00f2rum de Comissions de Farm\u00e0cia i Terap\u00e8utica organitzat per FUINSA - Faus Moliner","isPartOf":{"@id":"https:\/\/faus-moliner.com\/en\/#website"},"datePublished":"2023-06-22T14:26:03+00:00","dateModified":"2023-06-23T08:29:01+00:00","breadcrumb":{"@id":"https:\/\/faus-moliner.com\/ca\/el-v-foro-de-comisiones-de-farmacia-y-terapeutica-ha-tenido-lugar-en-madrid-los-dias-19-y-20-de-junio-de-2023\/#breadcrumb"},"inLanguage":"ca","potentialAction":[{"@type":"ReadAction","target":["https:\/\/faus-moliner.com\/ca\/el-v-foro-de-comisiones-de-farmacia-y-terapeutica-ha-tenido-lugar-en-madrid-los-dias-19-y-20-de-junio-de-2023\/"]}]},{"@type":"BreadcrumbList","@id":"https:\/\/faus-moliner.com\/ca\/el-v-foro-de-comisiones-de-farmacia-y-terapeutica-ha-tenido-lugar-en-madrid-los-dias-19-y-20-de-junio-de-2023\/#breadcrumb","itemListElement":[{"@type":"ListItem","position":1,"name":"Portada","item":"https:\/\/faus-moliner.com\/ca\/"},{"@type":"ListItem","position":2,"name":"Faus Moliner participa en el V F\u00f2rum de Comissions de Farm\u00e0cia i Terap\u00e8utica organitzat per FUINSA"}]},{"@type":"WebSite","@id":"https:\/\/faus-moliner.com\/en\/#website","url":"https:\/\/faus-moliner.com\/en\/","name":"faus-moliner.com","description":"Otro sitio realizado con WordPress","publisher":{"@id":"https:\/\/faus-moliner.com\/en\/#organization"},"potentialAction":[{"@type":"SearchAction","target":{"@type":"EntryPoint","urlTemplate":"https:\/\/faus-moliner.com\/en\/?s={search_term_string}"},"query-input":{"@type":"PropertyValueSpecification","valueRequired":true,"valueName":"search_term_string"}}],"inLanguage":"ca"},{"@type":"Organization","@id":"https:\/\/faus-moliner.com\/en\/#organization","name":"Faus Moliner","url":"https:\/\/faus-moliner.com\/en\/","logo":{"@type":"ImageObject","inLanguage":"ca","@id":"https:\/\/faus-moliner.com\/en\/#\/schema\/logo\/image\/","url":"https:\/\/faus-moliner.com\/wp-content\/uploads\/2023\/03\/Logo-FM-web.jpg","contentUrl":"https:\/\/faus-moliner.com\/wp-content\/uploads\/2023\/03\/Logo-FM-web.jpg","width":400,"height":283,"caption":"Faus Moliner"},"image":{"@id":"https:\/\/faus-moliner.com\/en\/#\/schema\/logo\/image\/"},"sameAs":["https:\/\/www.linkedin.com\/company\/2372042\/admin\/"]},{"@type":"Person","@id":"https:\/\/faus-moliner.com\/en\/#\/schema\/person\/b62ac2c67efed1b6f50872c1d6366f90","name":"Faus Moliner","image":{"@type":"ImageObject","inLanguage":"ca","@id":"https:\/\/faus-moliner.com\/en\/#\/schema\/person\/image\/88610ef99b0aa1c93ca33c569a053dac","url":"https:\/\/secure.gravatar.com\/avatar\/be7b0f78e7edd64676ce7ea245b31f149a0cffff4b139c25ac02aaa676c19d67?s=96&d=mm&r=g","contentUrl":"https:\/\/secure.gravatar.com\/avatar\/be7b0f78e7edd64676ce7ea245b31f149a0cffff4b139c25ac02aaa676c19d67?s=96&d=mm&r=g","caption":"Faus Moliner"},"url":"https:\/\/faus-moliner.com\/ca\/author\/moon\/"}]}},"_links":{"self":[{"href":"https:\/\/faus-moliner.com\/ca\/wp-json\/wp\/v2\/posts\/33029","targetHints":{"allow":["GET"]}}],"collection":[{"href":"https:\/\/faus-moliner.com\/ca\/wp-json\/wp\/v2\/posts"}],"about":[{"href":"https:\/\/faus-moliner.com\/ca\/wp-json\/wp\/v2\/types\/post"}],"author":[{"embeddable":true,"href":"https:\/\/faus-moliner.com\/ca\/wp-json\/wp\/v2\/users\/1"}],"replies":[{"embeddable":true,"href":"https:\/\/faus-moliner.com\/ca\/wp-json\/wp\/v2\/comments?post=33029"}],"version-history":[{"count":5,"href":"https:\/\/faus-moliner.com\/ca\/wp-json\/wp\/v2\/posts\/33029\/revisions"}],"predecessor-version":[{"id":33034,"href":"https:\/\/faus-moliner.com\/ca\/wp-json\/wp\/v2\/posts\/33029\/revisions\/33034"}],"wp:attachment":[{"href":"https:\/\/faus-moliner.com\/ca\/wp-json\/wp\/v2\/media?parent=33029"}],"wp:term":[{"taxonomy":"category","embeddable":true,"href":"https:\/\/faus-moliner.com\/ca\/wp-json\/wp\/v2\/categories?post=33029"},{"taxonomy":"post_tag","embeddable":true,"href":"https:\/\/faus-moliner.com\/ca\/wp-json\/wp\/v2\/tags?post=33029"},{"taxonomy":"author","embeddable":true,"href":"https:\/\/faus-moliner.com\/ca\/wp-json\/wp\/v2\/coauthors?post=33029"}],"curies":[{"name":"wp","href":"https:\/\/api.w.org\/{rel}","templated":true}]}}