{"id":35594,"date":"2024-04-15T16:23:32","date_gmt":"2024-04-15T15:23:32","guid":{"rendered":"https:\/\/faus-moliner.com\/vientos-de-cambio-en-las-normas-sobre-publicidad\/"},"modified":"2024-04-15T16:24:13","modified_gmt":"2024-04-15T15:24:13","slug":"vientos-de-cambio-en-las-normas-sobre-publicidad","status":"publish","type":"post","link":"https:\/\/faus-moliner.com\/ca\/vientos-de-cambio-en-las-normas-sobre-publicidad\/","title":{"rendered":"Vientos de cambio en las normas sobre publicidad"},"content":{"rendered":"\n<p>El r\u00e9gimen de la publicidad de medicamentos se encuentra regulado, en cuanto a sus bases, en la normativa europea, concretamente en la Directiva 2001\/83\/CE en el caso de los medicamentos de uso humano, y en el Reglamento 2019\/6, que derog\u00f3 la antigua Directiva 2001\/82\/CE, cuando se trata de medicamentos veterinarios. Luego es cada Estado Miembro quien se ocupa de fijar las reglas espec\u00edficas en su territorio, en funci\u00f3n de sus particularidades, de \u00edndole diversa, pero siempre con respeto a dichas bases.<\/p>\n\n\n\n<p>En Espa\u00f1a, en estos \u00faltimos tiempos est\u00e1n confluyendo precisamente diversas reformas en este \u00e1mbito, que afectar\u00e1n tanto a la publicidad de los medicamentos de uso humano como veterinario. Estas reformas se deben en buena parte a que mucha de la normativa que tenemos actualmente se ha ido quedando desactualizada; y ello pese a irse desarrollando a golpe de notas informativas y gu\u00edas interpretativas, sin obviar el relevante papel que la autorregulaci\u00f3n ha jugado en ausencia de actualizaci\u00f3n normativa; y tambi\u00e9n, en parte, porque algunos aspectos estaban infra desarrollados, en contraste con la tendencia de ir hacia una regulaci\u00f3n m\u00e1s exhaustiva y detallada, en el que la publicidad de este tipo de productos no pod\u00eda quedar al margen. En el caso de los medicamentos de uso humano, el Real Decreto 1416\/1994 que regula la publicidad de estos productos est\u00e1 en pleno proceso de cambio y actualizaci\u00f3n.<\/p>\n\n\n\n<p>Hace justo un a\u00f1o, en abril de 2023, se inici\u00f3 la tramitaci\u00f3n de la consulta p\u00fablica para la aprobaci\u00f3n de un nuevo Real Decreto. Esta nueva norma, que derogar\u00e1 el citado Real Decreto 1416\/1994, tiene previsto adaptarse a las exigencias del mundo actual, sobre todo en lo que se refiere al uso de medios digitales y audiovisuales. En el caso de la publicidad de medicamentos veterinarios, recientemente se ha sacado a consulta p\u00fablica el proyecto de Real Decreto que modifica el Real Decreto 1157\/2021, sobre medicamentos veterinarios fabricados industrialmente. Este nuevo proyecto pretende introducir un r\u00e9gimen sobre la publicidad de medicamentos veterinarios dirigida al p\u00fablico, algo respecto de lo que, hasta la fecha, \u00fanicamente tenemos una breve menci\u00f3n al contenido m\u00ednimo que debe contener la publicidad dirigida al p\u00fablico, pero ninguna regulaci\u00f3n m\u00e1s all\u00e1 de eso.<\/p>\n\n\n\n<p>Pero no s\u00f3lo los medicamentos ver\u00e1n modificadas sus reglas sobre publicidad, tambi\u00e9n los productos sanitarios; recientemente se ha sacado a audiencia p\u00fablica el proyecto de Real Decreto por el que se regular\u00e1 la publicidad con este tipo de productos. Con \u00e9l se pretende incorporar una regulaci\u00f3n m\u00e1s exhaustiva del r\u00e9gimen de publicidad dirigida al p\u00fablico y a profesionales sanitarios, e intenta incorporar propuestas para regular el impacto del mundo digital. En suma, se avecinan cambios significativos en el campo de la publicidad de medicamentos y productos sanitarios. Esperemos que las normas que finalmente se aprueben puedan aportar claridad y dar adecuada respuesta a las necesidades actuales del sector.<\/p>\n","protected":false},"excerpt":{"rendered":"<p>El r\u00e9gimen de la publicidad de medicamentos se encuentra regulado, en cuanto a sus bases, en la normativa europea, concretamente en la Directiva 2001\/83\/CE en el caso de los medicamentos de uso humano, y en el Reglamento 2019\/6, que derog\u00f3 la antigua Directiva 2001\/82\/CE, cuando se trata de medicamentos veterinarios. Luego es cada Estado Miembro&#8230; <\/p>\n<div class=\"clear\"><\/div>\n<p><a href=\"https:\/\/faus-moliner.com\/ca\/vientos-de-cambio-en-las-normas-sobre-publicidad\/\" class=\"excerpt-read-more\">M\u00e9s informaci\u00f3<\/a><\/p>\n","protected":false},"author":1,"featured_media":0,"comment_status":"closed","ping_status":"closed","sticky":false,"template":"","format":"standard","meta":{"_acf_changed":false,"inline_featured_image":false,"footnotes":""},"categories":[502,319],"tags":[],"coauthors":[106,519],"class_list":["post-35594","post","type-post","status-publish","format-standard","hentry","category-el-global-ca-2","category-publicacions"],"acf":[],"yoast_head":"<!-- This site is optimized with the Yoast SEO plugin v26.6 - https:\/\/yoast.com\/wordpress\/plugins\/seo\/ -->\n<title>Vientos de cambio en las normas sobre publicidad - Faus Moliner<\/title>\n<meta name=\"robots\" content=\"index, follow, max-snippet:-1, max-image-preview:large, max-video-preview:-1\" \/>\n<link rel=\"canonical\" href=\"https:\/\/faus-moliner.com\/ca\/vientos-de-cambio-en-las-normas-sobre-publicidad\/\" \/>\n<meta property=\"og:locale\" content=\"ca_ES\" \/>\n<meta property=\"og:type\" content=\"article\" \/>\n<meta property=\"og:title\" content=\"Vientos de cambio en las normas sobre publicidad - Faus Moliner\" \/>\n<meta property=\"og:description\" content=\"El r\u00e9gimen de la publicidad de medicamentos se encuentra regulado, en cuanto a sus bases, en la normativa europea, concretamente en la Directiva 2001\/83\/CE en el caso de los medicamentos de uso humano, y en el Reglamento 2019\/6, que derog\u00f3 la antigua Directiva 2001\/82\/CE, cuando se trata de medicamentos veterinarios. Luego es cada Estado Miembro... M\u00e9s informaci\u00f3\" \/>\n<meta property=\"og:url\" content=\"https:\/\/faus-moliner.com\/ca\/vientos-de-cambio-en-las-normas-sobre-publicidad\/\" \/>\n<meta property=\"og:site_name\" content=\"Faus Moliner\" \/>\n<meta property=\"article:published_time\" content=\"2024-04-15T15:23:32+00:00\" \/>\n<meta property=\"article:modified_time\" content=\"2024-04-15T15:24:13+00:00\" \/>\n<meta name=\"author\" content=\"Faus Moliner, Anna Gerboles\" \/>\n<meta name=\"twitter:card\" content=\"summary_large_image\" \/>\n<meta name=\"twitter:label1\" content=\"Escrit per\" \/>\n\t<meta name=\"twitter:data1\" content=\"Faus Moliner\" \/>\n\t<meta name=\"twitter:label2\" content=\"Temps estimat de lectura\" \/>\n\t<meta name=\"twitter:data2\" content=\"3 minuts\" \/>\n\t<meta name=\"twitter:label3\" content=\"Written by\" \/>\n\t<meta name=\"twitter:data3\" content=\"Faus Moliner, Anna Gerboles\" \/>\n<script type=\"application\/ld+json\" class=\"yoast-schema-graph\">{\"@context\":\"https:\/\/schema.org\",\"@graph\":[{\"@type\":\"Article\",\"@id\":\"https:\/\/faus-moliner.com\/ca\/vientos-de-cambio-en-las-normas-sobre-publicidad\/#article\",\"isPartOf\":{\"@id\":\"https:\/\/faus-moliner.com\/ca\/vientos-de-cambio-en-las-normas-sobre-publicidad\/\"},\"author\":{\"name\":\"Faus Moliner\",\"@id\":\"https:\/\/faus-moliner.com\/en\/#\/schema\/person\/b62ac2c67efed1b6f50872c1d6366f90\"},\"headline\":\"Vientos de cambio en las normas sobre publicidad\",\"datePublished\":\"2024-04-15T15:23:32+00:00\",\"dateModified\":\"2024-04-15T15:24:13+00:00\",\"mainEntityOfPage\":{\"@id\":\"https:\/\/faus-moliner.com\/ca\/vientos-de-cambio-en-las-normas-sobre-publicidad\/\"},\"wordCount\":507,\"publisher\":{\"@id\":\"https:\/\/faus-moliner.com\/en\/#organization\"},\"articleSection\":[\"El Global\",\"Publicacions\"],\"inLanguage\":\"ca\"},{\"@type\":\"WebPage\",\"@id\":\"https:\/\/faus-moliner.com\/ca\/vientos-de-cambio-en-las-normas-sobre-publicidad\/\",\"url\":\"https:\/\/faus-moliner.com\/ca\/vientos-de-cambio-en-las-normas-sobre-publicidad\/\",\"name\":\"Vientos de cambio en las normas sobre publicidad - Faus Moliner\",\"isPartOf\":{\"@id\":\"https:\/\/faus-moliner.com\/en\/#website\"},\"datePublished\":\"2024-04-15T15:23:32+00:00\",\"dateModified\":\"2024-04-15T15:24:13+00:00\",\"breadcrumb\":{\"@id\":\"https:\/\/faus-moliner.com\/ca\/vientos-de-cambio-en-las-normas-sobre-publicidad\/#breadcrumb\"},\"inLanguage\":\"ca\",\"potentialAction\":[{\"@type\":\"ReadAction\",\"target\":[\"https:\/\/faus-moliner.com\/ca\/vientos-de-cambio-en-las-normas-sobre-publicidad\/\"]}]},{\"@type\":\"BreadcrumbList\",\"@id\":\"https:\/\/faus-moliner.com\/ca\/vientos-de-cambio-en-las-normas-sobre-publicidad\/#breadcrumb\",\"itemListElement\":[{\"@type\":\"ListItem\",\"position\":1,\"name\":\"Portada\",\"item\":\"https:\/\/faus-moliner.com\/ca\/\"},{\"@type\":\"ListItem\",\"position\":2,\"name\":\"Vientos de cambio en las normas sobre publicidad\"}]},{\"@type\":\"WebSite\",\"@id\":\"https:\/\/faus-moliner.com\/en\/#website\",\"url\":\"https:\/\/faus-moliner.com\/en\/\",\"name\":\"faus-moliner.com\",\"description\":\"Otro sitio realizado con WordPress\",\"publisher\":{\"@id\":\"https:\/\/faus-moliner.com\/en\/#organization\"},\"potentialAction\":[{\"@type\":\"SearchAction\",\"target\":{\"@type\":\"EntryPoint\",\"urlTemplate\":\"https:\/\/faus-moliner.com\/en\/?s={search_term_string}\"},\"query-input\":{\"@type\":\"PropertyValueSpecification\",\"valueRequired\":true,\"valueName\":\"search_term_string\"}}],\"inLanguage\":\"ca\"},{\"@type\":\"Organization\",\"@id\":\"https:\/\/faus-moliner.com\/en\/#organization\",\"name\":\"Faus Moliner\",\"url\":\"https:\/\/faus-moliner.com\/en\/\",\"logo\":{\"@type\":\"ImageObject\",\"inLanguage\":\"ca\",\"@id\":\"https:\/\/faus-moliner.com\/en\/#\/schema\/logo\/image\/\",\"url\":\"https:\/\/faus-moliner.com\/wp-content\/uploads\/2023\/03\/Logo-FM-web.jpg\",\"contentUrl\":\"https:\/\/faus-moliner.com\/wp-content\/uploads\/2023\/03\/Logo-FM-web.jpg\",\"width\":400,\"height\":283,\"caption\":\"Faus Moliner\"},\"image\":{\"@id\":\"https:\/\/faus-moliner.com\/en\/#\/schema\/logo\/image\/\"},\"sameAs\":[\"https:\/\/www.linkedin.com\/company\/2372042\/admin\/\"]},{\"@type\":\"Person\",\"@id\":\"https:\/\/faus-moliner.com\/en\/#\/schema\/person\/b62ac2c67efed1b6f50872c1d6366f90\",\"name\":\"Faus Moliner\",\"image\":{\"@type\":\"ImageObject\",\"inLanguage\":\"ca\",\"@id\":\"https:\/\/faus-moliner.com\/en\/#\/schema\/person\/image\/88610ef99b0aa1c93ca33c569a053dac\",\"url\":\"https:\/\/secure.gravatar.com\/avatar\/be7b0f78e7edd64676ce7ea245b31f149a0cffff4b139c25ac02aaa676c19d67?s=96&d=mm&r=g\",\"contentUrl\":\"https:\/\/secure.gravatar.com\/avatar\/be7b0f78e7edd64676ce7ea245b31f149a0cffff4b139c25ac02aaa676c19d67?s=96&d=mm&r=g\",\"caption\":\"Faus Moliner\"},\"url\":\"https:\/\/faus-moliner.com\/ca\/author\/moon\/\"}]}<\/script>\n<!-- \/ Yoast SEO plugin. -->","yoast_head_json":{"title":"Vientos de cambio en las normas sobre publicidad - Faus Moliner","robots":{"index":"index","follow":"follow","max-snippet":"max-snippet:-1","max-image-preview":"max-image-preview:large","max-video-preview":"max-video-preview:-1"},"canonical":"https:\/\/faus-moliner.com\/ca\/vientos-de-cambio-en-las-normas-sobre-publicidad\/","og_locale":"ca_ES","og_type":"article","og_title":"Vientos de cambio en las normas sobre publicidad - Faus Moliner","og_description":"El r\u00e9gimen de la publicidad de medicamentos se encuentra regulado, en cuanto a sus bases, en la normativa europea, concretamente en la Directiva 2001\/83\/CE en el caso de los medicamentos de uso humano, y en el Reglamento 2019\/6, que derog\u00f3 la antigua Directiva 2001\/82\/CE, cuando se trata de medicamentos veterinarios. Luego es cada Estado Miembro... M\u00e9s informaci\u00f3","og_url":"https:\/\/faus-moliner.com\/ca\/vientos-de-cambio-en-las-normas-sobre-publicidad\/","og_site_name":"Faus Moliner","article_published_time":"2024-04-15T15:23:32+00:00","article_modified_time":"2024-04-15T15:24:13+00:00","author":"Faus Moliner, Anna Gerboles","twitter_card":"summary_large_image","twitter_misc":{"Escrit per":"Faus Moliner","Temps estimat de lectura":"3 minuts","Written by":"Faus Moliner, Anna Gerboles"},"schema":{"@context":"https:\/\/schema.org","@graph":[{"@type":"Article","@id":"https:\/\/faus-moliner.com\/ca\/vientos-de-cambio-en-las-normas-sobre-publicidad\/#article","isPartOf":{"@id":"https:\/\/faus-moliner.com\/ca\/vientos-de-cambio-en-las-normas-sobre-publicidad\/"},"author":{"name":"Faus Moliner","@id":"https:\/\/faus-moliner.com\/en\/#\/schema\/person\/b62ac2c67efed1b6f50872c1d6366f90"},"headline":"Vientos de cambio en las normas sobre publicidad","datePublished":"2024-04-15T15:23:32+00:00","dateModified":"2024-04-15T15:24:13+00:00","mainEntityOfPage":{"@id":"https:\/\/faus-moliner.com\/ca\/vientos-de-cambio-en-las-normas-sobre-publicidad\/"},"wordCount":507,"publisher":{"@id":"https:\/\/faus-moliner.com\/en\/#organization"},"articleSection":["El Global","Publicacions"],"inLanguage":"ca"},{"@type":"WebPage","@id":"https:\/\/faus-moliner.com\/ca\/vientos-de-cambio-en-las-normas-sobre-publicidad\/","url":"https:\/\/faus-moliner.com\/ca\/vientos-de-cambio-en-las-normas-sobre-publicidad\/","name":"Vientos de cambio en las normas sobre publicidad - Faus Moliner","isPartOf":{"@id":"https:\/\/faus-moliner.com\/en\/#website"},"datePublished":"2024-04-15T15:23:32+00:00","dateModified":"2024-04-15T15:24:13+00:00","breadcrumb":{"@id":"https:\/\/faus-moliner.com\/ca\/vientos-de-cambio-en-las-normas-sobre-publicidad\/#breadcrumb"},"inLanguage":"ca","potentialAction":[{"@type":"ReadAction","target":["https:\/\/faus-moliner.com\/ca\/vientos-de-cambio-en-las-normas-sobre-publicidad\/"]}]},{"@type":"BreadcrumbList","@id":"https:\/\/faus-moliner.com\/ca\/vientos-de-cambio-en-las-normas-sobre-publicidad\/#breadcrumb","itemListElement":[{"@type":"ListItem","position":1,"name":"Portada","item":"https:\/\/faus-moliner.com\/ca\/"},{"@type":"ListItem","position":2,"name":"Vientos de cambio en las normas sobre publicidad"}]},{"@type":"WebSite","@id":"https:\/\/faus-moliner.com\/en\/#website","url":"https:\/\/faus-moliner.com\/en\/","name":"faus-moliner.com","description":"Otro sitio realizado con WordPress","publisher":{"@id":"https:\/\/faus-moliner.com\/en\/#organization"},"potentialAction":[{"@type":"SearchAction","target":{"@type":"EntryPoint","urlTemplate":"https:\/\/faus-moliner.com\/en\/?s={search_term_string}"},"query-input":{"@type":"PropertyValueSpecification","valueRequired":true,"valueName":"search_term_string"}}],"inLanguage":"ca"},{"@type":"Organization","@id":"https:\/\/faus-moliner.com\/en\/#organization","name":"Faus Moliner","url":"https:\/\/faus-moliner.com\/en\/","logo":{"@type":"ImageObject","inLanguage":"ca","@id":"https:\/\/faus-moliner.com\/en\/#\/schema\/logo\/image\/","url":"https:\/\/faus-moliner.com\/wp-content\/uploads\/2023\/03\/Logo-FM-web.jpg","contentUrl":"https:\/\/faus-moliner.com\/wp-content\/uploads\/2023\/03\/Logo-FM-web.jpg","width":400,"height":283,"caption":"Faus Moliner"},"image":{"@id":"https:\/\/faus-moliner.com\/en\/#\/schema\/logo\/image\/"},"sameAs":["https:\/\/www.linkedin.com\/company\/2372042\/admin\/"]},{"@type":"Person","@id":"https:\/\/faus-moliner.com\/en\/#\/schema\/person\/b62ac2c67efed1b6f50872c1d6366f90","name":"Faus Moliner","image":{"@type":"ImageObject","inLanguage":"ca","@id":"https:\/\/faus-moliner.com\/en\/#\/schema\/person\/image\/88610ef99b0aa1c93ca33c569a053dac","url":"https:\/\/secure.gravatar.com\/avatar\/be7b0f78e7edd64676ce7ea245b31f149a0cffff4b139c25ac02aaa676c19d67?s=96&d=mm&r=g","contentUrl":"https:\/\/secure.gravatar.com\/avatar\/be7b0f78e7edd64676ce7ea245b31f149a0cffff4b139c25ac02aaa676c19d67?s=96&d=mm&r=g","caption":"Faus Moliner"},"url":"https:\/\/faus-moliner.com\/ca\/author\/moon\/"}]}},"_links":{"self":[{"href":"https:\/\/faus-moliner.com\/ca\/wp-json\/wp\/v2\/posts\/35594","targetHints":{"allow":["GET"]}}],"collection":[{"href":"https:\/\/faus-moliner.com\/ca\/wp-json\/wp\/v2\/posts"}],"about":[{"href":"https:\/\/faus-moliner.com\/ca\/wp-json\/wp\/v2\/types\/post"}],"author":[{"embeddable":true,"href":"https:\/\/faus-moliner.com\/ca\/wp-json\/wp\/v2\/users\/1"}],"replies":[{"embeddable":true,"href":"https:\/\/faus-moliner.com\/ca\/wp-json\/wp\/v2\/comments?post=35594"}],"version-history":[{"count":1,"href":"https:\/\/faus-moliner.com\/ca\/wp-json\/wp\/v2\/posts\/35594\/revisions"}],"predecessor-version":[{"id":35596,"href":"https:\/\/faus-moliner.com\/ca\/wp-json\/wp\/v2\/posts\/35594\/revisions\/35596"}],"wp:attachment":[{"href":"https:\/\/faus-moliner.com\/ca\/wp-json\/wp\/v2\/media?parent=35594"}],"wp:term":[{"taxonomy":"category","embeddable":true,"href":"https:\/\/faus-moliner.com\/ca\/wp-json\/wp\/v2\/categories?post=35594"},{"taxonomy":"post_tag","embeddable":true,"href":"https:\/\/faus-moliner.com\/ca\/wp-json\/wp\/v2\/tags?post=35594"},{"taxonomy":"author","embeddable":true,"href":"https:\/\/faus-moliner.com\/ca\/wp-json\/wp\/v2\/coauthors?post=35594"}],"curies":[{"name":"wp","href":"https:\/\/api.w.org\/{rel}","templated":true}]}}