{"id":35882,"date":"2024-05-28T11:11:43","date_gmt":"2024-05-28T10:11:43","guid":{"rendered":"https:\/\/faus-moliner.com\/armonizacion-de-pautas-para-el-uso-de-datos-cientificos-en-la-publicidad-dirigida-a-profesionales-sanitarios\/"},"modified":"2024-05-28T15:08:59","modified_gmt":"2024-05-28T14:08:59","slug":"armonizacion-de-pautas-para-el-uso-de-datos-cientificos-en-la-publicidad-dirigida-a-profesionales-sanitarios","status":"publish","type":"post","link":"https:\/\/faus-moliner.com\/ca\/armonizacion-de-pautas-para-el-uso-de-datos-cientificos-en-la-publicidad-dirigida-a-profesionales-sanitarios\/","title":{"rendered":"Armonizaci\u00f3n de pautas para el uso de datos cient\u00edficos en la publicidad dirigida a profesionales sanitarios"},"content":{"rendered":"\n<p>El pasado 29 de abril de 2024, el Bolet\u00edn de Publicidad de Medicamentos de Catalu\u00f1a emiti\u00f3 una nueva nota en la que se repasan las exigencias para el uso de publicaciones y datos cient\u00edficos en materiales promocionales de medicamentos. <\/p>\n\n\n\n<p>El documento se apoya en el Real Decreto 1416\/1994, sobre publicidad de medicamentos, en el C\u00f3digo de Farmaindustria, en las resoluciones del Jurado de Autocontrol en la materia y en ideas que el Departament de Salut ha emitido a trav\u00e9s de la Gu\u00eda Catalana de Publicidad de Medicamentos.<\/p>\n\n\n\n<p><strong>Uso de cuadros, tablas o ilustraciones<\/strong><\/p>\n\n\n\n<p>La monograf\u00eda nos recuerda que, cuando se utilicen cuadros, tablas o ilustraciones en los materiales, es necesario realizar una reproducci\u00f3n \u201cfiel\u201d de estos. La nota no establece con claridad qu\u00e9 debe entenderse por reproducci\u00f3n fiel. En el pasado, se exig\u00eda que la reproducci\u00f3n de gr\u00e1ficos fuese \u201cliteral\u201d (de hecho, versiones anteriores del C\u00f3digo de Farmaindustria lo exig\u00edan \u201cliteralmente\u201d as\u00ed).<\/p>\n\n\n\n<p>En la actualidad, se exige que la reproducci\u00f3n de estos elementos sea \u201cfiel\u201d. Del an\u00e1lisis de resoluciones de Autocontrol concluimos que una reproducci\u00f3n \u201cfiel\u201d permitir\u00eda un cambio de formato, o incluso una simplificaci\u00f3n de una gr\u00e1fica (siempre que la omisi\u00f3n de datos no sea enga\u00f1osa, por supuesto). Entendemos que la posici\u00f3n de Catalu\u00f1a en relaci\u00f3n con este punto es la misma, precisamente por hacer referencia, en la nota objeto de an\u00e1lisis, a las resoluciones de Autocontrol.<\/p>\n\n\n\n<p><strong>Limitaciones de los estudios cient\u00edficos fuente. Objetivos primarios y secundarios<\/strong><\/p>\n\n\n\n<p>La monograf\u00eda de Catalu\u00f1a sobre la materia nos recuerda que la publicidad de medicamentos puede apoyarse en estudios cient\u00edficos que tengan limitaciones, siempre que dichas limitaciones se indiquen claramente en el material promocional. En este sentido, por ejemplo, conviene recordar que la doctrina de Autocontrol es que no puede prohibirse <em>per se<\/em> la referencia a resultados en objetivos secundarios cuando respecto del objetivo principal no se alcanz\u00f3 relevancia estad\u00edstica. Eso s\u00ed, se debe evitar que la presentaci\u00f3n de los resultados infrinja el principio de objetividad. Para ello, ser\u00e1 necesario indicar claramente que respecto de los objetivos primarios no se ha obtenido la esperada relevancia estad\u00edstica.<\/p>\n\n\n\n<p>Adem\u00e1s, seg\u00fan doctrina de Autocontrol (que la monograf\u00eda catalana hace suya), no es posible apoyarse en resultados secundarios cuando el estudio sea jerarquizado.<\/p>\n\n\n\n<p><strong>Traslado de resultados de estudios sobre el principio activo<\/strong><\/p>\n\n\n\n<p><a>La monograf\u00eda apunta que no se pueden trasladar datos cl\u00ednicos y referencias de estudios al medicamento promocionado cuando \u00e9stos han sido obtenidos \u00fanicamente por su principio activo y no por el medicamento resultante<\/a>. Seg\u00fan establece la monograf\u00eda \u201c<em>si los materiales publicitarios transmiten que los resultados se han obtenido directa y espec\u00edficamente con el medicamento promocionado y esto no ha sido as\u00ed, se estar\u00eda infringiendo el principio de objetividad\u201d.<\/em> Por lo tanto, ser\u00eda correcta la promoci\u00f3n del producto acudiendo a estudios sobre un principio activo, siempre que se especifique claramente que los estudios se ha realizado sobre el principio activo.<\/p>\n\n\n\n<p>Por \u00faltimo, la monograf\u00eda apunta cu\u00e1les son las infracciones m\u00e1s frecuentes en este \u00e1mbito (lo cual nos puede dar se\u00f1a, o bien de los errores m\u00e1s comunes que se cometen en la preparaci\u00f3n de materiales promocionales, o bien de los elementos que m\u00e1s se investigan por las autoridades). <\/p>\n\n\n\n<p>As\u00ed pues, es conveniente prestar especial atenci\u00f3n a: <\/p>\n\n\n\n<p>i) las adaptaciones o alteraciones de datos, tablas y gr\u00e1ficos de estudios;<\/p>\n\n\n\n<p>ii) referencias a estudios que no se realizan de manera exacta y; <\/p>\n\n\n\n<p>iii) comparaciones sobre seguridad, eficacia u otras propiedades a trav\u00e9s de estudios cient\u00edficos diferentes o sin especificar la relevancia estad\u00edstica de los mismos.<\/p>\n","protected":false},"excerpt":{"rendered":"<p>El pasado 29 de abril de 2024, el Bolet\u00edn de Publicidad de Medicamentos de Catalu\u00f1a emiti\u00f3 una nueva nota en la que se repasan las exigencias para el uso de publicaciones y datos cient\u00edficos en materiales promocionales de medicamentos. El documento se apoya en el Real Decreto 1416\/1994, sobre publicidad de medicamentos, en el C\u00f3digo&#8230; <\/p>\n<div class=\"clear\"><\/div>\n<p><a href=\"https:\/\/faus-moliner.com\/ca\/armonizacion-de-pautas-para-el-uso-de-datos-cientificos-en-la-publicidad-dirigida-a-profesionales-sanitarios\/\" class=\"excerpt-read-more\">M\u00e9s informaci\u00f3<\/a><\/p>\n","protected":false},"author":1,"featured_media":0,"comment_status":"closed","ping_status":"closed","sticky":false,"template":"","format":"standard","meta":{"_acf_changed":false,"inline_featured_image":false,"footnotes":""},"categories":[272,286,374],"tags":[],"coauthors":[106,519],"class_list":["post-35882","post","type-post","status-publish","format-standard","hentry","category-capsulas-ca","category-dret-farmaceutic-i-life-sciences","category-publicitat"],"acf":[],"yoast_head":"<!-- This site is optimized with the Yoast SEO plugin v26.6 - https:\/\/yoast.com\/wordpress\/plugins\/seo\/ -->\n<title>Armonizaci\u00f3n de pautas para el uso de datos cient\u00edficos en la publicidad dirigida a profesionales sanitarios - Faus Moliner<\/title>\n<meta name=\"robots\" content=\"index, follow, max-snippet:-1, max-image-preview:large, max-video-preview:-1\" \/>\n<link rel=\"canonical\" href=\"https:\/\/faus-moliner.com\/ca\/armonizacion-de-pautas-para-el-uso-de-datos-cientificos-en-la-publicidad-dirigida-a-profesionales-sanitarios\/\" \/>\n<meta property=\"og:locale\" content=\"ca_ES\" \/>\n<meta property=\"og:type\" content=\"article\" \/>\n<meta property=\"og:title\" content=\"Armonizaci\u00f3n de pautas para el uso de datos cient\u00edficos en la publicidad dirigida a profesionales sanitarios - Faus Moliner\" \/>\n<meta property=\"og:description\" content=\"El pasado 29 de abril de 2024, el Bolet\u00edn de Publicidad de Medicamentos de Catalu\u00f1a emiti\u00f3 una nueva nota en la que se repasan las exigencias para el uso de publicaciones y datos cient\u00edficos en materiales promocionales de medicamentos. El documento se apoya en el Real Decreto 1416\/1994, sobre publicidad de medicamentos, en el C\u00f3digo... M\u00e9s informaci\u00f3\" \/>\n<meta property=\"og:url\" content=\"https:\/\/faus-moliner.com\/ca\/armonizacion-de-pautas-para-el-uso-de-datos-cientificos-en-la-publicidad-dirigida-a-profesionales-sanitarios\/\" \/>\n<meta property=\"og:site_name\" content=\"Faus Moliner\" \/>\n<meta property=\"article:published_time\" content=\"2024-05-28T10:11:43+00:00\" \/>\n<meta property=\"article:modified_time\" content=\"2024-05-28T14:08:59+00:00\" \/>\n<meta name=\"author\" content=\"Faus Moliner, Anna Gerboles\" \/>\n<meta name=\"twitter:card\" content=\"summary_large_image\" \/>\n<meta name=\"twitter:label1\" content=\"Escrit per\" \/>\n\t<meta name=\"twitter:data1\" content=\"Faus Moliner\" \/>\n\t<meta name=\"twitter:label2\" content=\"Temps estimat de lectura\" \/>\n\t<meta name=\"twitter:data2\" content=\"4 minuts\" \/>\n\t<meta name=\"twitter:label3\" content=\"Written by\" \/>\n\t<meta name=\"twitter:data3\" content=\"Faus Moliner, Anna Gerboles\" \/>\n<script type=\"application\/ld+json\" class=\"yoast-schema-graph\">{\"@context\":\"https:\/\/schema.org\",\"@graph\":[{\"@type\":\"Article\",\"@id\":\"https:\/\/faus-moliner.com\/ca\/armonizacion-de-pautas-para-el-uso-de-datos-cientificos-en-la-publicidad-dirigida-a-profesionales-sanitarios\/#article\",\"isPartOf\":{\"@id\":\"https:\/\/faus-moliner.com\/ca\/armonizacion-de-pautas-para-el-uso-de-datos-cientificos-en-la-publicidad-dirigida-a-profesionales-sanitarios\/\"},\"author\":{\"name\":\"Faus Moliner\",\"@id\":\"https:\/\/faus-moliner.com\/en\/#\/schema\/person\/b62ac2c67efed1b6f50872c1d6366f90\"},\"headline\":\"Armonizaci\u00f3n de pautas para el uso de datos cient\u00edficos en la publicidad dirigida a profesionales sanitarios\",\"datePublished\":\"2024-05-28T10:11:43+00:00\",\"dateModified\":\"2024-05-28T14:08:59+00:00\",\"mainEntityOfPage\":{\"@id\":\"https:\/\/faus-moliner.com\/ca\/armonizacion-de-pautas-para-el-uso-de-datos-cientificos-en-la-publicidad-dirigida-a-profesionales-sanitarios\/\"},\"wordCount\":648,\"publisher\":{\"@id\":\"https:\/\/faus-moliner.com\/en\/#organization\"},\"articleSection\":[\"Capsulas\",\"Dret Farmac\u00e8utic i \u201cLife Sciences\u201d\",\"Publicitat\"],\"inLanguage\":\"ca\"},{\"@type\":\"WebPage\",\"@id\":\"https:\/\/faus-moliner.com\/ca\/armonizacion-de-pautas-para-el-uso-de-datos-cientificos-en-la-publicidad-dirigida-a-profesionales-sanitarios\/\",\"url\":\"https:\/\/faus-moliner.com\/ca\/armonizacion-de-pautas-para-el-uso-de-datos-cientificos-en-la-publicidad-dirigida-a-profesionales-sanitarios\/\",\"name\":\"Armonizaci\u00f3n de pautas para el uso de datos cient\u00edficos en la publicidad dirigida a profesionales sanitarios - Faus Moliner\",\"isPartOf\":{\"@id\":\"https:\/\/faus-moliner.com\/en\/#website\"},\"datePublished\":\"2024-05-28T10:11:43+00:00\",\"dateModified\":\"2024-05-28T14:08:59+00:00\",\"breadcrumb\":{\"@id\":\"https:\/\/faus-moliner.com\/ca\/armonizacion-de-pautas-para-el-uso-de-datos-cientificos-en-la-publicidad-dirigida-a-profesionales-sanitarios\/#breadcrumb\"},\"inLanguage\":\"ca\",\"potentialAction\":[{\"@type\":\"ReadAction\",\"target\":[\"https:\/\/faus-moliner.com\/ca\/armonizacion-de-pautas-para-el-uso-de-datos-cientificos-en-la-publicidad-dirigida-a-profesionales-sanitarios\/\"]}]},{\"@type\":\"BreadcrumbList\",\"@id\":\"https:\/\/faus-moliner.com\/ca\/armonizacion-de-pautas-para-el-uso-de-datos-cientificos-en-la-publicidad-dirigida-a-profesionales-sanitarios\/#breadcrumb\",\"itemListElement\":[{\"@type\":\"ListItem\",\"position\":1,\"name\":\"Portada\",\"item\":\"https:\/\/faus-moliner.com\/ca\/\"},{\"@type\":\"ListItem\",\"position\":2,\"name\":\"Armonizaci\u00f3n de pautas para el uso de datos cient\u00edficos en la publicidad dirigida a profesionales sanitarios\"}]},{\"@type\":\"WebSite\",\"@id\":\"https:\/\/faus-moliner.com\/en\/#website\",\"url\":\"https:\/\/faus-moliner.com\/en\/\",\"name\":\"faus-moliner.com\",\"description\":\"Otro sitio realizado con WordPress\",\"publisher\":{\"@id\":\"https:\/\/faus-moliner.com\/en\/#organization\"},\"potentialAction\":[{\"@type\":\"SearchAction\",\"target\":{\"@type\":\"EntryPoint\",\"urlTemplate\":\"https:\/\/faus-moliner.com\/en\/?s={search_term_string}\"},\"query-input\":{\"@type\":\"PropertyValueSpecification\",\"valueRequired\":true,\"valueName\":\"search_term_string\"}}],\"inLanguage\":\"ca\"},{\"@type\":\"Organization\",\"@id\":\"https:\/\/faus-moliner.com\/en\/#organization\",\"name\":\"Faus Moliner\",\"url\":\"https:\/\/faus-moliner.com\/en\/\",\"logo\":{\"@type\":\"ImageObject\",\"inLanguage\":\"ca\",\"@id\":\"https:\/\/faus-moliner.com\/en\/#\/schema\/logo\/image\/\",\"url\":\"https:\/\/faus-moliner.com\/wp-content\/uploads\/2023\/03\/Logo-FM-web.jpg\",\"contentUrl\":\"https:\/\/faus-moliner.com\/wp-content\/uploads\/2023\/03\/Logo-FM-web.jpg\",\"width\":400,\"height\":283,\"caption\":\"Faus Moliner\"},\"image\":{\"@id\":\"https:\/\/faus-moliner.com\/en\/#\/schema\/logo\/image\/\"},\"sameAs\":[\"https:\/\/www.linkedin.com\/company\/2372042\/admin\/\"]},{\"@type\":\"Person\",\"@id\":\"https:\/\/faus-moliner.com\/en\/#\/schema\/person\/b62ac2c67efed1b6f50872c1d6366f90\",\"name\":\"Faus Moliner\",\"image\":{\"@type\":\"ImageObject\",\"inLanguage\":\"ca\",\"@id\":\"https:\/\/faus-moliner.com\/en\/#\/schema\/person\/image\/88610ef99b0aa1c93ca33c569a053dac\",\"url\":\"https:\/\/secure.gravatar.com\/avatar\/be7b0f78e7edd64676ce7ea245b31f149a0cffff4b139c25ac02aaa676c19d67?s=96&d=mm&r=g\",\"contentUrl\":\"https:\/\/secure.gravatar.com\/avatar\/be7b0f78e7edd64676ce7ea245b31f149a0cffff4b139c25ac02aaa676c19d67?s=96&d=mm&r=g\",\"caption\":\"Faus Moliner\"},\"url\":\"https:\/\/faus-moliner.com\/ca\/author\/moon\/\"}]}<\/script>\n<!-- \/ Yoast SEO plugin. -->","yoast_head_json":{"title":"Armonizaci\u00f3n de pautas para el uso de datos cient\u00edficos en la publicidad dirigida a profesionales sanitarios - Faus Moliner","robots":{"index":"index","follow":"follow","max-snippet":"max-snippet:-1","max-image-preview":"max-image-preview:large","max-video-preview":"max-video-preview:-1"},"canonical":"https:\/\/faus-moliner.com\/ca\/armonizacion-de-pautas-para-el-uso-de-datos-cientificos-en-la-publicidad-dirigida-a-profesionales-sanitarios\/","og_locale":"ca_ES","og_type":"article","og_title":"Armonizaci\u00f3n de pautas para el uso de datos cient\u00edficos en la publicidad dirigida a profesionales sanitarios - Faus Moliner","og_description":"El pasado 29 de abril de 2024, el Bolet\u00edn de Publicidad de Medicamentos de Catalu\u00f1a emiti\u00f3 una nueva nota en la que se repasan las exigencias para el uso de publicaciones y datos cient\u00edficos en materiales promocionales de medicamentos. El documento se apoya en el Real Decreto 1416\/1994, sobre publicidad de medicamentos, en el C\u00f3digo... M\u00e9s informaci\u00f3","og_url":"https:\/\/faus-moliner.com\/ca\/armonizacion-de-pautas-para-el-uso-de-datos-cientificos-en-la-publicidad-dirigida-a-profesionales-sanitarios\/","og_site_name":"Faus Moliner","article_published_time":"2024-05-28T10:11:43+00:00","article_modified_time":"2024-05-28T14:08:59+00:00","author":"Faus Moliner, Anna Gerboles","twitter_card":"summary_large_image","twitter_misc":{"Escrit per":"Faus Moliner","Temps estimat de lectura":"4 minuts","Written by":"Faus Moliner, Anna Gerboles"},"schema":{"@context":"https:\/\/schema.org","@graph":[{"@type":"Article","@id":"https:\/\/faus-moliner.com\/ca\/armonizacion-de-pautas-para-el-uso-de-datos-cientificos-en-la-publicidad-dirigida-a-profesionales-sanitarios\/#article","isPartOf":{"@id":"https:\/\/faus-moliner.com\/ca\/armonizacion-de-pautas-para-el-uso-de-datos-cientificos-en-la-publicidad-dirigida-a-profesionales-sanitarios\/"},"author":{"name":"Faus Moliner","@id":"https:\/\/faus-moliner.com\/en\/#\/schema\/person\/b62ac2c67efed1b6f50872c1d6366f90"},"headline":"Armonizaci\u00f3n de pautas para el uso de datos cient\u00edficos en la publicidad dirigida a profesionales sanitarios","datePublished":"2024-05-28T10:11:43+00:00","dateModified":"2024-05-28T14:08:59+00:00","mainEntityOfPage":{"@id":"https:\/\/faus-moliner.com\/ca\/armonizacion-de-pautas-para-el-uso-de-datos-cientificos-en-la-publicidad-dirigida-a-profesionales-sanitarios\/"},"wordCount":648,"publisher":{"@id":"https:\/\/faus-moliner.com\/en\/#organization"},"articleSection":["Capsulas","Dret Farmac\u00e8utic i \u201cLife Sciences\u201d","Publicitat"],"inLanguage":"ca"},{"@type":"WebPage","@id":"https:\/\/faus-moliner.com\/ca\/armonizacion-de-pautas-para-el-uso-de-datos-cientificos-en-la-publicidad-dirigida-a-profesionales-sanitarios\/","url":"https:\/\/faus-moliner.com\/ca\/armonizacion-de-pautas-para-el-uso-de-datos-cientificos-en-la-publicidad-dirigida-a-profesionales-sanitarios\/","name":"Armonizaci\u00f3n de pautas para el uso de datos cient\u00edficos en la publicidad dirigida a profesionales sanitarios - Faus Moliner","isPartOf":{"@id":"https:\/\/faus-moliner.com\/en\/#website"},"datePublished":"2024-05-28T10:11:43+00:00","dateModified":"2024-05-28T14:08:59+00:00","breadcrumb":{"@id":"https:\/\/faus-moliner.com\/ca\/armonizacion-de-pautas-para-el-uso-de-datos-cientificos-en-la-publicidad-dirigida-a-profesionales-sanitarios\/#breadcrumb"},"inLanguage":"ca","potentialAction":[{"@type":"ReadAction","target":["https:\/\/faus-moliner.com\/ca\/armonizacion-de-pautas-para-el-uso-de-datos-cientificos-en-la-publicidad-dirigida-a-profesionales-sanitarios\/"]}]},{"@type":"BreadcrumbList","@id":"https:\/\/faus-moliner.com\/ca\/armonizacion-de-pautas-para-el-uso-de-datos-cientificos-en-la-publicidad-dirigida-a-profesionales-sanitarios\/#breadcrumb","itemListElement":[{"@type":"ListItem","position":1,"name":"Portada","item":"https:\/\/faus-moliner.com\/ca\/"},{"@type":"ListItem","position":2,"name":"Armonizaci\u00f3n de pautas para el uso de datos cient\u00edficos en la publicidad dirigida a profesionales sanitarios"}]},{"@type":"WebSite","@id":"https:\/\/faus-moliner.com\/en\/#website","url":"https:\/\/faus-moliner.com\/en\/","name":"faus-moliner.com","description":"Otro sitio realizado con WordPress","publisher":{"@id":"https:\/\/faus-moliner.com\/en\/#organization"},"potentialAction":[{"@type":"SearchAction","target":{"@type":"EntryPoint","urlTemplate":"https:\/\/faus-moliner.com\/en\/?s={search_term_string}"},"query-input":{"@type":"PropertyValueSpecification","valueRequired":true,"valueName":"search_term_string"}}],"inLanguage":"ca"},{"@type":"Organization","@id":"https:\/\/faus-moliner.com\/en\/#organization","name":"Faus Moliner","url":"https:\/\/faus-moliner.com\/en\/","logo":{"@type":"ImageObject","inLanguage":"ca","@id":"https:\/\/faus-moliner.com\/en\/#\/schema\/logo\/image\/","url":"https:\/\/faus-moliner.com\/wp-content\/uploads\/2023\/03\/Logo-FM-web.jpg","contentUrl":"https:\/\/faus-moliner.com\/wp-content\/uploads\/2023\/03\/Logo-FM-web.jpg","width":400,"height":283,"caption":"Faus Moliner"},"image":{"@id":"https:\/\/faus-moliner.com\/en\/#\/schema\/logo\/image\/"},"sameAs":["https:\/\/www.linkedin.com\/company\/2372042\/admin\/"]},{"@type":"Person","@id":"https:\/\/faus-moliner.com\/en\/#\/schema\/person\/b62ac2c67efed1b6f50872c1d6366f90","name":"Faus Moliner","image":{"@type":"ImageObject","inLanguage":"ca","@id":"https:\/\/faus-moliner.com\/en\/#\/schema\/person\/image\/88610ef99b0aa1c93ca33c569a053dac","url":"https:\/\/secure.gravatar.com\/avatar\/be7b0f78e7edd64676ce7ea245b31f149a0cffff4b139c25ac02aaa676c19d67?s=96&d=mm&r=g","contentUrl":"https:\/\/secure.gravatar.com\/avatar\/be7b0f78e7edd64676ce7ea245b31f149a0cffff4b139c25ac02aaa676c19d67?s=96&d=mm&r=g","caption":"Faus Moliner"},"url":"https:\/\/faus-moliner.com\/ca\/author\/moon\/"}]}},"_links":{"self":[{"href":"https:\/\/faus-moliner.com\/ca\/wp-json\/wp\/v2\/posts\/35882","targetHints":{"allow":["GET"]}}],"collection":[{"href":"https:\/\/faus-moliner.com\/ca\/wp-json\/wp\/v2\/posts"}],"about":[{"href":"https:\/\/faus-moliner.com\/ca\/wp-json\/wp\/v2\/types\/post"}],"author":[{"embeddable":true,"href":"https:\/\/faus-moliner.com\/ca\/wp-json\/wp\/v2\/users\/1"}],"replies":[{"embeddable":true,"href":"https:\/\/faus-moliner.com\/ca\/wp-json\/wp\/v2\/comments?post=35882"}],"version-history":[{"count":6,"href":"https:\/\/faus-moliner.com\/ca\/wp-json\/wp\/v2\/posts\/35882\/revisions"}],"predecessor-version":[{"id":35912,"href":"https:\/\/faus-moliner.com\/ca\/wp-json\/wp\/v2\/posts\/35882\/revisions\/35912"}],"wp:attachment":[{"href":"https:\/\/faus-moliner.com\/ca\/wp-json\/wp\/v2\/media?parent=35882"}],"wp:term":[{"taxonomy":"category","embeddable":true,"href":"https:\/\/faus-moliner.com\/ca\/wp-json\/wp\/v2\/categories?post=35882"},{"taxonomy":"post_tag","embeddable":true,"href":"https:\/\/faus-moliner.com\/ca\/wp-json\/wp\/v2\/tags?post=35882"},{"taxonomy":"author","embeddable":true,"href":"https:\/\/faus-moliner.com\/ca\/wp-json\/wp\/v2\/coauthors?post=35882"}],"curies":[{"name":"wp","href":"https:\/\/api.w.org\/{rel}","templated":true}]}}