{"id":37281,"date":"2024-12-05T12:54:50","date_gmt":"2024-12-05T11:54:50","guid":{"rendered":"https:\/\/faus-moliner.com\/cuatro-abogados-de-faus-moliner-figuran-en-la-guia-best-lawyers-en-espana-2025\/"},"modified":"2024-12-09T10:29:59","modified_gmt":"2024-12-09T09:29:59","slug":"cuatro-abogados-de-faus-moliner-figuran-en-la-guia-best-lawyers-en-espana-2025","status":"publish","type":"post","link":"https:\/\/faus-moliner.com\/ca\/cuatro-abogados-de-faus-moliner-figuran-en-la-guia-best-lawyers-en-espana-2025\/","title":{"rendered":"Tres advocats de Faus &#038; Moliner figuren en la Guia Best Lawyers a Espanya 2025"},"content":{"rendered":"\n<p>La gu\u00eda legal The Best Lawyers in Spain ha llan\u00e7at recentment la seva edici\u00f3 per a l\u2019any 2025, en la qual, sobre la base de nominacions d\u2019altres companys de professi\u00f3, que es duen a terme a trav\u00e9s de la web de Best Lawyers, s\u2019identifiquen i classifiquen als principals advocats i despatxos d\u2019acord amb les \u00e0rees de pr\u00e0ctica i la regi\u00f3 geogr\u00e0fica.<\/p>\n\n\n\n<p>El proc\u00e9s comen\u00e7a quan els advocats s\u00f3n proposats com a candidats per a consideraci\u00f3. S\u00f3n dividits per regi\u00f3 geogr\u00e0fica i especialitat, i s\u00f3n avaluats per altres advocats sobre la base de la seva experi\u00e8ncia professional. Els que reben qualificacions altes s\u00f3n sotmesos a un altre proc\u00e9s en el qual es verifica que continuen exercint en l\u2019actualitat i no es troben en problemes per la seva pr\u00e0ctica. Nom\u00e9s despr\u00e9s d\u2019aquest proc\u00e9s els millors advocats poden ser reconeguts per Best Lawyers.<\/p>\n\n\n\n<p>En aquesta edici\u00f3 Jordi Faus, Xavier Moliner i Eduard&nbsp;Rodellar&nbsp;han estat reconeguts com \u00abBest&nbsp;Lawyers\u00bb&nbsp;dins de les \u00e0rees de pr\u00e0ctica Biotecnologia i <em>Life&nbsp;Sciences<\/em>, Processal i Arbitratge, Dret de la Compet\u00e8ncia\/Antimonopoli, Responsabilitat per Producte, Dret Corporatiu i Fusions i Adquisicions.<\/p>\n\n\n\n<p>A m\u00e9s, Llu\u00eds Alcover, Joan Carles&nbsp;Bailach&nbsp;i Juan Mart\u00ednez han estat reconeguts en la categoria \u00abBest&nbsp;Lawyers:&nbsp;Ones&nbsp;to&nbsp;Watch\u00bb, en les \u00e0rees de pr\u00e0ctica de&nbsp;Bioteconolog\u00eda&nbsp;i <em>Life&nbsp;Sciences<\/em>; i Anna&nbsp;Gerbol\u00e9s&nbsp;i Juan Mart\u00ednez en Dret Processal.<\/p>\n\n\n\n<figure class=\"wp-block-image size-full is-resized\"><img loading=\"lazy\" decoding=\"async\" src=\"https:\/\/faus-moliner.com\/wp-content\/uploads\/2024\/12\/Best-Ones-to-Watch-in-Spain.png\" alt=\"\" class=\"wp-image-37257\" width=\"341\" height=\"169\" srcset=\"https:\/\/faus-moliner.com\/wp-content\/uploads\/2024\/12\/Best-Ones-to-Watch-in-Spain.png 524w, https:\/\/faus-moliner.com\/wp-content\/uploads\/2024\/12\/Best-Ones-to-Watch-in-Spain-300x149.png 300w, https:\/\/faus-moliner.com\/wp-content\/uploads\/2024\/12\/Best-Ones-to-Watch-in-Spain-36x18.png 36w\" sizes=\"auto, (max-width: 341px) 100vw, 341px\" \/><\/figure>\n\n\n\n<p><\/p>\n\n\n\n<figure class=\"wp-block-image size-full is-resized\"><img loading=\"lazy\" decoding=\"async\" src=\"https:\/\/faus-moliner.com\/wp-content\/uploads\/2024\/12\/Best-Ones-to-Watch-in-Spain.png\" alt=\"\" class=\"wp-image-37257\" width=\"338\" height=\"167\" srcset=\"https:\/\/faus-moliner.com\/wp-content\/uploads\/2024\/12\/Best-Ones-to-Watch-in-Spain.png 524w, https:\/\/faus-moliner.com\/wp-content\/uploads\/2024\/12\/Best-Ones-to-Watch-in-Spain-300x149.png 300w, https:\/\/faus-moliner.com\/wp-content\/uploads\/2024\/12\/Best-Ones-to-Watch-in-Spain-36x18.png 36w\" sizes=\"auto, (max-width: 338px) 100vw, 338px\" \/><\/figure>\n","protected":false},"excerpt":{"rendered":"<p>La gu\u00eda legal The Best Lawyers in Spain ha llan\u00e7at recentment la seva edici\u00f3 per a l\u2019any 2025, en la qual, sobre la base de nominacions d\u2019altres companys de professi\u00f3, que es duen a terme a trav\u00e9s de la web de Best Lawyers, s\u2019identifiquen i classifiquen als principals advocats i despatxos d\u2019acord amb les \u00e0rees&#8230; <\/p>\n<div class=\"clear\"><\/div>\n<p><a href=\"https:\/\/faus-moliner.com\/ca\/cuatro-abogados-de-faus-moliner-figuran-en-la-guia-best-lawyers-en-espana-2025\/\" class=\"excerpt-read-more\">M\u00e9s informaci\u00f3<\/a><\/p>\n","protected":false},"author":1,"featured_media":0,"comment_status":"closed","ping_status":"closed","sticky":false,"template":"","format":"standard","meta":{"_acf_changed":false,"inline_featured_image":false,"footnotes":""},"categories":[356],"tags":[],"coauthors":[106],"class_list":["post-37281","post","type-post","status-publish","format-standard","hentry","category-noticies-i-events"],"acf":[],"yoast_head":"<!-- This site is optimized with the Yoast SEO plugin v26.6 - https:\/\/yoast.com\/wordpress\/plugins\/seo\/ -->\n<title>Tres advocats de Faus &amp; Moliner figuren en la Guia Best Lawyers a Espanya 2025 - Faus Moliner<\/title>\n<meta name=\"robots\" content=\"index, follow, max-snippet:-1, max-image-preview:large, max-video-preview:-1\" \/>\n<link rel=\"canonical\" href=\"https:\/\/faus-moliner.com\/ca\/cuatro-abogados-de-faus-moliner-figuran-en-la-guia-best-lawyers-en-espana-2025\/\" \/>\n<meta property=\"og:locale\" content=\"ca_ES\" \/>\n<meta property=\"og:type\" content=\"article\" \/>\n<meta property=\"og:title\" content=\"Tres advocats de Faus &amp; Moliner figuren en la Guia Best Lawyers a Espanya 2025 - Faus Moliner\" \/>\n<meta property=\"og:description\" content=\"La gu\u00eda legal The Best Lawyers in Spain ha llan\u00e7at recentment la seva edici\u00f3 per a l\u2019any 2025, en la qual, sobre la base de nominacions d\u2019altres companys de professi\u00f3, que es duen a terme a trav\u00e9s de la web de Best Lawyers, s\u2019identifiquen i classifiquen als principals advocats i despatxos d\u2019acord amb les \u00e0rees... M\u00e9s informaci\u00f3\" \/>\n<meta property=\"og:url\" content=\"https:\/\/faus-moliner.com\/ca\/cuatro-abogados-de-faus-moliner-figuran-en-la-guia-best-lawyers-en-espana-2025\/\" \/>\n<meta property=\"og:site_name\" content=\"Faus Moliner\" \/>\n<meta property=\"article:published_time\" content=\"2024-12-05T11:54:50+00:00\" \/>\n<meta property=\"article:modified_time\" content=\"2024-12-09T09:29:59+00:00\" \/>\n<meta property=\"og:image\" content=\"https:\/\/faus-moliner.com\/wp-content\/uploads\/2024\/12\/Best-Ones-to-Watch-in-Spain.png\" \/>\n<meta name=\"author\" content=\"Faus Moliner\" \/>\n<meta name=\"twitter:card\" content=\"summary_large_image\" \/>\n<meta name=\"twitter:label1\" content=\"Escrit per\" \/>\n\t<meta name=\"twitter:data1\" content=\"Faus Moliner\" \/>\n\t<meta name=\"twitter:label2\" content=\"Temps estimat de lectura\" \/>\n\t<meta name=\"twitter:data2\" content=\"2 minuts\" \/>\n\t<meta name=\"twitter:label3\" content=\"Written by\" \/>\n\t<meta name=\"twitter:data3\" content=\"Faus Moliner\" \/>\n<script type=\"application\/ld+json\" class=\"yoast-schema-graph\">{\"@context\":\"https:\/\/schema.org\",\"@graph\":[{\"@type\":\"Article\",\"@id\":\"https:\/\/faus-moliner.com\/ca\/cuatro-abogados-de-faus-moliner-figuran-en-la-guia-best-lawyers-en-espana-2025\/#article\",\"isPartOf\":{\"@id\":\"https:\/\/faus-moliner.com\/ca\/cuatro-abogados-de-faus-moliner-figuran-en-la-guia-best-lawyers-en-espana-2025\/\"},\"author\":{\"name\":\"Faus Moliner\",\"@id\":\"https:\/\/faus-moliner.com\/en\/#\/schema\/person\/b62ac2c67efed1b6f50872c1d6366f90\"},\"headline\":\"Tres advocats de Faus &#038; Moliner figuren en la Guia Best Lawyers a Espanya 2025\",\"datePublished\":\"2024-12-05T11:54:50+00:00\",\"dateModified\":\"2024-12-09T09:29:59+00:00\",\"mainEntityOfPage\":{\"@id\":\"https:\/\/faus-moliner.com\/ca\/cuatro-abogados-de-faus-moliner-figuran-en-la-guia-best-lawyers-en-espana-2025\/\"},\"wordCount\":284,\"publisher\":{\"@id\":\"https:\/\/faus-moliner.com\/en\/#organization\"},\"image\":{\"@id\":\"https:\/\/faus-moliner.com\/ca\/cuatro-abogados-de-faus-moliner-figuran-en-la-guia-best-lawyers-en-espana-2025\/#primaryimage\"},\"thumbnailUrl\":\"https:\/\/faus-moliner.com\/wp-content\/uploads\/2024\/12\/Best-Ones-to-Watch-in-Spain.png\",\"articleSection\":[\"Not\u00edcies i events\"],\"inLanguage\":\"ca\"},{\"@type\":\"WebPage\",\"@id\":\"https:\/\/faus-moliner.com\/ca\/cuatro-abogados-de-faus-moliner-figuran-en-la-guia-best-lawyers-en-espana-2025\/\",\"url\":\"https:\/\/faus-moliner.com\/ca\/cuatro-abogados-de-faus-moliner-figuran-en-la-guia-best-lawyers-en-espana-2025\/\",\"name\":\"Tres advocats de Faus & Moliner figuren en la Guia Best Lawyers a Espanya 2025 - Faus Moliner\",\"isPartOf\":{\"@id\":\"https:\/\/faus-moliner.com\/en\/#website\"},\"primaryImageOfPage\":{\"@id\":\"https:\/\/faus-moliner.com\/ca\/cuatro-abogados-de-faus-moliner-figuran-en-la-guia-best-lawyers-en-espana-2025\/#primaryimage\"},\"image\":{\"@id\":\"https:\/\/faus-moliner.com\/ca\/cuatro-abogados-de-faus-moliner-figuran-en-la-guia-best-lawyers-en-espana-2025\/#primaryimage\"},\"thumbnailUrl\":\"https:\/\/faus-moliner.com\/wp-content\/uploads\/2024\/12\/Best-Ones-to-Watch-in-Spain.png\",\"datePublished\":\"2024-12-05T11:54:50+00:00\",\"dateModified\":\"2024-12-09T09:29:59+00:00\",\"breadcrumb\":{\"@id\":\"https:\/\/faus-moliner.com\/ca\/cuatro-abogados-de-faus-moliner-figuran-en-la-guia-best-lawyers-en-espana-2025\/#breadcrumb\"},\"inLanguage\":\"ca\",\"potentialAction\":[{\"@type\":\"ReadAction\",\"target\":[\"https:\/\/faus-moliner.com\/ca\/cuatro-abogados-de-faus-moliner-figuran-en-la-guia-best-lawyers-en-espana-2025\/\"]}]},{\"@type\":\"ImageObject\",\"inLanguage\":\"ca\",\"@id\":\"https:\/\/faus-moliner.com\/ca\/cuatro-abogados-de-faus-moliner-figuran-en-la-guia-best-lawyers-en-espana-2025\/#primaryimage\",\"url\":\"https:\/\/faus-moliner.com\/wp-content\/uploads\/2024\/12\/Best-Ones-to-Watch-in-Spain.png\",\"contentUrl\":\"https:\/\/faus-moliner.com\/wp-content\/uploads\/2024\/12\/Best-Ones-to-Watch-in-Spain.png\"},{\"@type\":\"BreadcrumbList\",\"@id\":\"https:\/\/faus-moliner.com\/ca\/cuatro-abogados-de-faus-moliner-figuran-en-la-guia-best-lawyers-en-espana-2025\/#breadcrumb\",\"itemListElement\":[{\"@type\":\"ListItem\",\"position\":1,\"name\":\"Portada\",\"item\":\"https:\/\/faus-moliner.com\/ca\/\"},{\"@type\":\"ListItem\",\"position\":2,\"name\":\"Tres advocats de Faus &#038; Moliner figuren en la Guia Best Lawyers a Espanya 2025\"}]},{\"@type\":\"WebSite\",\"@id\":\"https:\/\/faus-moliner.com\/en\/#website\",\"url\":\"https:\/\/faus-moliner.com\/en\/\",\"name\":\"faus-moliner.com\",\"description\":\"Otro sitio realizado con WordPress\",\"publisher\":{\"@id\":\"https:\/\/faus-moliner.com\/en\/#organization\"},\"potentialAction\":[{\"@type\":\"SearchAction\",\"target\":{\"@type\":\"EntryPoint\",\"urlTemplate\":\"https:\/\/faus-moliner.com\/en\/?s={search_term_string}\"},\"query-input\":{\"@type\":\"PropertyValueSpecification\",\"valueRequired\":true,\"valueName\":\"search_term_string\"}}],\"inLanguage\":\"ca\"},{\"@type\":\"Organization\",\"@id\":\"https:\/\/faus-moliner.com\/en\/#organization\",\"name\":\"Faus Moliner\",\"url\":\"https:\/\/faus-moliner.com\/en\/\",\"logo\":{\"@type\":\"ImageObject\",\"inLanguage\":\"ca\",\"@id\":\"https:\/\/faus-moliner.com\/en\/#\/schema\/logo\/image\/\",\"url\":\"https:\/\/faus-moliner.com\/wp-content\/uploads\/2023\/03\/Logo-FM-web.jpg\",\"contentUrl\":\"https:\/\/faus-moliner.com\/wp-content\/uploads\/2023\/03\/Logo-FM-web.jpg\",\"width\":400,\"height\":283,\"caption\":\"Faus Moliner\"},\"image\":{\"@id\":\"https:\/\/faus-moliner.com\/en\/#\/schema\/logo\/image\/\"},\"sameAs\":[\"https:\/\/www.linkedin.com\/company\/2372042\/admin\/\"]},{\"@type\":\"Person\",\"@id\":\"https:\/\/faus-moliner.com\/en\/#\/schema\/person\/b62ac2c67efed1b6f50872c1d6366f90\",\"name\":\"Faus Moliner\",\"image\":{\"@type\":\"ImageObject\",\"inLanguage\":\"ca\",\"@id\":\"https:\/\/faus-moliner.com\/en\/#\/schema\/person\/image\/88610ef99b0aa1c93ca33c569a053dac\",\"url\":\"https:\/\/secure.gravatar.com\/avatar\/be7b0f78e7edd64676ce7ea245b31f149a0cffff4b139c25ac02aaa676c19d67?s=96&d=mm&r=g\",\"contentUrl\":\"https:\/\/secure.gravatar.com\/avatar\/be7b0f78e7edd64676ce7ea245b31f149a0cffff4b139c25ac02aaa676c19d67?s=96&d=mm&r=g\",\"caption\":\"Faus Moliner\"},\"url\":\"https:\/\/faus-moliner.com\/ca\/author\/moon\/\"}]}<\/script>\n<!-- \/ Yoast SEO plugin. -->","yoast_head_json":{"title":"Tres advocats de Faus & Moliner figuren en la Guia Best Lawyers a Espanya 2025 - Faus Moliner","robots":{"index":"index","follow":"follow","max-snippet":"max-snippet:-1","max-image-preview":"max-image-preview:large","max-video-preview":"max-video-preview:-1"},"canonical":"https:\/\/faus-moliner.com\/ca\/cuatro-abogados-de-faus-moliner-figuran-en-la-guia-best-lawyers-en-espana-2025\/","og_locale":"ca_ES","og_type":"article","og_title":"Tres advocats de Faus & Moliner figuren en la Guia Best Lawyers a Espanya 2025 - Faus Moliner","og_description":"La gu\u00eda legal The Best Lawyers in Spain ha llan\u00e7at recentment la seva edici\u00f3 per a l\u2019any 2025, en la qual, sobre la base de nominacions d\u2019altres companys de professi\u00f3, que es duen a terme a trav\u00e9s de la web de Best Lawyers, s\u2019identifiquen i classifiquen als principals advocats i despatxos d\u2019acord amb les \u00e0rees... M\u00e9s informaci\u00f3","og_url":"https:\/\/faus-moliner.com\/ca\/cuatro-abogados-de-faus-moliner-figuran-en-la-guia-best-lawyers-en-espana-2025\/","og_site_name":"Faus Moliner","article_published_time":"2024-12-05T11:54:50+00:00","article_modified_time":"2024-12-09T09:29:59+00:00","og_image":[{"url":"https:\/\/faus-moliner.com\/wp-content\/uploads\/2024\/12\/Best-Ones-to-Watch-in-Spain.png","type":"","width":"","height":""}],"author":"Faus Moliner","twitter_card":"summary_large_image","twitter_misc":{"Escrit per":"Faus Moliner","Temps estimat de lectura":"2 minuts","Written by":"Faus Moliner"},"schema":{"@context":"https:\/\/schema.org","@graph":[{"@type":"Article","@id":"https:\/\/faus-moliner.com\/ca\/cuatro-abogados-de-faus-moliner-figuran-en-la-guia-best-lawyers-en-espana-2025\/#article","isPartOf":{"@id":"https:\/\/faus-moliner.com\/ca\/cuatro-abogados-de-faus-moliner-figuran-en-la-guia-best-lawyers-en-espana-2025\/"},"author":{"name":"Faus Moliner","@id":"https:\/\/faus-moliner.com\/en\/#\/schema\/person\/b62ac2c67efed1b6f50872c1d6366f90"},"headline":"Tres advocats de Faus &#038; Moliner figuren en la Guia Best Lawyers a Espanya 2025","datePublished":"2024-12-05T11:54:50+00:00","dateModified":"2024-12-09T09:29:59+00:00","mainEntityOfPage":{"@id":"https:\/\/faus-moliner.com\/ca\/cuatro-abogados-de-faus-moliner-figuran-en-la-guia-best-lawyers-en-espana-2025\/"},"wordCount":284,"publisher":{"@id":"https:\/\/faus-moliner.com\/en\/#organization"},"image":{"@id":"https:\/\/faus-moliner.com\/ca\/cuatro-abogados-de-faus-moliner-figuran-en-la-guia-best-lawyers-en-espana-2025\/#primaryimage"},"thumbnailUrl":"https:\/\/faus-moliner.com\/wp-content\/uploads\/2024\/12\/Best-Ones-to-Watch-in-Spain.png","articleSection":["Not\u00edcies i events"],"inLanguage":"ca"},{"@type":"WebPage","@id":"https:\/\/faus-moliner.com\/ca\/cuatro-abogados-de-faus-moliner-figuran-en-la-guia-best-lawyers-en-espana-2025\/","url":"https:\/\/faus-moliner.com\/ca\/cuatro-abogados-de-faus-moliner-figuran-en-la-guia-best-lawyers-en-espana-2025\/","name":"Tres advocats de Faus & Moliner figuren en la Guia Best Lawyers a Espanya 2025 - Faus Moliner","isPartOf":{"@id":"https:\/\/faus-moliner.com\/en\/#website"},"primaryImageOfPage":{"@id":"https:\/\/faus-moliner.com\/ca\/cuatro-abogados-de-faus-moliner-figuran-en-la-guia-best-lawyers-en-espana-2025\/#primaryimage"},"image":{"@id":"https:\/\/faus-moliner.com\/ca\/cuatro-abogados-de-faus-moliner-figuran-en-la-guia-best-lawyers-en-espana-2025\/#primaryimage"},"thumbnailUrl":"https:\/\/faus-moliner.com\/wp-content\/uploads\/2024\/12\/Best-Ones-to-Watch-in-Spain.png","datePublished":"2024-12-05T11:54:50+00:00","dateModified":"2024-12-09T09:29:59+00:00","breadcrumb":{"@id":"https:\/\/faus-moliner.com\/ca\/cuatro-abogados-de-faus-moliner-figuran-en-la-guia-best-lawyers-en-espana-2025\/#breadcrumb"},"inLanguage":"ca","potentialAction":[{"@type":"ReadAction","target":["https:\/\/faus-moliner.com\/ca\/cuatro-abogados-de-faus-moliner-figuran-en-la-guia-best-lawyers-en-espana-2025\/"]}]},{"@type":"ImageObject","inLanguage":"ca","@id":"https:\/\/faus-moliner.com\/ca\/cuatro-abogados-de-faus-moliner-figuran-en-la-guia-best-lawyers-en-espana-2025\/#primaryimage","url":"https:\/\/faus-moliner.com\/wp-content\/uploads\/2024\/12\/Best-Ones-to-Watch-in-Spain.png","contentUrl":"https:\/\/faus-moliner.com\/wp-content\/uploads\/2024\/12\/Best-Ones-to-Watch-in-Spain.png"},{"@type":"BreadcrumbList","@id":"https:\/\/faus-moliner.com\/ca\/cuatro-abogados-de-faus-moliner-figuran-en-la-guia-best-lawyers-en-espana-2025\/#breadcrumb","itemListElement":[{"@type":"ListItem","position":1,"name":"Portada","item":"https:\/\/faus-moliner.com\/ca\/"},{"@type":"ListItem","position":2,"name":"Tres advocats de Faus &#038; Moliner figuren en la Guia Best Lawyers a Espanya 2025"}]},{"@type":"WebSite","@id":"https:\/\/faus-moliner.com\/en\/#website","url":"https:\/\/faus-moliner.com\/en\/","name":"faus-moliner.com","description":"Otro sitio realizado con WordPress","publisher":{"@id":"https:\/\/faus-moliner.com\/en\/#organization"},"potentialAction":[{"@type":"SearchAction","target":{"@type":"EntryPoint","urlTemplate":"https:\/\/faus-moliner.com\/en\/?s={search_term_string}"},"query-input":{"@type":"PropertyValueSpecification","valueRequired":true,"valueName":"search_term_string"}}],"inLanguage":"ca"},{"@type":"Organization","@id":"https:\/\/faus-moliner.com\/en\/#organization","name":"Faus Moliner","url":"https:\/\/faus-moliner.com\/en\/","logo":{"@type":"ImageObject","inLanguage":"ca","@id":"https:\/\/faus-moliner.com\/en\/#\/schema\/logo\/image\/","url":"https:\/\/faus-moliner.com\/wp-content\/uploads\/2023\/03\/Logo-FM-web.jpg","contentUrl":"https:\/\/faus-moliner.com\/wp-content\/uploads\/2023\/03\/Logo-FM-web.jpg","width":400,"height":283,"caption":"Faus Moliner"},"image":{"@id":"https:\/\/faus-moliner.com\/en\/#\/schema\/logo\/image\/"},"sameAs":["https:\/\/www.linkedin.com\/company\/2372042\/admin\/"]},{"@type":"Person","@id":"https:\/\/faus-moliner.com\/en\/#\/schema\/person\/b62ac2c67efed1b6f50872c1d6366f90","name":"Faus Moliner","image":{"@type":"ImageObject","inLanguage":"ca","@id":"https:\/\/faus-moliner.com\/en\/#\/schema\/person\/image\/88610ef99b0aa1c93ca33c569a053dac","url":"https:\/\/secure.gravatar.com\/avatar\/be7b0f78e7edd64676ce7ea245b31f149a0cffff4b139c25ac02aaa676c19d67?s=96&d=mm&r=g","contentUrl":"https:\/\/secure.gravatar.com\/avatar\/be7b0f78e7edd64676ce7ea245b31f149a0cffff4b139c25ac02aaa676c19d67?s=96&d=mm&r=g","caption":"Faus Moliner"},"url":"https:\/\/faus-moliner.com\/ca\/author\/moon\/"}]}},"_links":{"self":[{"href":"https:\/\/faus-moliner.com\/ca\/wp-json\/wp\/v2\/posts\/37281","targetHints":{"allow":["GET"]}}],"collection":[{"href":"https:\/\/faus-moliner.com\/ca\/wp-json\/wp\/v2\/posts"}],"about":[{"href":"https:\/\/faus-moliner.com\/ca\/wp-json\/wp\/v2\/types\/post"}],"author":[{"embeddable":true,"href":"https:\/\/faus-moliner.com\/ca\/wp-json\/wp\/v2\/users\/1"}],"replies":[{"embeddable":true,"href":"https:\/\/faus-moliner.com\/ca\/wp-json\/wp\/v2\/comments?post=37281"}],"version-history":[{"count":5,"href":"https:\/\/faus-moliner.com\/ca\/wp-json\/wp\/v2\/posts\/37281\/revisions"}],"predecessor-version":[{"id":37297,"href":"https:\/\/faus-moliner.com\/ca\/wp-json\/wp\/v2\/posts\/37281\/revisions\/37297"}],"wp:attachment":[{"href":"https:\/\/faus-moliner.com\/ca\/wp-json\/wp\/v2\/media?parent=37281"}],"wp:term":[{"taxonomy":"category","embeddable":true,"href":"https:\/\/faus-moliner.com\/ca\/wp-json\/wp\/v2\/categories?post=37281"},{"taxonomy":"post_tag","embeddable":true,"href":"https:\/\/faus-moliner.com\/ca\/wp-json\/wp\/v2\/tags?post=37281"},{"taxonomy":"author","embeddable":true,"href":"https:\/\/faus-moliner.com\/ca\/wp-json\/wp\/v2\/coauthors?post=37281"}],"curies":[{"name":"wp","href":"https:\/\/api.w.org\/{rel}","templated":true}]}}