{"id":37447,"date":"2025-01-29T10:36:50","date_gmt":"2025-01-29T09:36:50","guid":{"rendered":"https:\/\/faus-moliner.com\/puede-una-compania-oponerse-a-la-publicacion-de-una-sancion-que-se-le-haya-impuesto\/"},"modified":"2025-01-29T11:55:04","modified_gmt":"2025-01-29T10:55:04","slug":"puede-una-compania-oponerse-a-la-publicacion-de-una-sancion-que-se-le-haya-impuesto","status":"publish","type":"post","link":"https:\/\/faus-moliner.com\/ca\/puede-una-compania-oponerse-a-la-publicacion-de-una-sancion-que-se-le-haya-impuesto\/","title":{"rendered":"\u00bfPuede una compa\u00f1\u00eda oponerse a la publicaci\u00f3n de una sanci\u00f3n que se le haya impuesto?"},"content":{"rendered":"\n<p><strong>Antecedentes<\/strong><strong><\/strong><\/p>\n\n\n\n<p>La Ley de Garant\u00edas y Uso Racional de Medicamentos y Productos Sanitarios establece que las sanciones por infracciones graves y muy graves deben publicarse en el Bolet\u00edn Oficial del Estado o auton\u00f3mico correspondiente. No existe obligaci\u00f3n, por contra, de publicar las sanciones leves. En los \u00faltimos a\u00f1os, algunas personas han solicitado acceso a las sanciones leves impuestas a compa\u00f1\u00edas farmac\u00e9uticas, generando dudas sobre si esta informaci\u00f3n debe ser divulgada o no conforme a las leyes de transparencia.<\/p>\n\n\n\n<p>La Ley 19\/2013, de 9 de diciembre, de transparencia, acceso a la informaci\u00f3n p\u00fablica y buen gobierno (LTAIBG), se\u00f1ala que se puede limitar el acceso a la informaci\u00f3n p\u00fablica si ello supone un perjuicio para los intereses econ\u00f3micos y comerciales. La pregunta que se plantea es si la divulgaci\u00f3n de la informaci\u00f3n sobre las sanciones leves podr\u00eda perjudicar la imagen y reputaci\u00f3n de una compa\u00f1\u00eda. Un recurso de casaci\u00f3n, no relacionado con compa\u00f1\u00edas farmac\u00e9uticas, ha sido admitido por el Tribunal Supremo para analizar esta cuesti\u00f3n.<\/p>\n\n\n\n<p><strong>Solicitud<\/strong><strong> <\/strong><strong>de<\/strong><strong> <\/strong><strong>informaci\u00f3n<\/strong><strong> <\/strong><strong>de<\/strong><strong> <\/strong><strong>origen<\/strong><strong><\/strong><\/p>\n\n\n\n<p>En 2019, se solicit\u00f3 a la Generalitat de Catalunya que informase sobre sanciones impuestas a residencias para mayores. Dado que la Consejer\u00eda deneg\u00f3 el acceso, el solicitante present\u00f3 una reclamaci\u00f3n ante la Comisi\u00f3n de Garant\u00eda del Derecho de Acceso a la Informaci\u00f3n P\u00fablica de la Generalitat de Catalunya (GAIP), la cual estim\u00f3 el recurso.<\/p>\n\n\n\n<p><strong>Antecedentes judiciales<\/strong><strong><\/strong><\/p>\n\n\n\n<p>Una de las residencias afectadas recurri\u00f3 ante el Tribunal Superior de Justicia de Catalunya (TSJC), que orden\u00f3 conceder la informaci\u00f3n sin incluir el nombre de las residencias sancionadas, por considerarlo un dato personal especialmente protegido. El TSJ argument\u00f3 que la Ley de Transparencia de Catalunya (igual que la LTAIBG) imped\u00eda divulgar el nombre de las residencias a las que se hab\u00eda impuesto una sanci\u00f3n que no implicase amonestaci\u00f3n p\u00fablica sin su consentimiento.<\/p>\n\n\n\n<p>La Generalitat de Catalunya recurri\u00f3 la sentencia por considerar que la protecci\u00f3n de datos s\u00f3lo aplica a personas f\u00edsicas, no a personas jur\u00eddicas, como eran las residencias. En su momento el Tribunal Supremo estim\u00f3 este recurso y orden\u00f3 al TSJC que analizase de nuevo el asunto.<\/p>\n\n\n\n<p>En su segundo an\u00e1lisis, el TSJC analiz\u00f3 si divulgar el nombre de las residencias sancionadas podr\u00eda afectar sus intereses econ\u00f3micos y comerciales, especialmente para sanciones que no involucren amonestaci\u00f3n p\u00fablica. El TSJC concluy\u00f3 que dicha divulgaci\u00f3n pod\u00eda impactar en su imagen y reputaci\u00f3n, afectando a su competitividad en el mercado; y, por tanto, afectando a sus intereses empresariales y econ\u00f3micos.<\/p>\n\n\n\n<p><strong>El Tribunal Supremo resolver\u00e1 sobre la cuesti\u00f3n<\/strong><\/p>\n\n\n\n<p>El caso sigue abierto, la Generalitat de Catalunya ha presentado un nuevo recurso de casaci\u00f3n, y el Tribunal Supremo analizar\u00e1 si una empresa puede oponerse a que se divulgue su identidad en casos en los que ello pueda afectar a su imagen o reputaci\u00f3n.<\/p>\n","protected":false},"excerpt":{"rendered":"<p>Antecedentes La Ley de Garant\u00edas y Uso Racional de Medicamentos y Productos Sanitarios establece que las sanciones por infracciones graves y muy graves deben publicarse en el Bolet\u00edn Oficial del Estado o auton\u00f3mico correspondiente. No existe obligaci\u00f3n, por contra, de publicar las sanciones leves. En los \u00faltimos a\u00f1os, algunas personas han solicitado acceso a las&#8230; <\/p>\n<div class=\"clear\"><\/div>\n<p><a href=\"https:\/\/faus-moliner.com\/ca\/puede-una-compania-oponerse-a-la-publicacion-de-una-sancion-que-se-le-haya-impuesto\/\" class=\"excerpt-read-more\">M\u00e9s informaci\u00f3<\/a><\/p>\n","protected":false},"author":1,"featured_media":0,"comment_status":"closed","ping_status":"closed","sticky":false,"template":"","format":"standard","meta":{"_acf_changed":false,"inline_featured_image":false,"footnotes":""},"categories":[272,286,311],"tags":[],"coauthors":[106,521],"class_list":["post-37447","post","type-post","status-publish","format-standard","hentry","category-capsulas-ca","category-dret-farmaceutic-i-life-sciences","category-regulatory-dret-farmaceutic-i-life-sciences"],"acf":[],"yoast_head":"<!-- This site is optimized with the Yoast SEO plugin v26.6 - https:\/\/yoast.com\/wordpress\/plugins\/seo\/ -->\n<title>\u00bfPuede una compa\u00f1\u00eda oponerse a la publicaci\u00f3n de una sanci\u00f3n que se le haya impuesto? - Faus Moliner<\/title>\n<meta name=\"robots\" content=\"index, follow, max-snippet:-1, max-image-preview:large, max-video-preview:-1\" \/>\n<link rel=\"canonical\" href=\"https:\/\/faus-moliner.com\/ca\/puede-una-compania-oponerse-a-la-publicacion-de-una-sancion-que-se-le-haya-impuesto\/\" \/>\n<meta property=\"og:locale\" content=\"ca_ES\" \/>\n<meta property=\"og:type\" content=\"article\" \/>\n<meta property=\"og:title\" content=\"\u00bfPuede una compa\u00f1\u00eda oponerse a la publicaci\u00f3n de una sanci\u00f3n que se le haya impuesto? - Faus Moliner\" \/>\n<meta property=\"og:description\" content=\"Antecedentes La Ley de Garant\u00edas y Uso Racional de Medicamentos y Productos Sanitarios establece que las sanciones por infracciones graves y muy graves deben publicarse en el Bolet\u00edn Oficial del Estado o auton\u00f3mico correspondiente. No existe obligaci\u00f3n, por contra, de publicar las sanciones leves. En los \u00faltimos a\u00f1os, algunas personas han solicitado acceso a las... M\u00e9s informaci\u00f3\" \/>\n<meta property=\"og:url\" content=\"https:\/\/faus-moliner.com\/ca\/puede-una-compania-oponerse-a-la-publicacion-de-una-sancion-que-se-le-haya-impuesto\/\" \/>\n<meta property=\"og:site_name\" content=\"Faus Moliner\" \/>\n<meta property=\"article:published_time\" content=\"2025-01-29T09:36:50+00:00\" \/>\n<meta property=\"article:modified_time\" content=\"2025-01-29T10:55:04+00:00\" \/>\n<meta name=\"author\" content=\"Faus Moliner, Joan Carles Bailach\" \/>\n<meta name=\"twitter:card\" content=\"summary_large_image\" \/>\n<meta name=\"twitter:label1\" content=\"Escrit per\" \/>\n\t<meta name=\"twitter:data1\" content=\"Faus Moliner\" \/>\n\t<meta name=\"twitter:label2\" content=\"Temps estimat de lectura\" \/>\n\t<meta name=\"twitter:data2\" content=\"3 minuts\" \/>\n\t<meta name=\"twitter:label3\" content=\"Written by\" \/>\n\t<meta name=\"twitter:data3\" content=\"Faus Moliner, Joan Carles Bailach\" \/>\n<script type=\"application\/ld+json\" class=\"yoast-schema-graph\">{\"@context\":\"https:\/\/schema.org\",\"@graph\":[{\"@type\":\"Article\",\"@id\":\"https:\/\/faus-moliner.com\/ca\/puede-una-compania-oponerse-a-la-publicacion-de-una-sancion-que-se-le-haya-impuesto\/#article\",\"isPartOf\":{\"@id\":\"https:\/\/faus-moliner.com\/ca\/puede-una-compania-oponerse-a-la-publicacion-de-una-sancion-que-se-le-haya-impuesto\/\"},\"author\":{\"name\":\"Faus Moliner\",\"@id\":\"https:\/\/faus-moliner.com\/en\/#\/schema\/person\/b62ac2c67efed1b6f50872c1d6366f90\"},\"headline\":\"\u00bfPuede una compa\u00f1\u00eda oponerse a la publicaci\u00f3n de una sanci\u00f3n que se le haya impuesto?\",\"datePublished\":\"2025-01-29T09:36:50+00:00\",\"dateModified\":\"2025-01-29T10:55:04+00:00\",\"mainEntityOfPage\":{\"@id\":\"https:\/\/faus-moliner.com\/ca\/puede-una-compania-oponerse-a-la-publicacion-de-una-sancion-que-se-le-haya-impuesto\/\"},\"wordCount\":520,\"publisher\":{\"@id\":\"https:\/\/faus-moliner.com\/en\/#organization\"},\"articleSection\":[\"Capsulas\",\"Dret Farmac\u00e8utic i \u201cLife Sciences\u201d\",\"Regulatory\"],\"inLanguage\":\"ca\"},{\"@type\":\"WebPage\",\"@id\":\"https:\/\/faus-moliner.com\/ca\/puede-una-compania-oponerse-a-la-publicacion-de-una-sancion-que-se-le-haya-impuesto\/\",\"url\":\"https:\/\/faus-moliner.com\/ca\/puede-una-compania-oponerse-a-la-publicacion-de-una-sancion-que-se-le-haya-impuesto\/\",\"name\":\"\u00bfPuede una compa\u00f1\u00eda oponerse a la publicaci\u00f3n de una sanci\u00f3n que se le haya impuesto? - Faus Moliner\",\"isPartOf\":{\"@id\":\"https:\/\/faus-moliner.com\/en\/#website\"},\"datePublished\":\"2025-01-29T09:36:50+00:00\",\"dateModified\":\"2025-01-29T10:55:04+00:00\",\"breadcrumb\":{\"@id\":\"https:\/\/faus-moliner.com\/ca\/puede-una-compania-oponerse-a-la-publicacion-de-una-sancion-que-se-le-haya-impuesto\/#breadcrumb\"},\"inLanguage\":\"ca\",\"potentialAction\":[{\"@type\":\"ReadAction\",\"target\":[\"https:\/\/faus-moliner.com\/ca\/puede-una-compania-oponerse-a-la-publicacion-de-una-sancion-que-se-le-haya-impuesto\/\"]}]},{\"@type\":\"BreadcrumbList\",\"@id\":\"https:\/\/faus-moliner.com\/ca\/puede-una-compania-oponerse-a-la-publicacion-de-una-sancion-que-se-le-haya-impuesto\/#breadcrumb\",\"itemListElement\":[{\"@type\":\"ListItem\",\"position\":1,\"name\":\"Portada\",\"item\":\"https:\/\/faus-moliner.com\/ca\/\"},{\"@type\":\"ListItem\",\"position\":2,\"name\":\"\u00bfPuede una compa\u00f1\u00eda oponerse a la publicaci\u00f3n de una sanci\u00f3n que se le haya impuesto?\"}]},{\"@type\":\"WebSite\",\"@id\":\"https:\/\/faus-moliner.com\/en\/#website\",\"url\":\"https:\/\/faus-moliner.com\/en\/\",\"name\":\"faus-moliner.com\",\"description\":\"Otro sitio realizado con WordPress\",\"publisher\":{\"@id\":\"https:\/\/faus-moliner.com\/en\/#organization\"},\"potentialAction\":[{\"@type\":\"SearchAction\",\"target\":{\"@type\":\"EntryPoint\",\"urlTemplate\":\"https:\/\/faus-moliner.com\/en\/?s={search_term_string}\"},\"query-input\":{\"@type\":\"PropertyValueSpecification\",\"valueRequired\":true,\"valueName\":\"search_term_string\"}}],\"inLanguage\":\"ca\"},{\"@type\":\"Organization\",\"@id\":\"https:\/\/faus-moliner.com\/en\/#organization\",\"name\":\"Faus Moliner\",\"url\":\"https:\/\/faus-moliner.com\/en\/\",\"logo\":{\"@type\":\"ImageObject\",\"inLanguage\":\"ca\",\"@id\":\"https:\/\/faus-moliner.com\/en\/#\/schema\/logo\/image\/\",\"url\":\"https:\/\/faus-moliner.com\/wp-content\/uploads\/2023\/03\/Logo-FM-web.jpg\",\"contentUrl\":\"https:\/\/faus-moliner.com\/wp-content\/uploads\/2023\/03\/Logo-FM-web.jpg\",\"width\":400,\"height\":283,\"caption\":\"Faus Moliner\"},\"image\":{\"@id\":\"https:\/\/faus-moliner.com\/en\/#\/schema\/logo\/image\/\"},\"sameAs\":[\"https:\/\/www.linkedin.com\/company\/2372042\/admin\/\"]},{\"@type\":\"Person\",\"@id\":\"https:\/\/faus-moliner.com\/en\/#\/schema\/person\/b62ac2c67efed1b6f50872c1d6366f90\",\"name\":\"Faus Moliner\",\"image\":{\"@type\":\"ImageObject\",\"inLanguage\":\"ca\",\"@id\":\"https:\/\/faus-moliner.com\/en\/#\/schema\/person\/image\/88610ef99b0aa1c93ca33c569a053dac\",\"url\":\"https:\/\/secure.gravatar.com\/avatar\/be7b0f78e7edd64676ce7ea245b31f149a0cffff4b139c25ac02aaa676c19d67?s=96&d=mm&r=g\",\"contentUrl\":\"https:\/\/secure.gravatar.com\/avatar\/be7b0f78e7edd64676ce7ea245b31f149a0cffff4b139c25ac02aaa676c19d67?s=96&d=mm&r=g\",\"caption\":\"Faus Moliner\"},\"url\":\"https:\/\/faus-moliner.com\/ca\/author\/moon\/\"}]}<\/script>\n<!-- \/ Yoast SEO plugin. -->","yoast_head_json":{"title":"\u00bfPuede una compa\u00f1\u00eda oponerse a la publicaci\u00f3n de una sanci\u00f3n que se le haya impuesto? - Faus Moliner","robots":{"index":"index","follow":"follow","max-snippet":"max-snippet:-1","max-image-preview":"max-image-preview:large","max-video-preview":"max-video-preview:-1"},"canonical":"https:\/\/faus-moliner.com\/ca\/puede-una-compania-oponerse-a-la-publicacion-de-una-sancion-que-se-le-haya-impuesto\/","og_locale":"ca_ES","og_type":"article","og_title":"\u00bfPuede una compa\u00f1\u00eda oponerse a la publicaci\u00f3n de una sanci\u00f3n que se le haya impuesto? - Faus Moliner","og_description":"Antecedentes La Ley de Garant\u00edas y Uso Racional de Medicamentos y Productos Sanitarios establece que las sanciones por infracciones graves y muy graves deben publicarse en el Bolet\u00edn Oficial del Estado o auton\u00f3mico correspondiente. No existe obligaci\u00f3n, por contra, de publicar las sanciones leves. En los \u00faltimos a\u00f1os, algunas personas han solicitado acceso a las... M\u00e9s informaci\u00f3","og_url":"https:\/\/faus-moliner.com\/ca\/puede-una-compania-oponerse-a-la-publicacion-de-una-sancion-que-se-le-haya-impuesto\/","og_site_name":"Faus Moliner","article_published_time":"2025-01-29T09:36:50+00:00","article_modified_time":"2025-01-29T10:55:04+00:00","author":"Faus Moliner, Joan Carles Bailach","twitter_card":"summary_large_image","twitter_misc":{"Escrit per":"Faus Moliner","Temps estimat de lectura":"3 minuts","Written by":"Faus Moliner, Joan Carles Bailach"},"schema":{"@context":"https:\/\/schema.org","@graph":[{"@type":"Article","@id":"https:\/\/faus-moliner.com\/ca\/puede-una-compania-oponerse-a-la-publicacion-de-una-sancion-que-se-le-haya-impuesto\/#article","isPartOf":{"@id":"https:\/\/faus-moliner.com\/ca\/puede-una-compania-oponerse-a-la-publicacion-de-una-sancion-que-se-le-haya-impuesto\/"},"author":{"name":"Faus Moliner","@id":"https:\/\/faus-moliner.com\/en\/#\/schema\/person\/b62ac2c67efed1b6f50872c1d6366f90"},"headline":"\u00bfPuede una compa\u00f1\u00eda oponerse a la publicaci\u00f3n de una sanci\u00f3n que se le haya impuesto?","datePublished":"2025-01-29T09:36:50+00:00","dateModified":"2025-01-29T10:55:04+00:00","mainEntityOfPage":{"@id":"https:\/\/faus-moliner.com\/ca\/puede-una-compania-oponerse-a-la-publicacion-de-una-sancion-que-se-le-haya-impuesto\/"},"wordCount":520,"publisher":{"@id":"https:\/\/faus-moliner.com\/en\/#organization"},"articleSection":["Capsulas","Dret Farmac\u00e8utic i \u201cLife Sciences\u201d","Regulatory"],"inLanguage":"ca"},{"@type":"WebPage","@id":"https:\/\/faus-moliner.com\/ca\/puede-una-compania-oponerse-a-la-publicacion-de-una-sancion-que-se-le-haya-impuesto\/","url":"https:\/\/faus-moliner.com\/ca\/puede-una-compania-oponerse-a-la-publicacion-de-una-sancion-que-se-le-haya-impuesto\/","name":"\u00bfPuede una compa\u00f1\u00eda oponerse a la publicaci\u00f3n de una sanci\u00f3n que se le haya impuesto? - Faus Moliner","isPartOf":{"@id":"https:\/\/faus-moliner.com\/en\/#website"},"datePublished":"2025-01-29T09:36:50+00:00","dateModified":"2025-01-29T10:55:04+00:00","breadcrumb":{"@id":"https:\/\/faus-moliner.com\/ca\/puede-una-compania-oponerse-a-la-publicacion-de-una-sancion-que-se-le-haya-impuesto\/#breadcrumb"},"inLanguage":"ca","potentialAction":[{"@type":"ReadAction","target":["https:\/\/faus-moliner.com\/ca\/puede-una-compania-oponerse-a-la-publicacion-de-una-sancion-que-se-le-haya-impuesto\/"]}]},{"@type":"BreadcrumbList","@id":"https:\/\/faus-moliner.com\/ca\/puede-una-compania-oponerse-a-la-publicacion-de-una-sancion-que-se-le-haya-impuesto\/#breadcrumb","itemListElement":[{"@type":"ListItem","position":1,"name":"Portada","item":"https:\/\/faus-moliner.com\/ca\/"},{"@type":"ListItem","position":2,"name":"\u00bfPuede una compa\u00f1\u00eda oponerse a la publicaci\u00f3n de una sanci\u00f3n que se le haya impuesto?"}]},{"@type":"WebSite","@id":"https:\/\/faus-moliner.com\/en\/#website","url":"https:\/\/faus-moliner.com\/en\/","name":"faus-moliner.com","description":"Otro sitio realizado con WordPress","publisher":{"@id":"https:\/\/faus-moliner.com\/en\/#organization"},"potentialAction":[{"@type":"SearchAction","target":{"@type":"EntryPoint","urlTemplate":"https:\/\/faus-moliner.com\/en\/?s={search_term_string}"},"query-input":{"@type":"PropertyValueSpecification","valueRequired":true,"valueName":"search_term_string"}}],"inLanguage":"ca"},{"@type":"Organization","@id":"https:\/\/faus-moliner.com\/en\/#organization","name":"Faus Moliner","url":"https:\/\/faus-moliner.com\/en\/","logo":{"@type":"ImageObject","inLanguage":"ca","@id":"https:\/\/faus-moliner.com\/en\/#\/schema\/logo\/image\/","url":"https:\/\/faus-moliner.com\/wp-content\/uploads\/2023\/03\/Logo-FM-web.jpg","contentUrl":"https:\/\/faus-moliner.com\/wp-content\/uploads\/2023\/03\/Logo-FM-web.jpg","width":400,"height":283,"caption":"Faus Moliner"},"image":{"@id":"https:\/\/faus-moliner.com\/en\/#\/schema\/logo\/image\/"},"sameAs":["https:\/\/www.linkedin.com\/company\/2372042\/admin\/"]},{"@type":"Person","@id":"https:\/\/faus-moliner.com\/en\/#\/schema\/person\/b62ac2c67efed1b6f50872c1d6366f90","name":"Faus Moliner","image":{"@type":"ImageObject","inLanguage":"ca","@id":"https:\/\/faus-moliner.com\/en\/#\/schema\/person\/image\/88610ef99b0aa1c93ca33c569a053dac","url":"https:\/\/secure.gravatar.com\/avatar\/be7b0f78e7edd64676ce7ea245b31f149a0cffff4b139c25ac02aaa676c19d67?s=96&d=mm&r=g","contentUrl":"https:\/\/secure.gravatar.com\/avatar\/be7b0f78e7edd64676ce7ea245b31f149a0cffff4b139c25ac02aaa676c19d67?s=96&d=mm&r=g","caption":"Faus Moliner"},"url":"https:\/\/faus-moliner.com\/ca\/author\/moon\/"}]}},"_links":{"self":[{"href":"https:\/\/faus-moliner.com\/ca\/wp-json\/wp\/v2\/posts\/37447","targetHints":{"allow":["GET"]}}],"collection":[{"href":"https:\/\/faus-moliner.com\/ca\/wp-json\/wp\/v2\/posts"}],"about":[{"href":"https:\/\/faus-moliner.com\/ca\/wp-json\/wp\/v2\/types\/post"}],"author":[{"embeddable":true,"href":"https:\/\/faus-moliner.com\/ca\/wp-json\/wp\/v2\/users\/1"}],"replies":[{"embeddable":true,"href":"https:\/\/faus-moliner.com\/ca\/wp-json\/wp\/v2\/comments?post=37447"}],"version-history":[{"count":2,"href":"https:\/\/faus-moliner.com\/ca\/wp-json\/wp\/v2\/posts\/37447\/revisions"}],"predecessor-version":[{"id":37449,"href":"https:\/\/faus-moliner.com\/ca\/wp-json\/wp\/v2\/posts\/37447\/revisions\/37449"}],"wp:attachment":[{"href":"https:\/\/faus-moliner.com\/ca\/wp-json\/wp\/v2\/media?parent=37447"}],"wp:term":[{"taxonomy":"category","embeddable":true,"href":"https:\/\/faus-moliner.com\/ca\/wp-json\/wp\/v2\/categories?post=37447"},{"taxonomy":"post_tag","embeddable":true,"href":"https:\/\/faus-moliner.com\/ca\/wp-json\/wp\/v2\/tags?post=37447"},{"taxonomy":"author","embeddable":true,"href":"https:\/\/faus-moliner.com\/ca\/wp-json\/wp\/v2\/coauthors?post=37447"}],"curies":[{"name":"wp","href":"https:\/\/api.w.org\/{rel}","templated":true}]}}