{"id":25633,"date":"2021-03-01T11:41:15","date_gmt":"2021-03-01T10:41:15","guid":{"rendered":"https:\/\/faus-moliner.com\/los-retos-de-la-salud-digital\/"},"modified":"2021-03-01T11:46:17","modified_gmt":"2021-03-01T10:46:17","slug":"los-retos-de-la-salud-digital","status":"publish","type":"post","link":"https:\/\/faus-moliner.com\/en\/los-retos-de-la-salud-digital\/","title":{"rendered":"Los retos de la Salud Digital"},"content":{"rendered":"\n<p>Hace pocos d\u00edas hemos conocido que un grupo de expertos, constituido en el seno de la Fundaci\u00f3n Instituto para la Mejora de la Asistencia Sanitaria (Fundaci\u00f3n IMAS), han elaborado un dec\u00e1logo de medidas para acometer de forma \u00f3ptima la transformaci\u00f3n digital del sistema sanitario espa\u00f1ol. En mi opini\u00f3n, es una iniciativa que considero relevante, por diversos motivos.<\/p>\n\n\n\n<p>En primer lugar, por la visi\u00f3n multidisciplinar de los autores de la propuesta, todos ellos con implicaci\u00f3n directa en el \u00e1mbito de la salud: han participado los profesionales sanitarios, representados por diversas sociedades cient\u00edficas, entre otras la Sociedad Espa\u00f1ola de Medicina de Familia y Comunitaria (semFYC), la m\u00e1s grande de Espa\u00f1a y que agrupa a su vez a 17 sociedades federadas y cuenta con 20.000 socios; pero tambi\u00e9n los pacientes, a trav\u00e9s de Plataforma de Organizaciones de Pacientes, entidad que agrupa a nada menos que 1.400 asociaciones de pacientes y 29 organizaciones estatales; e incluso Fenin, y expertos independientes del \u00e1mbito sanitario y empresarial.<\/p>\n\n\n\n<p>En segundo lugar, por la actualidad de la cuesti\u00f3n: la digitalizaci\u00f3n en salud. Conviene recordar que una parte sustancial de los fondos del Plan Europeo de Recuperaci\u00f3n que est\u00e1 recibiendo Espa\u00f1a est\u00e1n destinados a la digitalizaci\u00f3n, y es esencial que se empleen de forma adecuada, tambi\u00e9n si se emplean para digitalizar el sistema sanitario espa\u00f1ol. No debe gastarse m\u00e1s sino mejor. Pero para esto seguramente habr\u00e1 que resolver antes algunos problemas organizativos y de gesti\u00f3n del SNS. La digitalizaci\u00f3n ha de ser el medio, no el fin, para mejorar la calidad, sostenibilidad y solvencia del sistema. De lo contrario, creo que tendremos los mismos problemas, pero \u201cdigitalizados\u201d.<\/p>\n\n\n\n<p>En tercer lugar, porque no debe perderse de vista que, tal y como apuntan los autores de la iniciativa, la digitalizaci\u00f3n del sistema sanitario debe estar al servicio de un \u201ccu\u00e1druple objetivo\u201d: (1) mejorar los niveles de salud y calidad de vida, (2) la experiencia del paciente, (3) la experiencia del profesional, y (4) aumentar la eficiencia del sistema en la utilizaci\u00f3n de los recursos. En definitiva, como se indica en la propuesta, \u201cse debe implantar la cultura de medir resultados en salud orientados hacia la poblaci\u00f3n\u201d. Y para el cumplimiento de estos fines es clave la recogida de datos basados en la evidencia, a trav\u00e9s de los estudios observacionales, los llamados estudios de Real World Data (RWD) y los programas de apoyo a pacientes, y tambi\u00e9n los estudios de investigaci\u00f3n de mercado, como m\u00e9todo para conocer y mejorar la experiencia de los profesionales sanitarios. Sin duda la digitalizaci\u00f3n y las nuevas tecnolog\u00edas pueden ayudar mucho en todos estos \u00e1mbitos, sin descuidar aspectos clave como la protecci\u00f3n de datos personales o la ciberseguridad.<\/p>\n\n\n\n<p>Ya es hora de que llegado el a\u00f1o 21 del siglo 21 se involucre de verdad a pacientes, profesionales sanitarios y dem\u00e1s agentes del sector para afrontar con calidad, seguridad y eficacia todos estos retos que nos plantea la transformaci\u00f3n digital del sistema sanitario espa\u00f1ol.<\/p>\n","protected":false},"excerpt":{"rendered":"<p>Hace pocos d\u00edas hemos conocido que un grupo de expertos, constituido en el seno de la Fundaci\u00f3n Instituto para la Mejora de la Asistencia Sanitaria (Fundaci\u00f3n IMAS), han elaborado un dec\u00e1logo de medidas para acometer de forma \u00f3ptima la transformaci\u00f3n digital del sistema sanitario espa\u00f1ol. En mi opini\u00f3n, es una iniciativa que considero relevante, por&#8230; <\/p>\n<div class=\"clear\"><\/div>\n<p><a href=\"https:\/\/faus-moliner.com\/en\/los-retos-de-la-salud-digital\/\" class=\"excerpt-read-more\">Read More<\/a><\/p>\n","protected":false},"author":4,"featured_media":0,"comment_status":"closed","ping_status":"closed","sticky":false,"template":"","format":"standard","meta":{"_acf_changed":false,"inline_featured_image":false,"footnotes":""},"categories":[499,71],"tags":[],"coauthors":[],"class_list":["post-25633","post","type-post","status-publish","format-standard","hentry","category-el-global","category-publications"],"acf":[],"yoast_head":"<!-- This site is optimized with the Yoast SEO plugin v26.6 - https:\/\/yoast.com\/wordpress\/plugins\/seo\/ -->\n<title>Los retos de la Salud Digital - Faus Moliner<\/title>\n<meta name=\"robots\" content=\"index, follow, max-snippet:-1, max-image-preview:large, max-video-preview:-1\" \/>\n<link rel=\"canonical\" href=\"https:\/\/faus-moliner.com\/en\/los-retos-de-la-salud-digital\/\" \/>\n<meta property=\"og:locale\" content=\"en_US\" \/>\n<meta property=\"og:type\" content=\"article\" \/>\n<meta property=\"og:title\" content=\"Los retos de la Salud Digital - Faus Moliner\" \/>\n<meta property=\"og:description\" content=\"Hace pocos d\u00edas hemos conocido que un grupo de expertos, constituido en el seno de la Fundaci\u00f3n Instituto para la Mejora de la Asistencia Sanitaria (Fundaci\u00f3n IMAS), han elaborado un dec\u00e1logo de medidas para acometer de forma \u00f3ptima la transformaci\u00f3n digital del sistema sanitario espa\u00f1ol. En mi opini\u00f3n, es una iniciativa que considero relevante, por... Read More\" \/>\n<meta property=\"og:url\" content=\"https:\/\/faus-moliner.com\/en\/los-retos-de-la-salud-digital\/\" \/>\n<meta property=\"og:site_name\" content=\"Faus Moliner\" \/>\n<meta property=\"article:published_time\" content=\"2021-03-01T10:41:15+00:00\" \/>\n<meta property=\"article:modified_time\" content=\"2021-03-01T10:46:17+00:00\" \/>\n<meta name=\"author\" content=\"Eduard Rodellar\" \/>\n<meta name=\"twitter:card\" content=\"summary_large_image\" \/>\n<meta name=\"twitter:label1\" content=\"Written by\" \/>\n\t<meta name=\"twitter:data1\" content=\"Eduard Rodellar\" \/>\n\t<meta name=\"twitter:label2\" content=\"Est. reading time\" \/>\n\t<meta name=\"twitter:data2\" content=\"3 minutes\" \/>\n<script type=\"application\/ld+json\" class=\"yoast-schema-graph\">{\"@context\":\"https:\/\/schema.org\",\"@graph\":[{\"@type\":\"Article\",\"@id\":\"https:\/\/faus-moliner.com\/en\/los-retos-de-la-salud-digital\/#article\",\"isPartOf\":{\"@id\":\"https:\/\/faus-moliner.com\/en\/los-retos-de-la-salud-digital\/\"},\"author\":{\"name\":\"Eduard Rodellar\",\"@id\":\"https:\/\/faus-moliner.com\/en\/#\/schema\/person\/36362ccca77f6c57f2fccef017f3a68d\"},\"headline\":\"Los retos de la Salud Digital\",\"datePublished\":\"2021-03-01T10:41:15+00:00\",\"dateModified\":\"2021-03-01T10:46:17+00:00\",\"mainEntityOfPage\":{\"@id\":\"https:\/\/faus-moliner.com\/en\/los-retos-de-la-salud-digital\/\"},\"wordCount\":523,\"publisher\":{\"@id\":\"https:\/\/faus-moliner.com\/en\/#organization\"},\"articleSection\":[\"El Global\",\"Publications\"],\"inLanguage\":\"en-US\"},{\"@type\":\"WebPage\",\"@id\":\"https:\/\/faus-moliner.com\/en\/los-retos-de-la-salud-digital\/\",\"url\":\"https:\/\/faus-moliner.com\/en\/los-retos-de-la-salud-digital\/\",\"name\":\"Los retos de la Salud Digital - Faus Moliner\",\"isPartOf\":{\"@id\":\"https:\/\/faus-moliner.com\/en\/#website\"},\"datePublished\":\"2021-03-01T10:41:15+00:00\",\"dateModified\":\"2021-03-01T10:46:17+00:00\",\"breadcrumb\":{\"@id\":\"https:\/\/faus-moliner.com\/en\/los-retos-de-la-salud-digital\/#breadcrumb\"},\"inLanguage\":\"en-US\",\"potentialAction\":[{\"@type\":\"ReadAction\",\"target\":[\"https:\/\/faus-moliner.com\/en\/los-retos-de-la-salud-digital\/\"]}]},{\"@type\":\"BreadcrumbList\",\"@id\":\"https:\/\/faus-moliner.com\/en\/los-retos-de-la-salud-digital\/#breadcrumb\",\"itemListElement\":[{\"@type\":\"ListItem\",\"position\":1,\"name\":\"Portada\",\"item\":\"https:\/\/faus-moliner.com\/en\/\"},{\"@type\":\"ListItem\",\"position\":2,\"name\":\"Los retos de la Salud Digital\"}]},{\"@type\":\"WebSite\",\"@id\":\"https:\/\/faus-moliner.com\/en\/#website\",\"url\":\"https:\/\/faus-moliner.com\/en\/\",\"name\":\"faus-moliner.com\",\"description\":\"Otro sitio realizado con WordPress\",\"publisher\":{\"@id\":\"https:\/\/faus-moliner.com\/en\/#organization\"},\"potentialAction\":[{\"@type\":\"SearchAction\",\"target\":{\"@type\":\"EntryPoint\",\"urlTemplate\":\"https:\/\/faus-moliner.com\/en\/?s={search_term_string}\"},\"query-input\":{\"@type\":\"PropertyValueSpecification\",\"valueRequired\":true,\"valueName\":\"search_term_string\"}}],\"inLanguage\":\"en-US\"},{\"@type\":\"Organization\",\"@id\":\"https:\/\/faus-moliner.com\/en\/#organization\",\"name\":\"Faus Moliner\",\"url\":\"https:\/\/faus-moliner.com\/en\/\",\"logo\":{\"@type\":\"ImageObject\",\"inLanguage\":\"en-US\",\"@id\":\"https:\/\/faus-moliner.com\/en\/#\/schema\/logo\/image\/\",\"url\":\"https:\/\/faus-moliner.com\/wp-content\/uploads\/2023\/03\/Logo-FM-web.jpg\",\"contentUrl\":\"https:\/\/faus-moliner.com\/wp-content\/uploads\/2023\/03\/Logo-FM-web.jpg\",\"width\":400,\"height\":283,\"caption\":\"Faus Moliner\"},\"image\":{\"@id\":\"https:\/\/faus-moliner.com\/en\/#\/schema\/logo\/image\/\"},\"sameAs\":[\"https:\/\/www.linkedin.com\/company\/2372042\/admin\/\"]},{\"@type\":\"Person\",\"@id\":\"https:\/\/faus-moliner.com\/en\/#\/schema\/person\/36362ccca77f6c57f2fccef017f3a68d\",\"name\":\"Eduard Rodellar\",\"image\":{\"@type\":\"ImageObject\",\"inLanguage\":\"en-US\",\"@id\":\"https:\/\/faus-moliner.com\/en\/#\/schema\/person\/image\/a2146d4cf6ce4c7ff27f8c440456d75f\",\"url\":\"https:\/\/secure.gravatar.com\/avatar\/47ee41ba3e7c7d22e8410c69af8151c1c9433c77bece744578f8be786b687174?s=96&d=mm&r=g\",\"contentUrl\":\"https:\/\/secure.gravatar.com\/avatar\/47ee41ba3e7c7d22e8410c69af8151c1c9433c77bece744578f8be786b687174?s=96&d=mm&r=g\",\"caption\":\"Eduard Rodellar\"},\"sameAs\":[\"https:\/\/faus-moliner.com\/\"],\"url\":\"https:\/\/faus-moliner.com\/en\/author\/eduard-rodellar\/\"}]}<\/script>\n<!-- \/ Yoast SEO plugin. -->","yoast_head_json":{"title":"Los retos de la Salud Digital - Faus Moliner","robots":{"index":"index","follow":"follow","max-snippet":"max-snippet:-1","max-image-preview":"max-image-preview:large","max-video-preview":"max-video-preview:-1"},"canonical":"https:\/\/faus-moliner.com\/en\/los-retos-de-la-salud-digital\/","og_locale":"en_US","og_type":"article","og_title":"Los retos de la Salud Digital - Faus Moliner","og_description":"Hace pocos d\u00edas hemos conocido que un grupo de expertos, constituido en el seno de la Fundaci\u00f3n Instituto para la Mejora de la Asistencia Sanitaria (Fundaci\u00f3n IMAS), han elaborado un dec\u00e1logo de medidas para acometer de forma \u00f3ptima la transformaci\u00f3n digital del sistema sanitario espa\u00f1ol. En mi opini\u00f3n, es una iniciativa que considero relevante, por... Read More","og_url":"https:\/\/faus-moliner.com\/en\/los-retos-de-la-salud-digital\/","og_site_name":"Faus Moliner","article_published_time":"2021-03-01T10:41:15+00:00","article_modified_time":"2021-03-01T10:46:17+00:00","author":"Eduard Rodellar","twitter_card":"summary_large_image","twitter_misc":{"Written by":"Eduard Rodellar","Est. reading time":"3 minutes"},"schema":{"@context":"https:\/\/schema.org","@graph":[{"@type":"Article","@id":"https:\/\/faus-moliner.com\/en\/los-retos-de-la-salud-digital\/#article","isPartOf":{"@id":"https:\/\/faus-moliner.com\/en\/los-retos-de-la-salud-digital\/"},"author":{"name":"Eduard Rodellar","@id":"https:\/\/faus-moliner.com\/en\/#\/schema\/person\/36362ccca77f6c57f2fccef017f3a68d"},"headline":"Los retos de la Salud Digital","datePublished":"2021-03-01T10:41:15+00:00","dateModified":"2021-03-01T10:46:17+00:00","mainEntityOfPage":{"@id":"https:\/\/faus-moliner.com\/en\/los-retos-de-la-salud-digital\/"},"wordCount":523,"publisher":{"@id":"https:\/\/faus-moliner.com\/en\/#organization"},"articleSection":["El Global","Publications"],"inLanguage":"en-US"},{"@type":"WebPage","@id":"https:\/\/faus-moliner.com\/en\/los-retos-de-la-salud-digital\/","url":"https:\/\/faus-moliner.com\/en\/los-retos-de-la-salud-digital\/","name":"Los retos de la Salud Digital - Faus Moliner","isPartOf":{"@id":"https:\/\/faus-moliner.com\/en\/#website"},"datePublished":"2021-03-01T10:41:15+00:00","dateModified":"2021-03-01T10:46:17+00:00","breadcrumb":{"@id":"https:\/\/faus-moliner.com\/en\/los-retos-de-la-salud-digital\/#breadcrumb"},"inLanguage":"en-US","potentialAction":[{"@type":"ReadAction","target":["https:\/\/faus-moliner.com\/en\/los-retos-de-la-salud-digital\/"]}]},{"@type":"BreadcrumbList","@id":"https:\/\/faus-moliner.com\/en\/los-retos-de-la-salud-digital\/#breadcrumb","itemListElement":[{"@type":"ListItem","position":1,"name":"Portada","item":"https:\/\/faus-moliner.com\/en\/"},{"@type":"ListItem","position":2,"name":"Los retos de la Salud Digital"}]},{"@type":"WebSite","@id":"https:\/\/faus-moliner.com\/en\/#website","url":"https:\/\/faus-moliner.com\/en\/","name":"faus-moliner.com","description":"Otro sitio realizado con WordPress","publisher":{"@id":"https:\/\/faus-moliner.com\/en\/#organization"},"potentialAction":[{"@type":"SearchAction","target":{"@type":"EntryPoint","urlTemplate":"https:\/\/faus-moliner.com\/en\/?s={search_term_string}"},"query-input":{"@type":"PropertyValueSpecification","valueRequired":true,"valueName":"search_term_string"}}],"inLanguage":"en-US"},{"@type":"Organization","@id":"https:\/\/faus-moliner.com\/en\/#organization","name":"Faus Moliner","url":"https:\/\/faus-moliner.com\/en\/","logo":{"@type":"ImageObject","inLanguage":"en-US","@id":"https:\/\/faus-moliner.com\/en\/#\/schema\/logo\/image\/","url":"https:\/\/faus-moliner.com\/wp-content\/uploads\/2023\/03\/Logo-FM-web.jpg","contentUrl":"https:\/\/faus-moliner.com\/wp-content\/uploads\/2023\/03\/Logo-FM-web.jpg","width":400,"height":283,"caption":"Faus Moliner"},"image":{"@id":"https:\/\/faus-moliner.com\/en\/#\/schema\/logo\/image\/"},"sameAs":["https:\/\/www.linkedin.com\/company\/2372042\/admin\/"]},{"@type":"Person","@id":"https:\/\/faus-moliner.com\/en\/#\/schema\/person\/36362ccca77f6c57f2fccef017f3a68d","name":"Eduard Rodellar","image":{"@type":"ImageObject","inLanguage":"en-US","@id":"https:\/\/faus-moliner.com\/en\/#\/schema\/person\/image\/a2146d4cf6ce4c7ff27f8c440456d75f","url":"https:\/\/secure.gravatar.com\/avatar\/47ee41ba3e7c7d22e8410c69af8151c1c9433c77bece744578f8be786b687174?s=96&d=mm&r=g","contentUrl":"https:\/\/secure.gravatar.com\/avatar\/47ee41ba3e7c7d22e8410c69af8151c1c9433c77bece744578f8be786b687174?s=96&d=mm&r=g","caption":"Eduard Rodellar"},"sameAs":["https:\/\/faus-moliner.com\/"],"url":"https:\/\/faus-moliner.com\/en\/author\/eduard-rodellar\/"}]}},"_links":{"self":[{"href":"https:\/\/faus-moliner.com\/en\/wp-json\/wp\/v2\/posts\/25633","targetHints":{"allow":["GET"]}}],"collection":[{"href":"https:\/\/faus-moliner.com\/en\/wp-json\/wp\/v2\/posts"}],"about":[{"href":"https:\/\/faus-moliner.com\/en\/wp-json\/wp\/v2\/types\/post"}],"author":[{"embeddable":true,"href":"https:\/\/faus-moliner.com\/en\/wp-json\/wp\/v2\/users\/4"}],"replies":[{"embeddable":true,"href":"https:\/\/faus-moliner.com\/en\/wp-json\/wp\/v2\/comments?post=25633"}],"version-history":[{"count":1,"href":"https:\/\/faus-moliner.com\/en\/wp-json\/wp\/v2\/posts\/25633\/revisions"}],"predecessor-version":[{"id":25635,"href":"https:\/\/faus-moliner.com\/en\/wp-json\/wp\/v2\/posts\/25633\/revisions\/25635"}],"wp:attachment":[{"href":"https:\/\/faus-moliner.com\/en\/wp-json\/wp\/v2\/media?parent=25633"}],"wp:term":[{"taxonomy":"category","embeddable":true,"href":"https:\/\/faus-moliner.com\/en\/wp-json\/wp\/v2\/categories?post=25633"},{"taxonomy":"post_tag","embeddable":true,"href":"https:\/\/faus-moliner.com\/en\/wp-json\/wp\/v2\/tags?post=25633"},{"taxonomy":"author","embeddable":true,"href":"https:\/\/faus-moliner.com\/en\/wp-json\/wp\/v2\/coauthors?post=25633"}],"curies":[{"name":"wp","href":"https:\/\/api.w.org\/{rel}","templated":true}]}}