{"id":31649,"date":"2023-02-06T09:40:40","date_gmt":"2023-02-06T08:40:40","guid":{"rendered":"https:\/\/faus-moliner.com\/mas-acceso-y-mas-sostenible\/"},"modified":"2023-02-06T09:44:02","modified_gmt":"2023-02-06T08:44:02","slug":"mas-acceso-y-mas-sostenible","status":"publish","type":"post","link":"https:\/\/faus-moliner.com\/en\/mas-acceso-y-mas-sostenible\/","title":{"rendered":"M\u00e1s acceso y m\u00e1s sostenible"},"content":{"rendered":"\n<p>Sostenibilidad del Sistema Nacional de Salud (SNS) y acceso a medicamentos innovadores son dos caras de la misma moneda que, sin duda, ser\u00e1n el gran reto de las administraciones y la industria en los pr\u00f3ximos a\u00f1os. Esta es una de las ideas que plante\u00e9 en el marco de la jornada que organiz\u00f3 la Fundaci\u00f3n CEFI, el pasado 31 de enero, en la que se presentaron propuestas para innovar en el acceso a los medicamentos en el SNS.<\/p>\n\n\n\n<p>Tras la intervenci\u00f3n inicial, en la que defend\u00ed que la garant\u00eda de confidencialidad de las condiciones de financiaci\u00f3n de los medicamentos contribuye a lograr que los medicamentos de la prestaci\u00f3n farmac\u00e9utica est\u00e9n disponibles -accesibles- en mejores condiciones, se plante\u00f3 una cuesti\u00f3n sobre la que merece la pena detenerse y reflexionar.<\/p>\n\n\n\n<p>El magistrado del Tribunal Constitucional Juan Carlos Campo, a la saz\u00f3n moderador de la mesa donde se estaba debatiendo esta cuesti\u00f3n, plante\u00f3 de qu\u00e9 forma es compatible la transparencia en materia de evaluaci\u00f3n y fijaci\u00f3n de precios de los medicamentos con la confidencialidad exigida por parte de las compa\u00f1\u00edas farmac\u00e9uticas. Sin duda una pregunta muy interesante y que permite aportar algunas reflexiones al respecto.<\/p>\n\n\n\n<p>En mi opini\u00f3n, se puede compatibilizar perfectamente la transparencia en materia de evaluaci\u00f3n y fijaci\u00f3n de precios con la garant\u00eda de confidencialidad de las condiciones de financiaci\u00f3n de los medicamentos. Es decir, que la confidencialidad no est\u00e1 re\u00f1ida con la transparencia del uso de los recursos p\u00fablicos y en los procesos de decisi\u00f3n. Esto no es una mera afirmaci\u00f3n sin fundamento, sino que el Ministerio de Sanidad est\u00e1 adoptando acciones concretas destinadas a transparentar y visibilizar el porqu\u00e9 de las decisiones adoptadas en materia de financiaci\u00f3n de medicamentos (ej. los nuevos IPT incluyen un apartado de evaluaci\u00f3n econ\u00f3mica del coste-efectividad de los medicamentos, los Acuerdos de las actas de la CIPM se publican en la web del Ministerio de Sanidad o las novedades introducidas en la base de datos BIFIMED sobre el estado de financiaci\u00f3n de los medicamentos, entre otras).<\/p>\n\n\n\n<p>En este debate concurren diversidad de intereses, tanto p\u00fablicos como privados, que deben ser valorados al analizar si se debe mantener confidencial la informaci\u00f3n relativa al precio y las condiciones de financiaci\u00f3n. Los intereses p\u00fablicos est\u00e1n representados por una utilizaci\u00f3n racional de los recursos p\u00fablicos y por el mantenimiento de la sostenibilidad financiera del SNS que, al final, redunda en un acceso a los f\u00e1rmacos en mejores condiciones.<\/p>\n\n\n\n<p>Por este motivo, cuando efectuamos la ponderaci\u00f3n de los intereses en juego, parece claro que debe prevalecer el derecho de los pacientes a ser tratados con los mejores f\u00e1rmacos y para ello es necesario un SNS robusto y sostenible. En consecuencia, es necesario seguir apostando por la confidencialidad del precio y las condiciones de financiaci\u00f3n de los medicamentos como una herramienta \u00fatil para acceder a medicamentos en mejores condiciones.<\/p>\n","protected":false},"excerpt":{"rendered":"<p>Sostenibilidad del Sistema Nacional de Salud (SNS) y acceso a medicamentos innovadores son dos caras de la misma moneda que, sin duda, ser\u00e1n el gran reto de las administraciones y la industria en los pr\u00f3ximos a\u00f1os. Esta es una de las ideas que plante\u00e9 en el marco de la jornada que organiz\u00f3 la Fundaci\u00f3n CEFI,&#8230; <\/p>\n<div class=\"clear\"><\/div>\n<p><a href=\"https:\/\/faus-moliner.com\/en\/mas-acceso-y-mas-sostenible\/\" class=\"excerpt-read-more\">Read More<\/a><\/p>\n","protected":false},"author":22,"featured_media":0,"comment_status":"closed","ping_status":"closed","sticky":false,"template":"","format":"standard","meta":{"_acf_changed":false,"inline_featured_image":false,"footnotes":""},"categories":[499,71],"tags":[],"coauthors":[],"class_list":["post-31649","post","type-post","status-publish","format-standard","hentry","category-el-global","category-publications"],"acf":[],"yoast_head":"<!-- This site is optimized with the Yoast SEO plugin v26.6 - https:\/\/yoast.com\/wordpress\/plugins\/seo\/ -->\n<title>M\u00e1s acceso y m\u00e1s sostenible - Faus Moliner<\/title>\n<meta name=\"robots\" content=\"index, follow, max-snippet:-1, max-image-preview:large, max-video-preview:-1\" \/>\n<link rel=\"canonical\" href=\"https:\/\/faus-moliner.com\/en\/mas-acceso-y-mas-sostenible\/\" \/>\n<meta property=\"og:locale\" content=\"en_US\" \/>\n<meta property=\"og:type\" content=\"article\" \/>\n<meta property=\"og:title\" content=\"M\u00e1s acceso y m\u00e1s sostenible - Faus Moliner\" \/>\n<meta property=\"og:description\" content=\"Sostenibilidad del Sistema Nacional de Salud (SNS) y acceso a medicamentos innovadores son dos caras de la misma moneda que, sin duda, ser\u00e1n el gran reto de las administraciones y la industria en los pr\u00f3ximos a\u00f1os. Esta es una de las ideas que plante\u00e9 en el marco de la jornada que organiz\u00f3 la Fundaci\u00f3n CEFI,... Read More\" \/>\n<meta property=\"og:url\" content=\"https:\/\/faus-moliner.com\/en\/mas-acceso-y-mas-sostenible\/\" \/>\n<meta property=\"og:site_name\" content=\"Faus Moliner\" \/>\n<meta property=\"article:published_time\" content=\"2023-02-06T08:40:40+00:00\" \/>\n<meta property=\"article:modified_time\" content=\"2023-02-06T08:44:02+00:00\" \/>\n<meta name=\"author\" content=\"Joan Carles Bailach\" \/>\n<meta name=\"twitter:card\" content=\"summary_large_image\" \/>\n<meta name=\"twitter:label1\" content=\"Written by\" \/>\n\t<meta name=\"twitter:data1\" content=\"Joan Carles Bailach\" \/>\n\t<meta name=\"twitter:label2\" content=\"Est. reading time\" \/>\n\t<meta name=\"twitter:data2\" content=\"3 minutes\" \/>\n<script type=\"application\/ld+json\" class=\"yoast-schema-graph\">{\"@context\":\"https:\/\/schema.org\",\"@graph\":[{\"@type\":\"Article\",\"@id\":\"https:\/\/faus-moliner.com\/en\/mas-acceso-y-mas-sostenible\/#article\",\"isPartOf\":{\"@id\":\"https:\/\/faus-moliner.com\/en\/mas-acceso-y-mas-sostenible\/\"},\"author\":{\"name\":\"Joan Carles Bailach\",\"@id\":\"https:\/\/faus-moliner.com\/en\/#\/schema\/person\/ec7452202e1ab7eaab03eb8cc55cb1dd\"},\"headline\":\"M\u00e1s acceso y m\u00e1s sostenible\",\"datePublished\":\"2023-02-06T08:40:40+00:00\",\"dateModified\":\"2023-02-06T08:44:02+00:00\",\"mainEntityOfPage\":{\"@id\":\"https:\/\/faus-moliner.com\/en\/mas-acceso-y-mas-sostenible\/\"},\"wordCount\":515,\"publisher\":{\"@id\":\"https:\/\/faus-moliner.com\/en\/#organization\"},\"articleSection\":[\"El Global\",\"Publications\"],\"inLanguage\":\"en-US\"},{\"@type\":\"WebPage\",\"@id\":\"https:\/\/faus-moliner.com\/en\/mas-acceso-y-mas-sostenible\/\",\"url\":\"https:\/\/faus-moliner.com\/en\/mas-acceso-y-mas-sostenible\/\",\"name\":\"M\u00e1s acceso y m\u00e1s sostenible - Faus Moliner\",\"isPartOf\":{\"@id\":\"https:\/\/faus-moliner.com\/en\/#website\"},\"datePublished\":\"2023-02-06T08:40:40+00:00\",\"dateModified\":\"2023-02-06T08:44:02+00:00\",\"breadcrumb\":{\"@id\":\"https:\/\/faus-moliner.com\/en\/mas-acceso-y-mas-sostenible\/#breadcrumb\"},\"inLanguage\":\"en-US\",\"potentialAction\":[{\"@type\":\"ReadAction\",\"target\":[\"https:\/\/faus-moliner.com\/en\/mas-acceso-y-mas-sostenible\/\"]}]},{\"@type\":\"BreadcrumbList\",\"@id\":\"https:\/\/faus-moliner.com\/en\/mas-acceso-y-mas-sostenible\/#breadcrumb\",\"itemListElement\":[{\"@type\":\"ListItem\",\"position\":1,\"name\":\"Portada\",\"item\":\"https:\/\/faus-moliner.com\/en\/\"},{\"@type\":\"ListItem\",\"position\":2,\"name\":\"M\u00e1s acceso y m\u00e1s sostenible\"}]},{\"@type\":\"WebSite\",\"@id\":\"https:\/\/faus-moliner.com\/en\/#website\",\"url\":\"https:\/\/faus-moliner.com\/en\/\",\"name\":\"faus-moliner.com\",\"description\":\"Otro sitio realizado con WordPress\",\"publisher\":{\"@id\":\"https:\/\/faus-moliner.com\/en\/#organization\"},\"potentialAction\":[{\"@type\":\"SearchAction\",\"target\":{\"@type\":\"EntryPoint\",\"urlTemplate\":\"https:\/\/faus-moliner.com\/en\/?s={search_term_string}\"},\"query-input\":{\"@type\":\"PropertyValueSpecification\",\"valueRequired\":true,\"valueName\":\"search_term_string\"}}],\"inLanguage\":\"en-US\"},{\"@type\":\"Organization\",\"@id\":\"https:\/\/faus-moliner.com\/en\/#organization\",\"name\":\"Faus Moliner\",\"url\":\"https:\/\/faus-moliner.com\/en\/\",\"logo\":{\"@type\":\"ImageObject\",\"inLanguage\":\"en-US\",\"@id\":\"https:\/\/faus-moliner.com\/en\/#\/schema\/logo\/image\/\",\"url\":\"https:\/\/faus-moliner.com\/wp-content\/uploads\/2023\/03\/Logo-FM-web.jpg\",\"contentUrl\":\"https:\/\/faus-moliner.com\/wp-content\/uploads\/2023\/03\/Logo-FM-web.jpg\",\"width\":400,\"height\":283,\"caption\":\"Faus Moliner\"},\"image\":{\"@id\":\"https:\/\/faus-moliner.com\/en\/#\/schema\/logo\/image\/\"},\"sameAs\":[\"https:\/\/www.linkedin.com\/company\/2372042\/admin\/\"]},{\"@type\":\"Person\",\"@id\":\"https:\/\/faus-moliner.com\/en\/#\/schema\/person\/ec7452202e1ab7eaab03eb8cc55cb1dd\",\"name\":\"Joan Carles Bailach\",\"image\":{\"@type\":\"ImageObject\",\"inLanguage\":\"en-US\",\"@id\":\"https:\/\/faus-moliner.com\/en\/#\/schema\/person\/image\/7dc230fcb0c817fef0eeb18ce4cde65f\",\"url\":\"https:\/\/secure.gravatar.com\/avatar\/07c4c61dced736d20b00655d3d1357e7fe6fa3d340172b5cce560f2f33546526?s=96&d=mm&r=g\",\"contentUrl\":\"https:\/\/secure.gravatar.com\/avatar\/07c4c61dced736d20b00655d3d1357e7fe6fa3d340172b5cce560f2f33546526?s=96&d=mm&r=g\",\"caption\":\"Joan Carles Bailach\"},\"sameAs\":[\"https:\/\/faus-moliner.com\"],\"url\":\"https:\/\/faus-moliner.com\/en\/author\/joan-carles\/\"}]}<\/script>\n<!-- \/ Yoast SEO plugin. -->","yoast_head_json":{"title":"M\u00e1s acceso y m\u00e1s sostenible - Faus Moliner","robots":{"index":"index","follow":"follow","max-snippet":"max-snippet:-1","max-image-preview":"max-image-preview:large","max-video-preview":"max-video-preview:-1"},"canonical":"https:\/\/faus-moliner.com\/en\/mas-acceso-y-mas-sostenible\/","og_locale":"en_US","og_type":"article","og_title":"M\u00e1s acceso y m\u00e1s sostenible - Faus Moliner","og_description":"Sostenibilidad del Sistema Nacional de Salud (SNS) y acceso a medicamentos innovadores son dos caras de la misma moneda que, sin duda, ser\u00e1n el gran reto de las administraciones y la industria en los pr\u00f3ximos a\u00f1os. Esta es una de las ideas que plante\u00e9 en el marco de la jornada que organiz\u00f3 la Fundaci\u00f3n CEFI,... Read More","og_url":"https:\/\/faus-moliner.com\/en\/mas-acceso-y-mas-sostenible\/","og_site_name":"Faus Moliner","article_published_time":"2023-02-06T08:40:40+00:00","article_modified_time":"2023-02-06T08:44:02+00:00","author":"Joan Carles Bailach","twitter_card":"summary_large_image","twitter_misc":{"Written by":"Joan Carles Bailach","Est. reading time":"3 minutes"},"schema":{"@context":"https:\/\/schema.org","@graph":[{"@type":"Article","@id":"https:\/\/faus-moliner.com\/en\/mas-acceso-y-mas-sostenible\/#article","isPartOf":{"@id":"https:\/\/faus-moliner.com\/en\/mas-acceso-y-mas-sostenible\/"},"author":{"name":"Joan Carles Bailach","@id":"https:\/\/faus-moliner.com\/en\/#\/schema\/person\/ec7452202e1ab7eaab03eb8cc55cb1dd"},"headline":"M\u00e1s acceso y m\u00e1s sostenible","datePublished":"2023-02-06T08:40:40+00:00","dateModified":"2023-02-06T08:44:02+00:00","mainEntityOfPage":{"@id":"https:\/\/faus-moliner.com\/en\/mas-acceso-y-mas-sostenible\/"},"wordCount":515,"publisher":{"@id":"https:\/\/faus-moliner.com\/en\/#organization"},"articleSection":["El Global","Publications"],"inLanguage":"en-US"},{"@type":"WebPage","@id":"https:\/\/faus-moliner.com\/en\/mas-acceso-y-mas-sostenible\/","url":"https:\/\/faus-moliner.com\/en\/mas-acceso-y-mas-sostenible\/","name":"M\u00e1s acceso y m\u00e1s sostenible - Faus Moliner","isPartOf":{"@id":"https:\/\/faus-moliner.com\/en\/#website"},"datePublished":"2023-02-06T08:40:40+00:00","dateModified":"2023-02-06T08:44:02+00:00","breadcrumb":{"@id":"https:\/\/faus-moliner.com\/en\/mas-acceso-y-mas-sostenible\/#breadcrumb"},"inLanguage":"en-US","potentialAction":[{"@type":"ReadAction","target":["https:\/\/faus-moliner.com\/en\/mas-acceso-y-mas-sostenible\/"]}]},{"@type":"BreadcrumbList","@id":"https:\/\/faus-moliner.com\/en\/mas-acceso-y-mas-sostenible\/#breadcrumb","itemListElement":[{"@type":"ListItem","position":1,"name":"Portada","item":"https:\/\/faus-moliner.com\/en\/"},{"@type":"ListItem","position":2,"name":"M\u00e1s acceso y m\u00e1s sostenible"}]},{"@type":"WebSite","@id":"https:\/\/faus-moliner.com\/en\/#website","url":"https:\/\/faus-moliner.com\/en\/","name":"faus-moliner.com","description":"Otro sitio realizado con WordPress","publisher":{"@id":"https:\/\/faus-moliner.com\/en\/#organization"},"potentialAction":[{"@type":"SearchAction","target":{"@type":"EntryPoint","urlTemplate":"https:\/\/faus-moliner.com\/en\/?s={search_term_string}"},"query-input":{"@type":"PropertyValueSpecification","valueRequired":true,"valueName":"search_term_string"}}],"inLanguage":"en-US"},{"@type":"Organization","@id":"https:\/\/faus-moliner.com\/en\/#organization","name":"Faus Moliner","url":"https:\/\/faus-moliner.com\/en\/","logo":{"@type":"ImageObject","inLanguage":"en-US","@id":"https:\/\/faus-moliner.com\/en\/#\/schema\/logo\/image\/","url":"https:\/\/faus-moliner.com\/wp-content\/uploads\/2023\/03\/Logo-FM-web.jpg","contentUrl":"https:\/\/faus-moliner.com\/wp-content\/uploads\/2023\/03\/Logo-FM-web.jpg","width":400,"height":283,"caption":"Faus Moliner"},"image":{"@id":"https:\/\/faus-moliner.com\/en\/#\/schema\/logo\/image\/"},"sameAs":["https:\/\/www.linkedin.com\/company\/2372042\/admin\/"]},{"@type":"Person","@id":"https:\/\/faus-moliner.com\/en\/#\/schema\/person\/ec7452202e1ab7eaab03eb8cc55cb1dd","name":"Joan Carles Bailach","image":{"@type":"ImageObject","inLanguage":"en-US","@id":"https:\/\/faus-moliner.com\/en\/#\/schema\/person\/image\/7dc230fcb0c817fef0eeb18ce4cde65f","url":"https:\/\/secure.gravatar.com\/avatar\/07c4c61dced736d20b00655d3d1357e7fe6fa3d340172b5cce560f2f33546526?s=96&d=mm&r=g","contentUrl":"https:\/\/secure.gravatar.com\/avatar\/07c4c61dced736d20b00655d3d1357e7fe6fa3d340172b5cce560f2f33546526?s=96&d=mm&r=g","caption":"Joan Carles Bailach"},"sameAs":["https:\/\/faus-moliner.com"],"url":"https:\/\/faus-moliner.com\/en\/author\/joan-carles\/"}]}},"_links":{"self":[{"href":"https:\/\/faus-moliner.com\/en\/wp-json\/wp\/v2\/posts\/31649","targetHints":{"allow":["GET"]}}],"collection":[{"href":"https:\/\/faus-moliner.com\/en\/wp-json\/wp\/v2\/posts"}],"about":[{"href":"https:\/\/faus-moliner.com\/en\/wp-json\/wp\/v2\/types\/post"}],"author":[{"embeddable":true,"href":"https:\/\/faus-moliner.com\/en\/wp-json\/wp\/v2\/users\/22"}],"replies":[{"embeddable":true,"href":"https:\/\/faus-moliner.com\/en\/wp-json\/wp\/v2\/comments?post=31649"}],"version-history":[{"count":1,"href":"https:\/\/faus-moliner.com\/en\/wp-json\/wp\/v2\/posts\/31649\/revisions"}],"predecessor-version":[{"id":31651,"href":"https:\/\/faus-moliner.com\/en\/wp-json\/wp\/v2\/posts\/31649\/revisions\/31651"}],"wp:attachment":[{"href":"https:\/\/faus-moliner.com\/en\/wp-json\/wp\/v2\/media?parent=31649"}],"wp:term":[{"taxonomy":"category","embeddable":true,"href":"https:\/\/faus-moliner.com\/en\/wp-json\/wp\/v2\/categories?post=31649"},{"taxonomy":"post_tag","embeddable":true,"href":"https:\/\/faus-moliner.com\/en\/wp-json\/wp\/v2\/tags?post=31649"},{"taxonomy":"author","embeddable":true,"href":"https:\/\/faus-moliner.com\/en\/wp-json\/wp\/v2\/coauthors?post=31649"}],"curies":[{"name":"wp","href":"https:\/\/api.w.org\/{rel}","templated":true}]}}