{"id":32996,"date":"2023-06-19T09:26:44","date_gmt":"2023-06-19T08:26:44","guid":{"rendered":"https:\/\/faus-moliner.com\/faus-moliner-participa-en-el-41-simposio-organizado-por-la-asociacion-espanola-de-farmaceuticos-de-la-industria\/"},"modified":"2023-06-23T08:31:38","modified_gmt":"2023-06-23T07:31:38","slug":"faus-moliner-participa-en-el-41-simposio-organizado-por-la-asociacion-espanola-de-farmaceuticos-de-la-industria","status":"publish","type":"post","link":"https:\/\/faus-moliner.com\/en\/faus-moliner-participa-en-el-41-simposio-organizado-por-la-asociacion-espanola-de-farmaceuticos-de-la-industria\/","title":{"rendered":"Faus Moliner participates in the 41st Symposium organized by the Spanish Association of Industry Pharmacists"},"content":{"rendered":"\n<p>The 41st edition of the symposium organized by AEFI was held in Barcelona from June 6 to 7, 2023.<\/p>\n\n\n\n<p>Jordi Faus, together with Isabel Pi\u00f1eros (Director of Farmaindustria&#8217;s Access Department), Juan Carlos Saor\u00edn (Head of pricing at Roche) and Jose Mar\u00eda L\u00f3pez (Director of Diariofarma) shared their views on the aspects that would require an urgent modification of the Law to adapt the National Health System to the needs of the sector and patients.<\/p>\n\n\n\n<p>In his speech, Jordi Faus put forward some ideas about what measures can be adopted at present to improve access to pharmaceutical innovation, especially in view of the current electoral period. In this sense, Jordi Faus has exposed the urgent need to modify the reference price system through a Royal Decree-Law, since this system is responsible for a large part of supply problems that exist with some medicinal products. According to Jordi Faus, the current regulation &#8220;economically hijacks pharmaceutical companies and drugs, but also the Administration&#8221; as it prevents the Ministry of Health from adopting exceptional measures to exclude essential and strategic drugs from the reference price system.<\/p>\n\n\n\n<p>Finally, in relation to the modification of the Law on Guarantees and Rational Use of Medicines and Health Products announced in 2022 by the Ministry of Health, Jordi Faus pointed out that Faus Moliner presented more than 47 proposals for improvement; of which more than half were aimed at improving access to new drugs.<\/p>\n\n\n<div class=\"wp-block-image\">\n<figure class=\"alignleft size-large is-resized\"><img loading=\"lazy\" decoding=\"async\" src=\"https:\/\/faus-moliner.com\/wp-content\/uploads\/2023\/06\/Imagen-AEFI-1024x768.jpg\" alt=\"\" class=\"wp-image-32983\" width=\"296\" height=\"222\" srcset=\"https:\/\/faus-moliner.com\/wp-content\/uploads\/2023\/06\/Imagen-AEFI-1024x768.jpg 1024w, https:\/\/faus-moliner.com\/wp-content\/uploads\/2023\/06\/Imagen-AEFI-300x225.jpg 300w, https:\/\/faus-moliner.com\/wp-content\/uploads\/2023\/06\/Imagen-AEFI-24x18.jpg 24w, https:\/\/faus-moliner.com\/wp-content\/uploads\/2023\/06\/Imagen-AEFI-768x576.jpg 768w, https:\/\/faus-moliner.com\/wp-content\/uploads\/2023\/06\/Imagen-AEFI-1536x1152.jpg 1536w, https:\/\/faus-moliner.com\/wp-content\/uploads\/2023\/06\/Imagen-AEFI-2048x1536.jpg 2048w, https:\/\/faus-moliner.com\/wp-content\/uploads\/2023\/06\/Imagen-AEFI-400x300.jpg 400w\" sizes=\"auto, (max-width: 296px) 100vw, 296px\" \/><\/figure>\n<\/div>\n\n<div class=\"wp-block-image\">\n<figure class=\"alignright size-large is-resized\"><img loading=\"lazy\" decoding=\"async\" src=\"https:\/\/faus-moliner.com\/wp-content\/uploads\/2023\/06\/Imagen-AEFI-2-1024x768.jpg\" alt=\"\" class=\"wp-image-32988\" width=\"289\" height=\"217\" srcset=\"https:\/\/faus-moliner.com\/wp-content\/uploads\/2023\/06\/Imagen-AEFI-2-1024x768.jpg 1024w, https:\/\/faus-moliner.com\/wp-content\/uploads\/2023\/06\/Imagen-AEFI-2-300x225.jpg 300w, https:\/\/faus-moliner.com\/wp-content\/uploads\/2023\/06\/Imagen-AEFI-2-24x18.jpg 24w, https:\/\/faus-moliner.com\/wp-content\/uploads\/2023\/06\/Imagen-AEFI-2-768x576.jpg 768w, https:\/\/faus-moliner.com\/wp-content\/uploads\/2023\/06\/Imagen-AEFI-2-1536x1152.jpg 1536w, https:\/\/faus-moliner.com\/wp-content\/uploads\/2023\/06\/Imagen-AEFI-2-2048x1536.jpg 2048w, https:\/\/faus-moliner.com\/wp-content\/uploads\/2023\/06\/Imagen-AEFI-2-400x300.jpg 400w\" sizes=\"auto, (max-width: 289px) 100vw, 289px\" \/><\/figure>\n<\/div>\n\n\n<p><\/p>\n","protected":false},"excerpt":{"rendered":"<p>The 41st edition of the symposium organized by AEFI was held in Barcelona from June 6 to 7, 2023. Jordi Faus, together with Isabel Pi\u00f1eros (Director of Farmaindustria&#8217;s Access Department), Juan Carlos Saor\u00edn (Head of pricing at Roche) and Jose Mar\u00eda L\u00f3pez (Director of Diariofarma) shared their views on the aspects that would require an&#8230; <\/p>\n<div class=\"clear\"><\/div>\n<p><a href=\"https:\/\/faus-moliner.com\/en\/faus-moliner-participa-en-el-41-simposio-organizado-por-la-asociacion-espanola-de-farmaceuticos-de-la-industria\/\" class=\"excerpt-read-more\">Read More<\/a><\/p>\n","protected":false},"author":1,"featured_media":0,"comment_status":"closed","ping_status":"closed","sticky":false,"template":"","format":"standard","meta":{"_acf_changed":false,"inline_featured_image":false,"footnotes":""},"categories":[209],"tags":[],"coauthors":[106],"class_list":["post-32996","post","type-post","status-publish","format-standard","hentry","category-news-events"],"acf":[],"yoast_head":"<!-- This site is optimized with the Yoast SEO plugin v26.6 - https:\/\/yoast.com\/wordpress\/plugins\/seo\/ -->\n<title>Faus Moliner participates in the 41st Symposium organized by the Spanish Association of Industry Pharmacists - Faus Moliner<\/title>\n<meta name=\"robots\" content=\"index, follow, max-snippet:-1, max-image-preview:large, max-video-preview:-1\" \/>\n<link rel=\"canonical\" href=\"https:\/\/faus-moliner.com\/en\/faus-moliner-participa-en-el-41-simposio-organizado-por-la-asociacion-espanola-de-farmaceuticos-de-la-industria\/\" \/>\n<meta property=\"og:locale\" content=\"en_US\" \/>\n<meta property=\"og:type\" content=\"article\" \/>\n<meta property=\"og:title\" content=\"Faus Moliner participates in the 41st Symposium organized by the Spanish Association of Industry Pharmacists - Faus Moliner\" \/>\n<meta property=\"og:description\" content=\"The 41st edition of the symposium organized by AEFI was held in Barcelona from June 6 to 7, 2023. Jordi Faus, together with Isabel Pi\u00f1eros (Director of Farmaindustria&#8217;s Access Department), Juan Carlos Saor\u00edn (Head of pricing at Roche) and Jose Mar\u00eda L\u00f3pez (Director of Diariofarma) shared their views on the aspects that would require an... Read More\" \/>\n<meta property=\"og:url\" content=\"https:\/\/faus-moliner.com\/en\/faus-moliner-participa-en-el-41-simposio-organizado-por-la-asociacion-espanola-de-farmaceuticos-de-la-industria\/\" \/>\n<meta property=\"og:site_name\" content=\"Faus Moliner\" \/>\n<meta property=\"article:published_time\" content=\"2023-06-19T08:26:44+00:00\" \/>\n<meta property=\"article:modified_time\" content=\"2023-06-23T07:31:38+00:00\" \/>\n<meta property=\"og:image\" content=\"https:\/\/faus-moliner.com\/wp-content\/uploads\/2023\/06\/Imagen-AEFI-1024x768.jpg\" \/>\n<meta name=\"author\" content=\"Faus Moliner\" \/>\n<meta name=\"twitter:card\" content=\"summary_large_image\" \/>\n<meta name=\"twitter:label1\" content=\"Written by\" \/>\n\t<meta name=\"twitter:data1\" content=\"Faus Moliner\" \/>\n\t<meta name=\"twitter:label2\" content=\"Est. reading time\" \/>\n\t<meta name=\"twitter:data2\" content=\"2 minutes\" \/>\n<script type=\"application\/ld+json\" class=\"yoast-schema-graph\">{\"@context\":\"https:\/\/schema.org\",\"@graph\":[{\"@type\":\"Article\",\"@id\":\"https:\/\/faus-moliner.com\/en\/faus-moliner-participa-en-el-41-simposio-organizado-por-la-asociacion-espanola-de-farmaceuticos-de-la-industria\/#article\",\"isPartOf\":{\"@id\":\"https:\/\/faus-moliner.com\/en\/faus-moliner-participa-en-el-41-simposio-organizado-por-la-asociacion-espanola-de-farmaceuticos-de-la-industria\/\"},\"author\":{\"name\":\"Faus Moliner\",\"@id\":\"https:\/\/faus-moliner.com\/en\/#\/schema\/person\/b62ac2c67efed1b6f50872c1d6366f90\"},\"headline\":\"Faus Moliner participates in the 41st Symposium organized by the Spanish Association of Industry Pharmacists\",\"datePublished\":\"2023-06-19T08:26:44+00:00\",\"dateModified\":\"2023-06-23T07:31:38+00:00\",\"mainEntityOfPage\":{\"@id\":\"https:\/\/faus-moliner.com\/en\/faus-moliner-participa-en-el-41-simposio-organizado-por-la-asociacion-espanola-de-farmaceuticos-de-la-industria\/\"},\"wordCount\":251,\"publisher\":{\"@id\":\"https:\/\/faus-moliner.com\/en\/#organization\"},\"image\":{\"@id\":\"https:\/\/faus-moliner.com\/en\/faus-moliner-participa-en-el-41-simposio-organizado-por-la-asociacion-espanola-de-farmaceuticos-de-la-industria\/#primaryimage\"},\"thumbnailUrl\":\"https:\/\/faus-moliner.com\/wp-content\/uploads\/2023\/06\/Imagen-AEFI-1024x768.jpg\",\"articleSection\":[\"News &amp; Events\"],\"inLanguage\":\"en-US\"},{\"@type\":\"WebPage\",\"@id\":\"https:\/\/faus-moliner.com\/en\/faus-moliner-participa-en-el-41-simposio-organizado-por-la-asociacion-espanola-de-farmaceuticos-de-la-industria\/\",\"url\":\"https:\/\/faus-moliner.com\/en\/faus-moliner-participa-en-el-41-simposio-organizado-por-la-asociacion-espanola-de-farmaceuticos-de-la-industria\/\",\"name\":\"Faus Moliner participates in the 41st Symposium organized by the Spanish Association of Industry Pharmacists - Faus Moliner\",\"isPartOf\":{\"@id\":\"https:\/\/faus-moliner.com\/en\/#website\"},\"primaryImageOfPage\":{\"@id\":\"https:\/\/faus-moliner.com\/en\/faus-moliner-participa-en-el-41-simposio-organizado-por-la-asociacion-espanola-de-farmaceuticos-de-la-industria\/#primaryimage\"},\"image\":{\"@id\":\"https:\/\/faus-moliner.com\/en\/faus-moliner-participa-en-el-41-simposio-organizado-por-la-asociacion-espanola-de-farmaceuticos-de-la-industria\/#primaryimage\"},\"thumbnailUrl\":\"https:\/\/faus-moliner.com\/wp-content\/uploads\/2023\/06\/Imagen-AEFI-1024x768.jpg\",\"datePublished\":\"2023-06-19T08:26:44+00:00\",\"dateModified\":\"2023-06-23T07:31:38+00:00\",\"breadcrumb\":{\"@id\":\"https:\/\/faus-moliner.com\/en\/faus-moliner-participa-en-el-41-simposio-organizado-por-la-asociacion-espanola-de-farmaceuticos-de-la-industria\/#breadcrumb\"},\"inLanguage\":\"en-US\",\"potentialAction\":[{\"@type\":\"ReadAction\",\"target\":[\"https:\/\/faus-moliner.com\/en\/faus-moliner-participa-en-el-41-simposio-organizado-por-la-asociacion-espanola-de-farmaceuticos-de-la-industria\/\"]}]},{\"@type\":\"ImageObject\",\"inLanguage\":\"en-US\",\"@id\":\"https:\/\/faus-moliner.com\/en\/faus-moliner-participa-en-el-41-simposio-organizado-por-la-asociacion-espanola-de-farmaceuticos-de-la-industria\/#primaryimage\",\"url\":\"https:\/\/faus-moliner.com\/wp-content\/uploads\/2023\/06\/Imagen-AEFI-1024x768.jpg\",\"contentUrl\":\"https:\/\/faus-moliner.com\/wp-content\/uploads\/2023\/06\/Imagen-AEFI-1024x768.jpg\"},{\"@type\":\"BreadcrumbList\",\"@id\":\"https:\/\/faus-moliner.com\/en\/faus-moliner-participa-en-el-41-simposio-organizado-por-la-asociacion-espanola-de-farmaceuticos-de-la-industria\/#breadcrumb\",\"itemListElement\":[{\"@type\":\"ListItem\",\"position\":1,\"name\":\"Portada\",\"item\":\"https:\/\/faus-moliner.com\/en\/\"},{\"@type\":\"ListItem\",\"position\":2,\"name\":\"Faus Moliner participates in the 41st Symposium organized by the Spanish Association of Industry Pharmacists\"}]},{\"@type\":\"WebSite\",\"@id\":\"https:\/\/faus-moliner.com\/en\/#website\",\"url\":\"https:\/\/faus-moliner.com\/en\/\",\"name\":\"faus-moliner.com\",\"description\":\"Otro sitio realizado con WordPress\",\"publisher\":{\"@id\":\"https:\/\/faus-moliner.com\/en\/#organization\"},\"potentialAction\":[{\"@type\":\"SearchAction\",\"target\":{\"@type\":\"EntryPoint\",\"urlTemplate\":\"https:\/\/faus-moliner.com\/en\/?s={search_term_string}\"},\"query-input\":{\"@type\":\"PropertyValueSpecification\",\"valueRequired\":true,\"valueName\":\"search_term_string\"}}],\"inLanguage\":\"en-US\"},{\"@type\":\"Organization\",\"@id\":\"https:\/\/faus-moliner.com\/en\/#organization\",\"name\":\"Faus Moliner\",\"url\":\"https:\/\/faus-moliner.com\/en\/\",\"logo\":{\"@type\":\"ImageObject\",\"inLanguage\":\"en-US\",\"@id\":\"https:\/\/faus-moliner.com\/en\/#\/schema\/logo\/image\/\",\"url\":\"https:\/\/faus-moliner.com\/wp-content\/uploads\/2023\/03\/Logo-FM-web.jpg\",\"contentUrl\":\"https:\/\/faus-moliner.com\/wp-content\/uploads\/2023\/03\/Logo-FM-web.jpg\",\"width\":400,\"height\":283,\"caption\":\"Faus Moliner\"},\"image\":{\"@id\":\"https:\/\/faus-moliner.com\/en\/#\/schema\/logo\/image\/\"},\"sameAs\":[\"https:\/\/www.linkedin.com\/company\/2372042\/admin\/\"]},{\"@type\":\"Person\",\"@id\":\"https:\/\/faus-moliner.com\/en\/#\/schema\/person\/b62ac2c67efed1b6f50872c1d6366f90\",\"name\":\"Faus Moliner\",\"image\":{\"@type\":\"ImageObject\",\"inLanguage\":\"en-US\",\"@id\":\"https:\/\/faus-moliner.com\/en\/#\/schema\/person\/image\/88610ef99b0aa1c93ca33c569a053dac\",\"url\":\"https:\/\/secure.gravatar.com\/avatar\/be7b0f78e7edd64676ce7ea245b31f149a0cffff4b139c25ac02aaa676c19d67?s=96&d=mm&r=g\",\"contentUrl\":\"https:\/\/secure.gravatar.com\/avatar\/be7b0f78e7edd64676ce7ea245b31f149a0cffff4b139c25ac02aaa676c19d67?s=96&d=mm&r=g\",\"caption\":\"Faus Moliner\"},\"url\":\"https:\/\/faus-moliner.com\/en\/author\/moon\/\"}]}<\/script>\n<!-- \/ Yoast SEO plugin. -->","yoast_head_json":{"title":"Faus Moliner participates in the 41st Symposium organized by the Spanish Association of Industry Pharmacists - Faus Moliner","robots":{"index":"index","follow":"follow","max-snippet":"max-snippet:-1","max-image-preview":"max-image-preview:large","max-video-preview":"max-video-preview:-1"},"canonical":"https:\/\/faus-moliner.com\/en\/faus-moliner-participa-en-el-41-simposio-organizado-por-la-asociacion-espanola-de-farmaceuticos-de-la-industria\/","og_locale":"en_US","og_type":"article","og_title":"Faus Moliner participates in the 41st Symposium organized by the Spanish Association of Industry Pharmacists - Faus Moliner","og_description":"The 41st edition of the symposium organized by AEFI was held in Barcelona from June 6 to 7, 2023. Jordi Faus, together with Isabel Pi\u00f1eros (Director of Farmaindustria&#8217;s Access Department), Juan Carlos Saor\u00edn (Head of pricing at Roche) and Jose Mar\u00eda L\u00f3pez (Director of Diariofarma) shared their views on the aspects that would require an... Read More","og_url":"https:\/\/faus-moliner.com\/en\/faus-moliner-participa-en-el-41-simposio-organizado-por-la-asociacion-espanola-de-farmaceuticos-de-la-industria\/","og_site_name":"Faus Moliner","article_published_time":"2023-06-19T08:26:44+00:00","article_modified_time":"2023-06-23T07:31:38+00:00","og_image":[{"url":"https:\/\/faus-moliner.com\/wp-content\/uploads\/2023\/06\/Imagen-AEFI-1024x768.jpg","type":"","width":"","height":""}],"author":"Faus Moliner","twitter_card":"summary_large_image","twitter_misc":{"Written by":"Faus Moliner","Est. reading time":"2 minutes"},"schema":{"@context":"https:\/\/schema.org","@graph":[{"@type":"Article","@id":"https:\/\/faus-moliner.com\/en\/faus-moliner-participa-en-el-41-simposio-organizado-por-la-asociacion-espanola-de-farmaceuticos-de-la-industria\/#article","isPartOf":{"@id":"https:\/\/faus-moliner.com\/en\/faus-moliner-participa-en-el-41-simposio-organizado-por-la-asociacion-espanola-de-farmaceuticos-de-la-industria\/"},"author":{"name":"Faus Moliner","@id":"https:\/\/faus-moliner.com\/en\/#\/schema\/person\/b62ac2c67efed1b6f50872c1d6366f90"},"headline":"Faus Moliner participates in the 41st Symposium organized by the Spanish Association of Industry Pharmacists","datePublished":"2023-06-19T08:26:44+00:00","dateModified":"2023-06-23T07:31:38+00:00","mainEntityOfPage":{"@id":"https:\/\/faus-moliner.com\/en\/faus-moliner-participa-en-el-41-simposio-organizado-por-la-asociacion-espanola-de-farmaceuticos-de-la-industria\/"},"wordCount":251,"publisher":{"@id":"https:\/\/faus-moliner.com\/en\/#organization"},"image":{"@id":"https:\/\/faus-moliner.com\/en\/faus-moliner-participa-en-el-41-simposio-organizado-por-la-asociacion-espanola-de-farmaceuticos-de-la-industria\/#primaryimage"},"thumbnailUrl":"https:\/\/faus-moliner.com\/wp-content\/uploads\/2023\/06\/Imagen-AEFI-1024x768.jpg","articleSection":["News &amp; Events"],"inLanguage":"en-US"},{"@type":"WebPage","@id":"https:\/\/faus-moliner.com\/en\/faus-moliner-participa-en-el-41-simposio-organizado-por-la-asociacion-espanola-de-farmaceuticos-de-la-industria\/","url":"https:\/\/faus-moliner.com\/en\/faus-moliner-participa-en-el-41-simposio-organizado-por-la-asociacion-espanola-de-farmaceuticos-de-la-industria\/","name":"Faus Moliner participates in the 41st Symposium organized by the Spanish Association of Industry Pharmacists - Faus Moliner","isPartOf":{"@id":"https:\/\/faus-moliner.com\/en\/#website"},"primaryImageOfPage":{"@id":"https:\/\/faus-moliner.com\/en\/faus-moliner-participa-en-el-41-simposio-organizado-por-la-asociacion-espanola-de-farmaceuticos-de-la-industria\/#primaryimage"},"image":{"@id":"https:\/\/faus-moliner.com\/en\/faus-moliner-participa-en-el-41-simposio-organizado-por-la-asociacion-espanola-de-farmaceuticos-de-la-industria\/#primaryimage"},"thumbnailUrl":"https:\/\/faus-moliner.com\/wp-content\/uploads\/2023\/06\/Imagen-AEFI-1024x768.jpg","datePublished":"2023-06-19T08:26:44+00:00","dateModified":"2023-06-23T07:31:38+00:00","breadcrumb":{"@id":"https:\/\/faus-moliner.com\/en\/faus-moliner-participa-en-el-41-simposio-organizado-por-la-asociacion-espanola-de-farmaceuticos-de-la-industria\/#breadcrumb"},"inLanguage":"en-US","potentialAction":[{"@type":"ReadAction","target":["https:\/\/faus-moliner.com\/en\/faus-moliner-participa-en-el-41-simposio-organizado-por-la-asociacion-espanola-de-farmaceuticos-de-la-industria\/"]}]},{"@type":"ImageObject","inLanguage":"en-US","@id":"https:\/\/faus-moliner.com\/en\/faus-moliner-participa-en-el-41-simposio-organizado-por-la-asociacion-espanola-de-farmaceuticos-de-la-industria\/#primaryimage","url":"https:\/\/faus-moliner.com\/wp-content\/uploads\/2023\/06\/Imagen-AEFI-1024x768.jpg","contentUrl":"https:\/\/faus-moliner.com\/wp-content\/uploads\/2023\/06\/Imagen-AEFI-1024x768.jpg"},{"@type":"BreadcrumbList","@id":"https:\/\/faus-moliner.com\/en\/faus-moliner-participa-en-el-41-simposio-organizado-por-la-asociacion-espanola-de-farmaceuticos-de-la-industria\/#breadcrumb","itemListElement":[{"@type":"ListItem","position":1,"name":"Portada","item":"https:\/\/faus-moliner.com\/en\/"},{"@type":"ListItem","position":2,"name":"Faus Moliner participates in the 41st Symposium organized by the Spanish Association of Industry Pharmacists"}]},{"@type":"WebSite","@id":"https:\/\/faus-moliner.com\/en\/#website","url":"https:\/\/faus-moliner.com\/en\/","name":"faus-moliner.com","description":"Otro sitio realizado con WordPress","publisher":{"@id":"https:\/\/faus-moliner.com\/en\/#organization"},"potentialAction":[{"@type":"SearchAction","target":{"@type":"EntryPoint","urlTemplate":"https:\/\/faus-moliner.com\/en\/?s={search_term_string}"},"query-input":{"@type":"PropertyValueSpecification","valueRequired":true,"valueName":"search_term_string"}}],"inLanguage":"en-US"},{"@type":"Organization","@id":"https:\/\/faus-moliner.com\/en\/#organization","name":"Faus Moliner","url":"https:\/\/faus-moliner.com\/en\/","logo":{"@type":"ImageObject","inLanguage":"en-US","@id":"https:\/\/faus-moliner.com\/en\/#\/schema\/logo\/image\/","url":"https:\/\/faus-moliner.com\/wp-content\/uploads\/2023\/03\/Logo-FM-web.jpg","contentUrl":"https:\/\/faus-moliner.com\/wp-content\/uploads\/2023\/03\/Logo-FM-web.jpg","width":400,"height":283,"caption":"Faus Moliner"},"image":{"@id":"https:\/\/faus-moliner.com\/en\/#\/schema\/logo\/image\/"},"sameAs":["https:\/\/www.linkedin.com\/company\/2372042\/admin\/"]},{"@type":"Person","@id":"https:\/\/faus-moliner.com\/en\/#\/schema\/person\/b62ac2c67efed1b6f50872c1d6366f90","name":"Faus Moliner","image":{"@type":"ImageObject","inLanguage":"en-US","@id":"https:\/\/faus-moliner.com\/en\/#\/schema\/person\/image\/88610ef99b0aa1c93ca33c569a053dac","url":"https:\/\/secure.gravatar.com\/avatar\/be7b0f78e7edd64676ce7ea245b31f149a0cffff4b139c25ac02aaa676c19d67?s=96&d=mm&r=g","contentUrl":"https:\/\/secure.gravatar.com\/avatar\/be7b0f78e7edd64676ce7ea245b31f149a0cffff4b139c25ac02aaa676c19d67?s=96&d=mm&r=g","caption":"Faus Moliner"},"url":"https:\/\/faus-moliner.com\/en\/author\/moon\/"}]}},"_links":{"self":[{"href":"https:\/\/faus-moliner.com\/en\/wp-json\/wp\/v2\/posts\/32996","targetHints":{"allow":["GET"]}}],"collection":[{"href":"https:\/\/faus-moliner.com\/en\/wp-json\/wp\/v2\/posts"}],"about":[{"href":"https:\/\/faus-moliner.com\/en\/wp-json\/wp\/v2\/types\/post"}],"author":[{"embeddable":true,"href":"https:\/\/faus-moliner.com\/en\/wp-json\/wp\/v2\/users\/1"}],"replies":[{"embeddable":true,"href":"https:\/\/faus-moliner.com\/en\/wp-json\/wp\/v2\/comments?post=32996"}],"version-history":[{"count":4,"href":"https:\/\/faus-moliner.com\/en\/wp-json\/wp\/v2\/posts\/32996\/revisions"}],"predecessor-version":[{"id":33005,"href":"https:\/\/faus-moliner.com\/en\/wp-json\/wp\/v2\/posts\/32996\/revisions\/33005"}],"wp:attachment":[{"href":"https:\/\/faus-moliner.com\/en\/wp-json\/wp\/v2\/media?parent=32996"}],"wp:term":[{"taxonomy":"category","embeddable":true,"href":"https:\/\/faus-moliner.com\/en\/wp-json\/wp\/v2\/categories?post=32996"},{"taxonomy":"post_tag","embeddable":true,"href":"https:\/\/faus-moliner.com\/en\/wp-json\/wp\/v2\/tags?post=32996"},{"taxonomy":"author","embeddable":true,"href":"https:\/\/faus-moliner.com\/en\/wp-json\/wp\/v2\/coauthors?post=32996"}],"curies":[{"name":"wp","href":"https:\/\/api.w.org\/{rel}","templated":true}]}}