{"id":34887,"date":"2024-01-31T09:23:17","date_gmt":"2024-01-31T08:23:17","guid":{"rendered":"https:\/\/faus-moliner.com\/diez-anos-de-transparencia-en-espana-que-retos-nos-deparan-los-proximos-anos\/"},"modified":"2025-03-03T12:01:01","modified_gmt":"2025-03-03T11:01:01","slug":"diez-anos-de-transparencia-en-espana-que-retos-nos-deparan-los-proximos-anos","status":"publish","type":"post","link":"https:\/\/faus-moliner.com\/en\/diez-anos-de-transparencia-en-espana-que-retos-nos-deparan-los-proximos-anos\/","title":{"rendered":"Diez a\u00f1os de transparencia en Espa\u00f1a; \u00bfqu\u00e9 retos nos deparan los pr\u00f3ximos a\u00f1os?"},"content":{"rendered":"\n<p>This article addresses the implications for the pharmaceutical sector of the application in Spain of Law 19\/2013, of 9 December 2013, on transparency, access to public information and good governance, 10 years after its entry into force. In addition, the implications of the entry into force of the Troms\u00f8 Convention are analyzed. Finally, the challenges that the pharmaceutical sector will face in terms of transparency in the coming years are discussed.<\/p>\n","protected":false},"excerpt":{"rendered":"<p>This article addresses the implications for the pharmaceutical sector of the application in Spain of Law 19\/2013, of 9 December 2013, on transparency, access to public information and good governance, 10 years after its entry into force. In addition, the implications of the entry into force of the Troms\u00f8 Convention are analyzed. Finally, the challenges&#8230; <\/p>\n<div class=\"clear\"><\/div>\n<p><a href=\"https:\/\/faus-moliner.com\/en\/diez-anos-de-transparencia-en-espana-que-retos-nos-deparan-los-proximos-anos\/\" class=\"excerpt-read-more\">Read More<\/a><\/p>\n","protected":false},"author":1,"featured_media":0,"comment_status":"closed","ping_status":"closed","sticky":false,"template":"","format":"standard","meta":{"_acf_changed":false,"inline_featured_image":false,"footnotes":""},"categories":[217,71],"tags":[],"coauthors":[106,521],"class_list":["post-34887","post","type-post","status-publish","format-standard","hentry","category-pharmaceutical-and-life-sciences-law-2","category-publications"],"acf":[],"yoast_head":"<!-- This site is optimized with the Yoast SEO plugin v26.6 - https:\/\/yoast.com\/wordpress\/plugins\/seo\/ -->\n<title>Diez a\u00f1os de transparencia en Espa\u00f1a; \u00bfqu\u00e9 retos nos deparan los pr\u00f3ximos a\u00f1os? - Faus Moliner<\/title>\n<meta name=\"robots\" content=\"index, follow, max-snippet:-1, max-image-preview:large, max-video-preview:-1\" \/>\n<link rel=\"canonical\" href=\"https:\/\/faus-moliner.com\/en\/diez-anos-de-transparencia-en-espana-que-retos-nos-deparan-los-proximos-anos\/\" \/>\n<meta property=\"og:locale\" content=\"en_US\" \/>\n<meta property=\"og:type\" content=\"article\" \/>\n<meta property=\"og:title\" content=\"Diez a\u00f1os de transparencia en Espa\u00f1a; \u00bfqu\u00e9 retos nos deparan los pr\u00f3ximos a\u00f1os? - Faus Moliner\" \/>\n<meta property=\"og:description\" content=\"This article addresses the implications for the pharmaceutical sector of the application in Spain of Law 19\/2013, of 9 December 2013, on transparency, access to public information and good governance, 10 years after its entry into force. In addition, the implications of the entry into force of the Troms\u00f8 Convention are analyzed. Finally, the challenges... Read More\" \/>\n<meta property=\"og:url\" content=\"https:\/\/faus-moliner.com\/en\/diez-anos-de-transparencia-en-espana-que-retos-nos-deparan-los-proximos-anos\/\" \/>\n<meta property=\"og:site_name\" content=\"Faus Moliner\" \/>\n<meta property=\"article:published_time\" content=\"2024-01-31T08:23:17+00:00\" \/>\n<meta property=\"article:modified_time\" content=\"2025-03-03T11:01:01+00:00\" \/>\n<meta name=\"author\" content=\"Faus Moliner, Joan Carles Bailach\" \/>\n<meta name=\"twitter:card\" content=\"summary_large_image\" \/>\n<meta name=\"twitter:label1\" content=\"Written by\" \/>\n\t<meta name=\"twitter:data1\" content=\"Faus Moliner, Joan Carles Bailach\" \/>\n\t<meta name=\"twitter:label2\" content=\"Est. reading time\" \/>\n\t<meta name=\"twitter:data2\" content=\"1 minute\" \/>\n<script type=\"application\/ld+json\" class=\"yoast-schema-graph\">{\"@context\":\"https:\/\/schema.org\",\"@graph\":[{\"@type\":\"Article\",\"@id\":\"https:\/\/faus-moliner.com\/en\/diez-anos-de-transparencia-en-espana-que-retos-nos-deparan-los-proximos-anos\/#article\",\"isPartOf\":{\"@id\":\"https:\/\/faus-moliner.com\/en\/diez-anos-de-transparencia-en-espana-que-retos-nos-deparan-los-proximos-anos\/\"},\"author\":{\"name\":\"Faus Moliner\",\"@id\":\"https:\/\/faus-moliner.com\/en\/#\/schema\/person\/b62ac2c67efed1b6f50872c1d6366f90\"},\"headline\":\"Diez a\u00f1os de transparencia en Espa\u00f1a; \u00bfqu\u00e9 retos nos deparan los pr\u00f3ximos a\u00f1os?\",\"datePublished\":\"2024-01-31T08:23:17+00:00\",\"dateModified\":\"2025-03-03T11:01:01+00:00\",\"mainEntityOfPage\":{\"@id\":\"https:\/\/faus-moliner.com\/en\/diez-anos-de-transparencia-en-espana-que-retos-nos-deparan-los-proximos-anos\/\"},\"wordCount\":84,\"publisher\":{\"@id\":\"https:\/\/faus-moliner.com\/en\/#organization\"},\"articleSection\":[\"Pharmaceutical and Life Sciences Law\",\"Publications\"],\"inLanguage\":\"en-US\"},{\"@type\":\"WebPage\",\"@id\":\"https:\/\/faus-moliner.com\/en\/diez-anos-de-transparencia-en-espana-que-retos-nos-deparan-los-proximos-anos\/\",\"url\":\"https:\/\/faus-moliner.com\/en\/diez-anos-de-transparencia-en-espana-que-retos-nos-deparan-los-proximos-anos\/\",\"name\":\"Diez a\u00f1os de transparencia en Espa\u00f1a; \u00bfqu\u00e9 retos nos deparan los pr\u00f3ximos a\u00f1os? - Faus Moliner\",\"isPartOf\":{\"@id\":\"https:\/\/faus-moliner.com\/en\/#website\"},\"datePublished\":\"2024-01-31T08:23:17+00:00\",\"dateModified\":\"2025-03-03T11:01:01+00:00\",\"breadcrumb\":{\"@id\":\"https:\/\/faus-moliner.com\/en\/diez-anos-de-transparencia-en-espana-que-retos-nos-deparan-los-proximos-anos\/#breadcrumb\"},\"inLanguage\":\"en-US\",\"potentialAction\":[{\"@type\":\"ReadAction\",\"target\":[\"https:\/\/faus-moliner.com\/en\/diez-anos-de-transparencia-en-espana-que-retos-nos-deparan-los-proximos-anos\/\"]}]},{\"@type\":\"BreadcrumbList\",\"@id\":\"https:\/\/faus-moliner.com\/en\/diez-anos-de-transparencia-en-espana-que-retos-nos-deparan-los-proximos-anos\/#breadcrumb\",\"itemListElement\":[{\"@type\":\"ListItem\",\"position\":1,\"name\":\"Portada\",\"item\":\"https:\/\/faus-moliner.com\/en\/\"},{\"@type\":\"ListItem\",\"position\":2,\"name\":\"Diez a\u00f1os de transparencia en Espa\u00f1a; \u00bfqu\u00e9 retos nos deparan los pr\u00f3ximos a\u00f1os?\"}]},{\"@type\":\"WebSite\",\"@id\":\"https:\/\/faus-moliner.com\/en\/#website\",\"url\":\"https:\/\/faus-moliner.com\/en\/\",\"name\":\"faus-moliner.com\",\"description\":\"Otro sitio realizado con WordPress\",\"publisher\":{\"@id\":\"https:\/\/faus-moliner.com\/en\/#organization\"},\"potentialAction\":[{\"@type\":\"SearchAction\",\"target\":{\"@type\":\"EntryPoint\",\"urlTemplate\":\"https:\/\/faus-moliner.com\/en\/?s={search_term_string}\"},\"query-input\":{\"@type\":\"PropertyValueSpecification\",\"valueRequired\":true,\"valueName\":\"search_term_string\"}}],\"inLanguage\":\"en-US\"},{\"@type\":\"Organization\",\"@id\":\"https:\/\/faus-moliner.com\/en\/#organization\",\"name\":\"Faus Moliner\",\"url\":\"https:\/\/faus-moliner.com\/en\/\",\"logo\":{\"@type\":\"ImageObject\",\"inLanguage\":\"en-US\",\"@id\":\"https:\/\/faus-moliner.com\/en\/#\/schema\/logo\/image\/\",\"url\":\"https:\/\/faus-moliner.com\/wp-content\/uploads\/2023\/03\/Logo-FM-web.jpg\",\"contentUrl\":\"https:\/\/faus-moliner.com\/wp-content\/uploads\/2023\/03\/Logo-FM-web.jpg\",\"width\":400,\"height\":283,\"caption\":\"Faus Moliner\"},\"image\":{\"@id\":\"https:\/\/faus-moliner.com\/en\/#\/schema\/logo\/image\/\"},\"sameAs\":[\"https:\/\/www.linkedin.com\/company\/2372042\/admin\/\"]},{\"@type\":\"Person\",\"@id\":\"https:\/\/faus-moliner.com\/en\/#\/schema\/person\/b62ac2c67efed1b6f50872c1d6366f90\",\"name\":\"Faus Moliner\",\"image\":{\"@type\":\"ImageObject\",\"inLanguage\":\"en-US\",\"@id\":\"https:\/\/faus-moliner.com\/en\/#\/schema\/person\/image\/88610ef99b0aa1c93ca33c569a053dac\",\"url\":\"https:\/\/secure.gravatar.com\/avatar\/be7b0f78e7edd64676ce7ea245b31f149a0cffff4b139c25ac02aaa676c19d67?s=96&d=mm&r=g\",\"contentUrl\":\"https:\/\/secure.gravatar.com\/avatar\/be7b0f78e7edd64676ce7ea245b31f149a0cffff4b139c25ac02aaa676c19d67?s=96&d=mm&r=g\",\"caption\":\"Faus Moliner\"},\"url\":\"https:\/\/faus-moliner.com\/en\/author\/moon\/\"}]}<\/script>\n<!-- \/ Yoast SEO plugin. -->","yoast_head_json":{"title":"Diez a\u00f1os de transparencia en Espa\u00f1a; \u00bfqu\u00e9 retos nos deparan los pr\u00f3ximos a\u00f1os? - Faus Moliner","robots":{"index":"index","follow":"follow","max-snippet":"max-snippet:-1","max-image-preview":"max-image-preview:large","max-video-preview":"max-video-preview:-1"},"canonical":"https:\/\/faus-moliner.com\/en\/diez-anos-de-transparencia-en-espana-que-retos-nos-deparan-los-proximos-anos\/","og_locale":"en_US","og_type":"article","og_title":"Diez a\u00f1os de transparencia en Espa\u00f1a; \u00bfqu\u00e9 retos nos deparan los pr\u00f3ximos a\u00f1os? - Faus Moliner","og_description":"This article addresses the implications for the pharmaceutical sector of the application in Spain of Law 19\/2013, of 9 December 2013, on transparency, access to public information and good governance, 10 years after its entry into force. In addition, the implications of the entry into force of the Troms\u00f8 Convention are analyzed. Finally, the challenges... Read More","og_url":"https:\/\/faus-moliner.com\/en\/diez-anos-de-transparencia-en-espana-que-retos-nos-deparan-los-proximos-anos\/","og_site_name":"Faus Moliner","article_published_time":"2024-01-31T08:23:17+00:00","article_modified_time":"2025-03-03T11:01:01+00:00","author":"Faus Moliner, Joan Carles Bailach","twitter_card":"summary_large_image","twitter_misc":{"Written by":"Faus Moliner, Joan Carles Bailach","Est. reading time":"1 minute"},"schema":{"@context":"https:\/\/schema.org","@graph":[{"@type":"Article","@id":"https:\/\/faus-moliner.com\/en\/diez-anos-de-transparencia-en-espana-que-retos-nos-deparan-los-proximos-anos\/#article","isPartOf":{"@id":"https:\/\/faus-moliner.com\/en\/diez-anos-de-transparencia-en-espana-que-retos-nos-deparan-los-proximos-anos\/"},"author":{"name":"Faus Moliner","@id":"https:\/\/faus-moliner.com\/en\/#\/schema\/person\/b62ac2c67efed1b6f50872c1d6366f90"},"headline":"Diez a\u00f1os de transparencia en Espa\u00f1a; \u00bfqu\u00e9 retos nos deparan los pr\u00f3ximos a\u00f1os?","datePublished":"2024-01-31T08:23:17+00:00","dateModified":"2025-03-03T11:01:01+00:00","mainEntityOfPage":{"@id":"https:\/\/faus-moliner.com\/en\/diez-anos-de-transparencia-en-espana-que-retos-nos-deparan-los-proximos-anos\/"},"wordCount":84,"publisher":{"@id":"https:\/\/faus-moliner.com\/en\/#organization"},"articleSection":["Pharmaceutical and Life Sciences Law","Publications"],"inLanguage":"en-US"},{"@type":"WebPage","@id":"https:\/\/faus-moliner.com\/en\/diez-anos-de-transparencia-en-espana-que-retos-nos-deparan-los-proximos-anos\/","url":"https:\/\/faus-moliner.com\/en\/diez-anos-de-transparencia-en-espana-que-retos-nos-deparan-los-proximos-anos\/","name":"Diez a\u00f1os de transparencia en Espa\u00f1a; \u00bfqu\u00e9 retos nos deparan los pr\u00f3ximos a\u00f1os? - Faus Moliner","isPartOf":{"@id":"https:\/\/faus-moliner.com\/en\/#website"},"datePublished":"2024-01-31T08:23:17+00:00","dateModified":"2025-03-03T11:01:01+00:00","breadcrumb":{"@id":"https:\/\/faus-moliner.com\/en\/diez-anos-de-transparencia-en-espana-que-retos-nos-deparan-los-proximos-anos\/#breadcrumb"},"inLanguage":"en-US","potentialAction":[{"@type":"ReadAction","target":["https:\/\/faus-moliner.com\/en\/diez-anos-de-transparencia-en-espana-que-retos-nos-deparan-los-proximos-anos\/"]}]},{"@type":"BreadcrumbList","@id":"https:\/\/faus-moliner.com\/en\/diez-anos-de-transparencia-en-espana-que-retos-nos-deparan-los-proximos-anos\/#breadcrumb","itemListElement":[{"@type":"ListItem","position":1,"name":"Portada","item":"https:\/\/faus-moliner.com\/en\/"},{"@type":"ListItem","position":2,"name":"Diez a\u00f1os de transparencia en Espa\u00f1a; \u00bfqu\u00e9 retos nos deparan los pr\u00f3ximos a\u00f1os?"}]},{"@type":"WebSite","@id":"https:\/\/faus-moliner.com\/en\/#website","url":"https:\/\/faus-moliner.com\/en\/","name":"faus-moliner.com","description":"Otro sitio realizado con WordPress","publisher":{"@id":"https:\/\/faus-moliner.com\/en\/#organization"},"potentialAction":[{"@type":"SearchAction","target":{"@type":"EntryPoint","urlTemplate":"https:\/\/faus-moliner.com\/en\/?s={search_term_string}"},"query-input":{"@type":"PropertyValueSpecification","valueRequired":true,"valueName":"search_term_string"}}],"inLanguage":"en-US"},{"@type":"Organization","@id":"https:\/\/faus-moliner.com\/en\/#organization","name":"Faus Moliner","url":"https:\/\/faus-moliner.com\/en\/","logo":{"@type":"ImageObject","inLanguage":"en-US","@id":"https:\/\/faus-moliner.com\/en\/#\/schema\/logo\/image\/","url":"https:\/\/faus-moliner.com\/wp-content\/uploads\/2023\/03\/Logo-FM-web.jpg","contentUrl":"https:\/\/faus-moliner.com\/wp-content\/uploads\/2023\/03\/Logo-FM-web.jpg","width":400,"height":283,"caption":"Faus Moliner"},"image":{"@id":"https:\/\/faus-moliner.com\/en\/#\/schema\/logo\/image\/"},"sameAs":["https:\/\/www.linkedin.com\/company\/2372042\/admin\/"]},{"@type":"Person","@id":"https:\/\/faus-moliner.com\/en\/#\/schema\/person\/b62ac2c67efed1b6f50872c1d6366f90","name":"Faus Moliner","image":{"@type":"ImageObject","inLanguage":"en-US","@id":"https:\/\/faus-moliner.com\/en\/#\/schema\/person\/image\/88610ef99b0aa1c93ca33c569a053dac","url":"https:\/\/secure.gravatar.com\/avatar\/be7b0f78e7edd64676ce7ea245b31f149a0cffff4b139c25ac02aaa676c19d67?s=96&d=mm&r=g","contentUrl":"https:\/\/secure.gravatar.com\/avatar\/be7b0f78e7edd64676ce7ea245b31f149a0cffff4b139c25ac02aaa676c19d67?s=96&d=mm&r=g","caption":"Faus Moliner"},"url":"https:\/\/faus-moliner.com\/en\/author\/moon\/"}]}},"_links":{"self":[{"href":"https:\/\/faus-moliner.com\/en\/wp-json\/wp\/v2\/posts\/34887","targetHints":{"allow":["GET"]}}],"collection":[{"href":"https:\/\/faus-moliner.com\/en\/wp-json\/wp\/v2\/posts"}],"about":[{"href":"https:\/\/faus-moliner.com\/en\/wp-json\/wp\/v2\/types\/post"}],"author":[{"embeddable":true,"href":"https:\/\/faus-moliner.com\/en\/wp-json\/wp\/v2\/users\/1"}],"replies":[{"embeddable":true,"href":"https:\/\/faus-moliner.com\/en\/wp-json\/wp\/v2\/comments?post=34887"}],"version-history":[{"count":3,"href":"https:\/\/faus-moliner.com\/en\/wp-json\/wp\/v2\/posts\/34887\/revisions"}],"predecessor-version":[{"id":34899,"href":"https:\/\/faus-moliner.com\/en\/wp-json\/wp\/v2\/posts\/34887\/revisions\/34899"}],"wp:attachment":[{"href":"https:\/\/faus-moliner.com\/en\/wp-json\/wp\/v2\/media?parent=34887"}],"wp:term":[{"taxonomy":"category","embeddable":true,"href":"https:\/\/faus-moliner.com\/en\/wp-json\/wp\/v2\/categories?post=34887"},{"taxonomy":"post_tag","embeddable":true,"href":"https:\/\/faus-moliner.com\/en\/wp-json\/wp\/v2\/tags?post=34887"},{"taxonomy":"author","embeddable":true,"href":"https:\/\/faus-moliner.com\/en\/wp-json\/wp\/v2\/coauthors?post=34887"}],"curies":[{"name":"wp","href":"https:\/\/api.w.org\/{rel}","templated":true}]}}