{"id":35695,"date":"2024-04-22T09:04:56","date_gmt":"2024-04-22T08:04:56","guid":{"rendered":"https:\/\/faus-moliner.com\/el-eeds-despues-del-acuerdo-politico-y-ahora-que\/"},"modified":"2024-04-22T09:08:21","modified_gmt":"2024-04-22T08:08:21","slug":"el-eeds-despues-del-acuerdo-politico-y-ahora-que","status":"publish","type":"post","link":"https:\/\/faus-moliner.com\/en\/el-eeds-despues-del-acuerdo-politico-y-ahora-que\/","title":{"rendered":"El EEDS despu\u00e9s del acuerdo pol\u00edtico, \u00bfy ahora qu\u00e9?"},"content":{"rendered":"\n<p>El pasado 15 de marzo el Parlamento Europeo y el Consejo llegaron a un acuerdo sobre el Espacio Europeo de Datos Sanitarios (EEDS). La fase final de las negociaciones requiri\u00f3 un esfuerzo \u00edmprobo por parte del legislador para alcanzar un compromiso en aspectos tales como qu\u00e9 posibilidades tendr\u00e1n los ciudadanos de no compartir sus datos de salud o c\u00f3mo proteger la propiedad intelectual, sobre todo de las compa\u00f1\u00edas farmac\u00e9uticas, que pueden contener los datasets o conjuntos de datos. <\/p>\n\n\n\n<p> Sin restar un \u00e1pice de valor al acuerdo pol\u00edtico, lo cierto es que el EEDS se ha percibido como, tal vez, demasiado abstracto por parte de la industria, los profesionales sanitarios o los pagadores. Que se trate de una propuesta muy conceptual, cuya tramitaci\u00f3n adem\u00e1s se ha solapado en parte con la reforma de la legislaci\u00f3n farmac\u00e9utica puede haber restado algo de foco a una iniciativa llamada a potenciar la capacidad asistencial y evitar que la Uni\u00f3n Europea se quede atr\u00e1s en investigaci\u00f3n. La apuesta del legislador por el EEDS es firme. Cabe preguntarse, en este punto, c\u00f3mo hacer de este espacio una realidad. <\/p>\n\n\n\n<p>Son varios los proyectos que se est\u00e1n tramitando y para muestra, un bot\u00f3n. Esta semana se ha hecho p\u00fablico que el piloto del EEDS ha desarrollado ya los primeros modelos que servir\u00e1n para presentar solicitudes de acceso a datos, tanto personales como estad\u00edsticos, al organismo que cada Estado miembro determine como competente. <\/p>\n\n\n\n<p>La propuesta piloto incluye fundamentalmente preguntas con respuestas estructuradas -un desplegable- o texto de campo abierto. Responderlas requiere de un trabajo previo relevante, por lo que ser\u00e1 fundamental empezar a familiarizarse con cu\u00e1les son los datos que aportar y el nivel de detalle detr\u00e1s de los motivos que legitiman el acceso a datos de salud: c\u00f3mo definir el tipo de datos cuyo acceso se solicita, durante cu\u00e1nto tiempo o con qu\u00e9 garant\u00edas (por ejemplo, una evaluaci\u00f3n de impacto relativa a protecci\u00f3n de datos, si procede). La suerte que corra una solicitud puede depender de cu\u00e1n acertada sea la explicaci\u00f3n al organismo de acceso. <\/p>\n\n\n\n<p>Se trata de un reto compartido. Y es que el potencial de los datos de salud est\u00e1 llamado a informar, tambi\u00e9n, las decisiones regulatorias. En este sentido la Agencia Europea del Medicamento est\u00e1 trabajando en paralelo y publicaba un informe el pasado 10 de abril donde reconoce el potencial de los datos para generar evidencias de la vida real (RWE) que, por poner un ejemplo concreto, simplifiquen algunos tr\u00e1mites para los titulares de autorizaciones de comercializaci\u00f3n de medicamentos. Algunas inc\u00f3gnitas a\u00fan deben ser despejadas. Una de las m\u00e1s relevantes en opini\u00f3n de quien escribe estas l\u00edneas es conseguir bases de datos que sean verdaderamente funcionales. Debe abordarse la interoperabilidad, sin duda, pero tambi\u00e9n que el proceso de registro de los datos cuente con est\u00e1ndares de armonizaci\u00f3n y sea capaz de conjugar un buen modelo de calidad de datos con un sistema de gobernanza y dise\u00f1o \u00e9tico.<\/p>\n","protected":false},"excerpt":{"rendered":"<p>El pasado 15 de marzo el Parlamento Europeo y el Consejo llegaron a un acuerdo sobre el Espacio Europeo de Datos Sanitarios (EEDS). La fase final de las negociaciones requiri\u00f3 un esfuerzo \u00edmprobo por parte del legislador para alcanzar un compromiso en aspectos tales como qu\u00e9 posibilidades tendr\u00e1n los ciudadanos de no compartir sus datos&#8230; <\/p>\n<div class=\"clear\"><\/div>\n<p><a href=\"https:\/\/faus-moliner.com\/en\/el-eeds-despues-del-acuerdo-politico-y-ahora-que\/\" class=\"excerpt-read-more\">Read More<\/a><\/p>\n","protected":false},"author":1,"featured_media":0,"comment_status":"closed","ping_status":"closed","sticky":false,"template":"","format":"standard","meta":{"_acf_changed":false,"inline_featured_image":false,"footnotes":""},"categories":[499,71],"tags":[],"coauthors":[523,106],"class_list":["post-35695","post","type-post","status-publish","format-standard","hentry","category-el-global","category-publications"],"acf":[],"yoast_head":"<!-- This site is optimized with the Yoast SEO plugin v26.6 - https:\/\/yoast.com\/wordpress\/plugins\/seo\/ -->\n<title>El EEDS despu\u00e9s del acuerdo pol\u00edtico, \u00bfy ahora qu\u00e9? - Faus Moliner<\/title>\n<meta name=\"robots\" content=\"index, follow, max-snippet:-1, max-image-preview:large, max-video-preview:-1\" \/>\n<link rel=\"canonical\" href=\"https:\/\/faus-moliner.com\/en\/el-eeds-despues-del-acuerdo-politico-y-ahora-que\/\" \/>\n<meta property=\"og:locale\" content=\"en_US\" \/>\n<meta property=\"og:type\" content=\"article\" \/>\n<meta property=\"og:title\" content=\"El EEDS despu\u00e9s del acuerdo pol\u00edtico, \u00bfy ahora qu\u00e9? - Faus Moliner\" \/>\n<meta property=\"og:description\" content=\"El pasado 15 de marzo el Parlamento Europeo y el Consejo llegaron a un acuerdo sobre el Espacio Europeo de Datos Sanitarios (EEDS). La fase final de las negociaciones requiri\u00f3 un esfuerzo \u00edmprobo por parte del legislador para alcanzar un compromiso en aspectos tales como qu\u00e9 posibilidades tendr\u00e1n los ciudadanos de no compartir sus datos... Read More\" \/>\n<meta property=\"og:url\" content=\"https:\/\/faus-moliner.com\/en\/el-eeds-despues-del-acuerdo-politico-y-ahora-que\/\" \/>\n<meta property=\"og:site_name\" content=\"Faus Moliner\" \/>\n<meta property=\"article:published_time\" content=\"2024-04-22T08:04:56+00:00\" \/>\n<meta property=\"article:modified_time\" content=\"2024-04-22T08:08:21+00:00\" \/>\n<meta name=\"author\" content=\"Claudia Gonzalo, Faus Moliner\" \/>\n<meta name=\"twitter:card\" content=\"summary_large_image\" \/>\n<meta name=\"twitter:label1\" content=\"Written by\" \/>\n\t<meta name=\"twitter:data1\" content=\"Claudia Gonzalo, Faus Moliner\" \/>\n\t<meta name=\"twitter:label2\" content=\"Est. reading time\" \/>\n\t<meta name=\"twitter:data2\" content=\"3 minutes\" \/>\n<script type=\"application\/ld+json\" class=\"yoast-schema-graph\">{\"@context\":\"https:\/\/schema.org\",\"@graph\":[{\"@type\":\"Article\",\"@id\":\"https:\/\/faus-moliner.com\/en\/el-eeds-despues-del-acuerdo-politico-y-ahora-que\/#article\",\"isPartOf\":{\"@id\":\"https:\/\/faus-moliner.com\/en\/el-eeds-despues-del-acuerdo-politico-y-ahora-que\/\"},\"author\":{\"name\":\"Faus Moliner\",\"@id\":\"https:\/\/faus-moliner.com\/en\/#\/schema\/person\/b62ac2c67efed1b6f50872c1d6366f90\"},\"headline\":\"El EEDS despu\u00e9s del acuerdo pol\u00edtico, \u00bfy ahora qu\u00e9?\",\"datePublished\":\"2024-04-22T08:04:56+00:00\",\"dateModified\":\"2024-04-22T08:08:21+00:00\",\"mainEntityOfPage\":{\"@id\":\"https:\/\/faus-moliner.com\/en\/el-eeds-despues-del-acuerdo-politico-y-ahora-que\/\"},\"wordCount\":531,\"publisher\":{\"@id\":\"https:\/\/faus-moliner.com\/en\/#organization\"},\"articleSection\":[\"El Global\",\"Publications\"],\"inLanguage\":\"en-US\"},{\"@type\":\"WebPage\",\"@id\":\"https:\/\/faus-moliner.com\/en\/el-eeds-despues-del-acuerdo-politico-y-ahora-que\/\",\"url\":\"https:\/\/faus-moliner.com\/en\/el-eeds-despues-del-acuerdo-politico-y-ahora-que\/\",\"name\":\"El EEDS despu\u00e9s del acuerdo pol\u00edtico, \u00bfy ahora qu\u00e9? - Faus Moliner\",\"isPartOf\":{\"@id\":\"https:\/\/faus-moliner.com\/en\/#website\"},\"datePublished\":\"2024-04-22T08:04:56+00:00\",\"dateModified\":\"2024-04-22T08:08:21+00:00\",\"breadcrumb\":{\"@id\":\"https:\/\/faus-moliner.com\/en\/el-eeds-despues-del-acuerdo-politico-y-ahora-que\/#breadcrumb\"},\"inLanguage\":\"en-US\",\"potentialAction\":[{\"@type\":\"ReadAction\",\"target\":[\"https:\/\/faus-moliner.com\/en\/el-eeds-despues-del-acuerdo-politico-y-ahora-que\/\"]}]},{\"@type\":\"BreadcrumbList\",\"@id\":\"https:\/\/faus-moliner.com\/en\/el-eeds-despues-del-acuerdo-politico-y-ahora-que\/#breadcrumb\",\"itemListElement\":[{\"@type\":\"ListItem\",\"position\":1,\"name\":\"Portada\",\"item\":\"https:\/\/faus-moliner.com\/en\/\"},{\"@type\":\"ListItem\",\"position\":2,\"name\":\"El EEDS despu\u00e9s del acuerdo pol\u00edtico, \u00bfy ahora qu\u00e9?\"}]},{\"@type\":\"WebSite\",\"@id\":\"https:\/\/faus-moliner.com\/en\/#website\",\"url\":\"https:\/\/faus-moliner.com\/en\/\",\"name\":\"faus-moliner.com\",\"description\":\"Otro sitio realizado con WordPress\",\"publisher\":{\"@id\":\"https:\/\/faus-moliner.com\/en\/#organization\"},\"potentialAction\":[{\"@type\":\"SearchAction\",\"target\":{\"@type\":\"EntryPoint\",\"urlTemplate\":\"https:\/\/faus-moliner.com\/en\/?s={search_term_string}\"},\"query-input\":{\"@type\":\"PropertyValueSpecification\",\"valueRequired\":true,\"valueName\":\"search_term_string\"}}],\"inLanguage\":\"en-US\"},{\"@type\":\"Organization\",\"@id\":\"https:\/\/faus-moliner.com\/en\/#organization\",\"name\":\"Faus Moliner\",\"url\":\"https:\/\/faus-moliner.com\/en\/\",\"logo\":{\"@type\":\"ImageObject\",\"inLanguage\":\"en-US\",\"@id\":\"https:\/\/faus-moliner.com\/en\/#\/schema\/logo\/image\/\",\"url\":\"https:\/\/faus-moliner.com\/wp-content\/uploads\/2023\/03\/Logo-FM-web.jpg\",\"contentUrl\":\"https:\/\/faus-moliner.com\/wp-content\/uploads\/2023\/03\/Logo-FM-web.jpg\",\"width\":400,\"height\":283,\"caption\":\"Faus Moliner\"},\"image\":{\"@id\":\"https:\/\/faus-moliner.com\/en\/#\/schema\/logo\/image\/\"},\"sameAs\":[\"https:\/\/www.linkedin.com\/company\/2372042\/admin\/\"]},{\"@type\":\"Person\",\"@id\":\"https:\/\/faus-moliner.com\/en\/#\/schema\/person\/b62ac2c67efed1b6f50872c1d6366f90\",\"name\":\"Faus Moliner\",\"image\":{\"@type\":\"ImageObject\",\"inLanguage\":\"en-US\",\"@id\":\"https:\/\/faus-moliner.com\/en\/#\/schema\/person\/image\/88610ef99b0aa1c93ca33c569a053dac\",\"url\":\"https:\/\/secure.gravatar.com\/avatar\/be7b0f78e7edd64676ce7ea245b31f149a0cffff4b139c25ac02aaa676c19d67?s=96&d=mm&r=g\",\"contentUrl\":\"https:\/\/secure.gravatar.com\/avatar\/be7b0f78e7edd64676ce7ea245b31f149a0cffff4b139c25ac02aaa676c19d67?s=96&d=mm&r=g\",\"caption\":\"Faus Moliner\"},\"url\":\"https:\/\/faus-moliner.com\/en\/author\/moon\/\"}]}<\/script>\n<!-- \/ Yoast SEO plugin. -->","yoast_head_json":{"title":"El EEDS despu\u00e9s del acuerdo pol\u00edtico, \u00bfy ahora qu\u00e9? - Faus Moliner","robots":{"index":"index","follow":"follow","max-snippet":"max-snippet:-1","max-image-preview":"max-image-preview:large","max-video-preview":"max-video-preview:-1"},"canonical":"https:\/\/faus-moliner.com\/en\/el-eeds-despues-del-acuerdo-politico-y-ahora-que\/","og_locale":"en_US","og_type":"article","og_title":"El EEDS despu\u00e9s del acuerdo pol\u00edtico, \u00bfy ahora qu\u00e9? - Faus Moliner","og_description":"El pasado 15 de marzo el Parlamento Europeo y el Consejo llegaron a un acuerdo sobre el Espacio Europeo de Datos Sanitarios (EEDS). La fase final de las negociaciones requiri\u00f3 un esfuerzo \u00edmprobo por parte del legislador para alcanzar un compromiso en aspectos tales como qu\u00e9 posibilidades tendr\u00e1n los ciudadanos de no compartir sus datos... Read More","og_url":"https:\/\/faus-moliner.com\/en\/el-eeds-despues-del-acuerdo-politico-y-ahora-que\/","og_site_name":"Faus Moliner","article_published_time":"2024-04-22T08:04:56+00:00","article_modified_time":"2024-04-22T08:08:21+00:00","author":"Claudia Gonzalo, Faus Moliner","twitter_card":"summary_large_image","twitter_misc":{"Written by":"Claudia Gonzalo, Faus Moliner","Est. reading time":"3 minutes"},"schema":{"@context":"https:\/\/schema.org","@graph":[{"@type":"Article","@id":"https:\/\/faus-moliner.com\/en\/el-eeds-despues-del-acuerdo-politico-y-ahora-que\/#article","isPartOf":{"@id":"https:\/\/faus-moliner.com\/en\/el-eeds-despues-del-acuerdo-politico-y-ahora-que\/"},"author":{"name":"Faus Moliner","@id":"https:\/\/faus-moliner.com\/en\/#\/schema\/person\/b62ac2c67efed1b6f50872c1d6366f90"},"headline":"El EEDS despu\u00e9s del acuerdo pol\u00edtico, \u00bfy ahora qu\u00e9?","datePublished":"2024-04-22T08:04:56+00:00","dateModified":"2024-04-22T08:08:21+00:00","mainEntityOfPage":{"@id":"https:\/\/faus-moliner.com\/en\/el-eeds-despues-del-acuerdo-politico-y-ahora-que\/"},"wordCount":531,"publisher":{"@id":"https:\/\/faus-moliner.com\/en\/#organization"},"articleSection":["El Global","Publications"],"inLanguage":"en-US"},{"@type":"WebPage","@id":"https:\/\/faus-moliner.com\/en\/el-eeds-despues-del-acuerdo-politico-y-ahora-que\/","url":"https:\/\/faus-moliner.com\/en\/el-eeds-despues-del-acuerdo-politico-y-ahora-que\/","name":"El EEDS despu\u00e9s del acuerdo pol\u00edtico, \u00bfy ahora qu\u00e9? - Faus Moliner","isPartOf":{"@id":"https:\/\/faus-moliner.com\/en\/#website"},"datePublished":"2024-04-22T08:04:56+00:00","dateModified":"2024-04-22T08:08:21+00:00","breadcrumb":{"@id":"https:\/\/faus-moliner.com\/en\/el-eeds-despues-del-acuerdo-politico-y-ahora-que\/#breadcrumb"},"inLanguage":"en-US","potentialAction":[{"@type":"ReadAction","target":["https:\/\/faus-moliner.com\/en\/el-eeds-despues-del-acuerdo-politico-y-ahora-que\/"]}]},{"@type":"BreadcrumbList","@id":"https:\/\/faus-moliner.com\/en\/el-eeds-despues-del-acuerdo-politico-y-ahora-que\/#breadcrumb","itemListElement":[{"@type":"ListItem","position":1,"name":"Portada","item":"https:\/\/faus-moliner.com\/en\/"},{"@type":"ListItem","position":2,"name":"El EEDS despu\u00e9s del acuerdo pol\u00edtico, \u00bfy ahora qu\u00e9?"}]},{"@type":"WebSite","@id":"https:\/\/faus-moliner.com\/en\/#website","url":"https:\/\/faus-moliner.com\/en\/","name":"faus-moliner.com","description":"Otro sitio realizado con WordPress","publisher":{"@id":"https:\/\/faus-moliner.com\/en\/#organization"},"potentialAction":[{"@type":"SearchAction","target":{"@type":"EntryPoint","urlTemplate":"https:\/\/faus-moliner.com\/en\/?s={search_term_string}"},"query-input":{"@type":"PropertyValueSpecification","valueRequired":true,"valueName":"search_term_string"}}],"inLanguage":"en-US"},{"@type":"Organization","@id":"https:\/\/faus-moliner.com\/en\/#organization","name":"Faus Moliner","url":"https:\/\/faus-moliner.com\/en\/","logo":{"@type":"ImageObject","inLanguage":"en-US","@id":"https:\/\/faus-moliner.com\/en\/#\/schema\/logo\/image\/","url":"https:\/\/faus-moliner.com\/wp-content\/uploads\/2023\/03\/Logo-FM-web.jpg","contentUrl":"https:\/\/faus-moliner.com\/wp-content\/uploads\/2023\/03\/Logo-FM-web.jpg","width":400,"height":283,"caption":"Faus Moliner"},"image":{"@id":"https:\/\/faus-moliner.com\/en\/#\/schema\/logo\/image\/"},"sameAs":["https:\/\/www.linkedin.com\/company\/2372042\/admin\/"]},{"@type":"Person","@id":"https:\/\/faus-moliner.com\/en\/#\/schema\/person\/b62ac2c67efed1b6f50872c1d6366f90","name":"Faus Moliner","image":{"@type":"ImageObject","inLanguage":"en-US","@id":"https:\/\/faus-moliner.com\/en\/#\/schema\/person\/image\/88610ef99b0aa1c93ca33c569a053dac","url":"https:\/\/secure.gravatar.com\/avatar\/be7b0f78e7edd64676ce7ea245b31f149a0cffff4b139c25ac02aaa676c19d67?s=96&d=mm&r=g","contentUrl":"https:\/\/secure.gravatar.com\/avatar\/be7b0f78e7edd64676ce7ea245b31f149a0cffff4b139c25ac02aaa676c19d67?s=96&d=mm&r=g","caption":"Faus Moliner"},"url":"https:\/\/faus-moliner.com\/en\/author\/moon\/"}]}},"_links":{"self":[{"href":"https:\/\/faus-moliner.com\/en\/wp-json\/wp\/v2\/posts\/35695","targetHints":{"allow":["GET"]}}],"collection":[{"href":"https:\/\/faus-moliner.com\/en\/wp-json\/wp\/v2\/posts"}],"about":[{"href":"https:\/\/faus-moliner.com\/en\/wp-json\/wp\/v2\/types\/post"}],"author":[{"embeddable":true,"href":"https:\/\/faus-moliner.com\/en\/wp-json\/wp\/v2\/users\/1"}],"replies":[{"embeddable":true,"href":"https:\/\/faus-moliner.com\/en\/wp-json\/wp\/v2\/comments?post=35695"}],"version-history":[{"count":1,"href":"https:\/\/faus-moliner.com\/en\/wp-json\/wp\/v2\/posts\/35695\/revisions"}],"predecessor-version":[{"id":35697,"href":"https:\/\/faus-moliner.com\/en\/wp-json\/wp\/v2\/posts\/35695\/revisions\/35697"}],"wp:attachment":[{"href":"https:\/\/faus-moliner.com\/en\/wp-json\/wp\/v2\/media?parent=35695"}],"wp:term":[{"taxonomy":"category","embeddable":true,"href":"https:\/\/faus-moliner.com\/en\/wp-json\/wp\/v2\/categories?post=35695"},{"taxonomy":"post_tag","embeddable":true,"href":"https:\/\/faus-moliner.com\/en\/wp-json\/wp\/v2\/tags?post=35695"},{"taxonomy":"author","embeddable":true,"href":"https:\/\/faus-moliner.com\/en\/wp-json\/wp\/v2\/coauthors?post=35695"}],"curies":[{"name":"wp","href":"https:\/\/api.w.org\/{rel}","templated":true}]}}