{"id":36850,"date":"2024-10-07T11:07:49","date_gmt":"2024-10-07T10:07:49","guid":{"rendered":"https:\/\/faus-moliner.com\/la-formula-magistral-la-cobertura-legal-del-cannabis-medicinal\/"},"modified":"2024-12-05T17:24:06","modified_gmt":"2024-12-05T16:24:06","slug":"la-formula-magistral-la-cobertura-legal-del-cannabis-medicinal","status":"publish","type":"post","link":"https:\/\/faus-moliner.com\/en\/la-formula-magistral-la-cobertura-legal-del-cannabis-medicinal\/","title":{"rendered":"La f\u00f3rmula magistral: la cobertura legal del cannabis medicinal"},"content":{"rendered":"\n<p>La legalizaci\u00f3n del cannabis medicinal en Espa\u00f1a est\u00e1 m\u00e1s cerca que nunca. En los \u00faltimos a\u00f1os, varios pa\u00edses europeos han avanzado en la regulaci\u00f3n del uso terap\u00e9utico de esta planta, respondiendo a una demanda social creciente. El cannabis y sus derivados, como aceites de CBD y cremas, han sido empleados de manera extendida con fines m\u00e9dicos, especialmente para aliviar el dolor. Sin embargo, hasta este a\u00f1o, Espa\u00f1a no hab\u00eda establecido un marco regulador claro que definiera los usos permitidos, las presentaciones autorizadas y los puntos de distribuci\u00f3n.<\/p>\n\n\n\n<p>El 30 de septiembre, el Ministerio de Sanidad present\u00f3 para audiencia p\u00fablica el proyecto de real decreto que regula la elaboraci\u00f3n y dispensaci\u00f3n de preparados de cannabis en f\u00f3rmulas magistrales. Este tipo de medicamentos, dise\u00f1ados espec\u00edficamente para un paciente bajo prescripci\u00f3n m\u00e9dica, ser\u00e1n la \u00fanica presentaci\u00f3n legal permitida. Se descartan, por tanto, otras formas de consumo m\u00e1s abiertas, como el uso directo de flores o hojas de la planta, una demanda de ciertos sectores de la poblaci\u00f3n. Para que estas f\u00f3rmulas sean legales, la AEMPS deber\u00e1 publicar, en el Formulario Nacional, las monograf\u00edas con las formulaciones aceptadas y las indicaciones m\u00e9dicas correspondientes.<\/p>\n\n\n\n<p>     Solo podr\u00e1n acceder a estos preparados los pacientes que sufran espasticidad por esclerosis m\u00faltiple, epilepsia refractaria grave, n\u00e1useas y v\u00f3mitos asociados a quimioterapia, o dolor cr\u00f3nico refractario. El proyecto de real decreto refleja la preocupaci\u00f3n de las autoridades sobre los riesgos del cannabis, reconocido como psicotr\u00f3pico bajo el Convenio sobre Sustancias Psicotr\u00f3picas de 1971. Gran parte de las medidas propuestas buscan evitar el uso il\u00edcito de los derivados de esta planta. Por ello, la distribuci\u00f3n estar\u00e1 restringida a los servicios de farmacia hospitalaria, dejando fuera a las oficinas de farmacias. Adem\u00e1s, cualquier preparado que supere el 0,2 por ciento de THC ser\u00e1 considerado psicotr\u00f3pico, con las restricciones adicionales que esto implica.<\/p>\n\n\n\n<p>Uno de los puntos m\u00e1s controvertidos del proyecto es la situaci\u00f3n de los aceites de CBD, muy populares en el mercado por sus propiedades analg\u00e9sicas y ansiol\u00edticas. Seg\u00fan la nueva normativa, estos productos deber\u00edan ser considerados \u201cpreparados estandarizados de cannabis\u201d debido a su contenido en cannabinoides y, por lo tanto, requerir\u00edan ser registrados en la AEMPS para su uso en f\u00f3rmulas magistrales, por lo que no podr\u00edan seguir comercializ\u00e1ndose como lo han hecho hasta la fecha.<\/p>\n\n\n\n<p>A pesar de los avances, la propuesta ha generado cr\u00edticas, especialmente por todo aquello que se ha excluido de la regulaci\u00f3n. Por ello, es importante que los ciudadanos y los actores afectados participen en el proceso de alegaciones. Es un derecho fundamental, pero tambi\u00e9n un deber, intervenir en la creaci\u00f3n de normativas que afectan a la sociedad.<\/p>\n","protected":false},"excerpt":{"rendered":"<p>La legalizaci\u00f3n del cannabis medicinal en Espa\u00f1a est\u00e1 m\u00e1s cerca que nunca. En los \u00faltimos a\u00f1os, varios pa\u00edses europeos han avanzado en la regulaci\u00f3n del uso terap\u00e9utico de esta planta, respondiendo a una demanda social creciente. El cannabis y sus derivados, como aceites de CBD y cremas, han sido empleados de manera extendida con fines&#8230; <\/p>\n<div class=\"clear\"><\/div>\n<p><a href=\"https:\/\/faus-moliner.com\/en\/la-formula-magistral-la-cobertura-legal-del-cannabis-medicinal\/\" class=\"excerpt-read-more\">Read More<\/a><\/p>\n","protected":false},"author":1,"featured_media":0,"comment_status":"closed","ping_status":"closed","sticky":false,"template":"","format":"standard","meta":{"_acf_changed":false,"inline_featured_image":false,"footnotes":""},"categories":[499,71],"tags":[],"coauthors":[106,519,527],"class_list":["post-36850","post","type-post","status-publish","format-standard","hentry","category-el-global","category-publications"],"acf":[],"yoast_head":"<!-- This site is optimized with the Yoast SEO plugin v26.6 - https:\/\/yoast.com\/wordpress\/plugins\/seo\/ -->\n<title>La f\u00f3rmula magistral: la cobertura legal del cannabis medicinal - Faus Moliner<\/title>\n<meta name=\"robots\" content=\"index, follow, max-snippet:-1, max-image-preview:large, max-video-preview:-1\" \/>\n<link rel=\"canonical\" href=\"https:\/\/faus-moliner.com\/en\/la-formula-magistral-la-cobertura-legal-del-cannabis-medicinal\/\" \/>\n<meta property=\"og:locale\" content=\"en_US\" \/>\n<meta property=\"og:type\" content=\"article\" \/>\n<meta property=\"og:title\" content=\"La f\u00f3rmula magistral: la cobertura legal del cannabis medicinal - Faus Moliner\" \/>\n<meta property=\"og:description\" content=\"La legalizaci\u00f3n del cannabis medicinal en Espa\u00f1a est\u00e1 m\u00e1s cerca que nunca. En los \u00faltimos a\u00f1os, varios pa\u00edses europeos han avanzado en la regulaci\u00f3n del uso terap\u00e9utico de esta planta, respondiendo a una demanda social creciente. El cannabis y sus derivados, como aceites de CBD y cremas, han sido empleados de manera extendida con fines... Read More\" \/>\n<meta property=\"og:url\" content=\"https:\/\/faus-moliner.com\/en\/la-formula-magistral-la-cobertura-legal-del-cannabis-medicinal\/\" \/>\n<meta property=\"og:site_name\" content=\"Faus Moliner\" \/>\n<meta property=\"article:published_time\" content=\"2024-10-07T10:07:49+00:00\" \/>\n<meta property=\"article:modified_time\" content=\"2024-12-05T16:24:06+00:00\" \/>\n<meta name=\"author\" content=\"Faus Moliner, Anna Gerboles, Laia Rull\" \/>\n<meta name=\"twitter:card\" content=\"summary_large_image\" \/>\n<meta name=\"twitter:label1\" content=\"Written by\" \/>\n\t<meta name=\"twitter:data1\" content=\"Faus Moliner, Anna Gerboles, Laia Rull\" \/>\n\t<meta name=\"twitter:label2\" content=\"Est. reading time\" \/>\n\t<meta name=\"twitter:data2\" content=\"2 minutes\" \/>\n<script type=\"application\/ld+json\" class=\"yoast-schema-graph\">{\"@context\":\"https:\/\/schema.org\",\"@graph\":[{\"@type\":\"Article\",\"@id\":\"https:\/\/faus-moliner.com\/en\/la-formula-magistral-la-cobertura-legal-del-cannabis-medicinal\/#article\",\"isPartOf\":{\"@id\":\"https:\/\/faus-moliner.com\/en\/la-formula-magistral-la-cobertura-legal-del-cannabis-medicinal\/\"},\"author\":{\"name\":\"Faus Moliner\",\"@id\":\"https:\/\/faus-moliner.com\/en\/#\/schema\/person\/b62ac2c67efed1b6f50872c1d6366f90\"},\"headline\":\"La f\u00f3rmula magistral: la cobertura legal del cannabis medicinal\",\"datePublished\":\"2024-10-07T10:07:49+00:00\",\"dateModified\":\"2024-12-05T16:24:06+00:00\",\"mainEntityOfPage\":{\"@id\":\"https:\/\/faus-moliner.com\/en\/la-formula-magistral-la-cobertura-legal-del-cannabis-medicinal\/\"},\"wordCount\":493,\"publisher\":{\"@id\":\"https:\/\/faus-moliner.com\/en\/#organization\"},\"articleSection\":[\"El Global\",\"Publications\"],\"inLanguage\":\"en-US\"},{\"@type\":\"WebPage\",\"@id\":\"https:\/\/faus-moliner.com\/en\/la-formula-magistral-la-cobertura-legal-del-cannabis-medicinal\/\",\"url\":\"https:\/\/faus-moliner.com\/en\/la-formula-magistral-la-cobertura-legal-del-cannabis-medicinal\/\",\"name\":\"La f\u00f3rmula magistral: la cobertura legal del cannabis medicinal - Faus Moliner\",\"isPartOf\":{\"@id\":\"https:\/\/faus-moliner.com\/en\/#website\"},\"datePublished\":\"2024-10-07T10:07:49+00:00\",\"dateModified\":\"2024-12-05T16:24:06+00:00\",\"breadcrumb\":{\"@id\":\"https:\/\/faus-moliner.com\/en\/la-formula-magistral-la-cobertura-legal-del-cannabis-medicinal\/#breadcrumb\"},\"inLanguage\":\"en-US\",\"potentialAction\":[{\"@type\":\"ReadAction\",\"target\":[\"https:\/\/faus-moliner.com\/en\/la-formula-magistral-la-cobertura-legal-del-cannabis-medicinal\/\"]}]},{\"@type\":\"BreadcrumbList\",\"@id\":\"https:\/\/faus-moliner.com\/en\/la-formula-magistral-la-cobertura-legal-del-cannabis-medicinal\/#breadcrumb\",\"itemListElement\":[{\"@type\":\"ListItem\",\"position\":1,\"name\":\"Portada\",\"item\":\"https:\/\/faus-moliner.com\/en\/\"},{\"@type\":\"ListItem\",\"position\":2,\"name\":\"La f\u00f3rmula magistral: la cobertura legal del cannabis medicinal\"}]},{\"@type\":\"WebSite\",\"@id\":\"https:\/\/faus-moliner.com\/en\/#website\",\"url\":\"https:\/\/faus-moliner.com\/en\/\",\"name\":\"faus-moliner.com\",\"description\":\"Otro sitio realizado con WordPress\",\"publisher\":{\"@id\":\"https:\/\/faus-moliner.com\/en\/#organization\"},\"potentialAction\":[{\"@type\":\"SearchAction\",\"target\":{\"@type\":\"EntryPoint\",\"urlTemplate\":\"https:\/\/faus-moliner.com\/en\/?s={search_term_string}\"},\"query-input\":{\"@type\":\"PropertyValueSpecification\",\"valueRequired\":true,\"valueName\":\"search_term_string\"}}],\"inLanguage\":\"en-US\"},{\"@type\":\"Organization\",\"@id\":\"https:\/\/faus-moliner.com\/en\/#organization\",\"name\":\"Faus Moliner\",\"url\":\"https:\/\/faus-moliner.com\/en\/\",\"logo\":{\"@type\":\"ImageObject\",\"inLanguage\":\"en-US\",\"@id\":\"https:\/\/faus-moliner.com\/en\/#\/schema\/logo\/image\/\",\"url\":\"https:\/\/faus-moliner.com\/wp-content\/uploads\/2023\/03\/Logo-FM-web.jpg\",\"contentUrl\":\"https:\/\/faus-moliner.com\/wp-content\/uploads\/2023\/03\/Logo-FM-web.jpg\",\"width\":400,\"height\":283,\"caption\":\"Faus Moliner\"},\"image\":{\"@id\":\"https:\/\/faus-moliner.com\/en\/#\/schema\/logo\/image\/\"},\"sameAs\":[\"https:\/\/www.linkedin.com\/company\/2372042\/admin\/\"]},{\"@type\":\"Person\",\"@id\":\"https:\/\/faus-moliner.com\/en\/#\/schema\/person\/b62ac2c67efed1b6f50872c1d6366f90\",\"name\":\"Faus Moliner\",\"image\":{\"@type\":\"ImageObject\",\"inLanguage\":\"en-US\",\"@id\":\"https:\/\/faus-moliner.com\/en\/#\/schema\/person\/image\/88610ef99b0aa1c93ca33c569a053dac\",\"url\":\"https:\/\/secure.gravatar.com\/avatar\/be7b0f78e7edd64676ce7ea245b31f149a0cffff4b139c25ac02aaa676c19d67?s=96&d=mm&r=g\",\"contentUrl\":\"https:\/\/secure.gravatar.com\/avatar\/be7b0f78e7edd64676ce7ea245b31f149a0cffff4b139c25ac02aaa676c19d67?s=96&d=mm&r=g\",\"caption\":\"Faus Moliner\"},\"url\":\"https:\/\/faus-moliner.com\/en\/author\/moon\/\"}]}<\/script>\n<!-- \/ Yoast SEO plugin. -->","yoast_head_json":{"title":"La f\u00f3rmula magistral: la cobertura legal del cannabis medicinal - Faus Moliner","robots":{"index":"index","follow":"follow","max-snippet":"max-snippet:-1","max-image-preview":"max-image-preview:large","max-video-preview":"max-video-preview:-1"},"canonical":"https:\/\/faus-moliner.com\/en\/la-formula-magistral-la-cobertura-legal-del-cannabis-medicinal\/","og_locale":"en_US","og_type":"article","og_title":"La f\u00f3rmula magistral: la cobertura legal del cannabis medicinal - Faus Moliner","og_description":"La legalizaci\u00f3n del cannabis medicinal en Espa\u00f1a est\u00e1 m\u00e1s cerca que nunca. En los \u00faltimos a\u00f1os, varios pa\u00edses europeos han avanzado en la regulaci\u00f3n del uso terap\u00e9utico de esta planta, respondiendo a una demanda social creciente. El cannabis y sus derivados, como aceites de CBD y cremas, han sido empleados de manera extendida con fines... Read More","og_url":"https:\/\/faus-moliner.com\/en\/la-formula-magistral-la-cobertura-legal-del-cannabis-medicinal\/","og_site_name":"Faus Moliner","article_published_time":"2024-10-07T10:07:49+00:00","article_modified_time":"2024-12-05T16:24:06+00:00","author":"Faus Moliner, Anna Gerboles, Laia Rull","twitter_card":"summary_large_image","twitter_misc":{"Written by":"Faus Moliner, Anna Gerboles, Laia Rull","Est. reading time":"2 minutes"},"schema":{"@context":"https:\/\/schema.org","@graph":[{"@type":"Article","@id":"https:\/\/faus-moliner.com\/en\/la-formula-magistral-la-cobertura-legal-del-cannabis-medicinal\/#article","isPartOf":{"@id":"https:\/\/faus-moliner.com\/en\/la-formula-magistral-la-cobertura-legal-del-cannabis-medicinal\/"},"author":{"name":"Faus Moliner","@id":"https:\/\/faus-moliner.com\/en\/#\/schema\/person\/b62ac2c67efed1b6f50872c1d6366f90"},"headline":"La f\u00f3rmula magistral: la cobertura legal del cannabis medicinal","datePublished":"2024-10-07T10:07:49+00:00","dateModified":"2024-12-05T16:24:06+00:00","mainEntityOfPage":{"@id":"https:\/\/faus-moliner.com\/en\/la-formula-magistral-la-cobertura-legal-del-cannabis-medicinal\/"},"wordCount":493,"publisher":{"@id":"https:\/\/faus-moliner.com\/en\/#organization"},"articleSection":["El Global","Publications"],"inLanguage":"en-US"},{"@type":"WebPage","@id":"https:\/\/faus-moliner.com\/en\/la-formula-magistral-la-cobertura-legal-del-cannabis-medicinal\/","url":"https:\/\/faus-moliner.com\/en\/la-formula-magistral-la-cobertura-legal-del-cannabis-medicinal\/","name":"La f\u00f3rmula magistral: la cobertura legal del cannabis medicinal - Faus Moliner","isPartOf":{"@id":"https:\/\/faus-moliner.com\/en\/#website"},"datePublished":"2024-10-07T10:07:49+00:00","dateModified":"2024-12-05T16:24:06+00:00","breadcrumb":{"@id":"https:\/\/faus-moliner.com\/en\/la-formula-magistral-la-cobertura-legal-del-cannabis-medicinal\/#breadcrumb"},"inLanguage":"en-US","potentialAction":[{"@type":"ReadAction","target":["https:\/\/faus-moliner.com\/en\/la-formula-magistral-la-cobertura-legal-del-cannabis-medicinal\/"]}]},{"@type":"BreadcrumbList","@id":"https:\/\/faus-moliner.com\/en\/la-formula-magistral-la-cobertura-legal-del-cannabis-medicinal\/#breadcrumb","itemListElement":[{"@type":"ListItem","position":1,"name":"Portada","item":"https:\/\/faus-moliner.com\/en\/"},{"@type":"ListItem","position":2,"name":"La f\u00f3rmula magistral: la cobertura legal del cannabis medicinal"}]},{"@type":"WebSite","@id":"https:\/\/faus-moliner.com\/en\/#website","url":"https:\/\/faus-moliner.com\/en\/","name":"faus-moliner.com","description":"Otro sitio realizado con WordPress","publisher":{"@id":"https:\/\/faus-moliner.com\/en\/#organization"},"potentialAction":[{"@type":"SearchAction","target":{"@type":"EntryPoint","urlTemplate":"https:\/\/faus-moliner.com\/en\/?s={search_term_string}"},"query-input":{"@type":"PropertyValueSpecification","valueRequired":true,"valueName":"search_term_string"}}],"inLanguage":"en-US"},{"@type":"Organization","@id":"https:\/\/faus-moliner.com\/en\/#organization","name":"Faus Moliner","url":"https:\/\/faus-moliner.com\/en\/","logo":{"@type":"ImageObject","inLanguage":"en-US","@id":"https:\/\/faus-moliner.com\/en\/#\/schema\/logo\/image\/","url":"https:\/\/faus-moliner.com\/wp-content\/uploads\/2023\/03\/Logo-FM-web.jpg","contentUrl":"https:\/\/faus-moliner.com\/wp-content\/uploads\/2023\/03\/Logo-FM-web.jpg","width":400,"height":283,"caption":"Faus Moliner"},"image":{"@id":"https:\/\/faus-moliner.com\/en\/#\/schema\/logo\/image\/"},"sameAs":["https:\/\/www.linkedin.com\/company\/2372042\/admin\/"]},{"@type":"Person","@id":"https:\/\/faus-moliner.com\/en\/#\/schema\/person\/b62ac2c67efed1b6f50872c1d6366f90","name":"Faus Moliner","image":{"@type":"ImageObject","inLanguage":"en-US","@id":"https:\/\/faus-moliner.com\/en\/#\/schema\/person\/image\/88610ef99b0aa1c93ca33c569a053dac","url":"https:\/\/secure.gravatar.com\/avatar\/be7b0f78e7edd64676ce7ea245b31f149a0cffff4b139c25ac02aaa676c19d67?s=96&d=mm&r=g","contentUrl":"https:\/\/secure.gravatar.com\/avatar\/be7b0f78e7edd64676ce7ea245b31f149a0cffff4b139c25ac02aaa676c19d67?s=96&d=mm&r=g","caption":"Faus Moliner"},"url":"https:\/\/faus-moliner.com\/en\/author\/moon\/"}]}},"_links":{"self":[{"href":"https:\/\/faus-moliner.com\/en\/wp-json\/wp\/v2\/posts\/36850","targetHints":{"allow":["GET"]}}],"collection":[{"href":"https:\/\/faus-moliner.com\/en\/wp-json\/wp\/v2\/posts"}],"about":[{"href":"https:\/\/faus-moliner.com\/en\/wp-json\/wp\/v2\/types\/post"}],"author":[{"embeddable":true,"href":"https:\/\/faus-moliner.com\/en\/wp-json\/wp\/v2\/users\/1"}],"replies":[{"embeddable":true,"href":"https:\/\/faus-moliner.com\/en\/wp-json\/wp\/v2\/comments?post=36850"}],"version-history":[{"count":1,"href":"https:\/\/faus-moliner.com\/en\/wp-json\/wp\/v2\/posts\/36850\/revisions"}],"predecessor-version":[{"id":36851,"href":"https:\/\/faus-moliner.com\/en\/wp-json\/wp\/v2\/posts\/36850\/revisions\/36851"}],"wp:attachment":[{"href":"https:\/\/faus-moliner.com\/en\/wp-json\/wp\/v2\/media?parent=36850"}],"wp:term":[{"taxonomy":"category","embeddable":true,"href":"https:\/\/faus-moliner.com\/en\/wp-json\/wp\/v2\/categories?post=36850"},{"taxonomy":"post_tag","embeddable":true,"href":"https:\/\/faus-moliner.com\/en\/wp-json\/wp\/v2\/tags?post=36850"},{"taxonomy":"author","embeddable":true,"href":"https:\/\/faus-moliner.com\/en\/wp-json\/wp\/v2\/coauthors?post=36850"}],"curies":[{"name":"wp","href":"https:\/\/api.w.org\/{rel}","templated":true}]}}