{"id":40545,"date":"2026-04-27T10:05:08","date_gmt":"2026-04-27T09:05:08","guid":{"rendered":"https:\/\/faus-moliner.com\/institucionalizar-la-voz-del-paciente-no-es-un-tramite-administrativo\/"},"modified":"2026-04-27T10:08:32","modified_gmt":"2026-04-27T09:08:32","slug":"institucionalizar-la-voz-del-paciente-no-es-un-tramite-administrativo","status":"publish","type":"post","link":"https:\/\/faus-moliner.com\/en\/institucionalizar-la-voz-del-paciente-no-es-un-tramite-administrativo\/","title":{"rendered":"Institucionalizar la voz del paciente no es un tr\u00e1mite administrativo"},"content":{"rendered":"\n<p>La Orden Ministerial de 16 de abril de 2026, que crea la Mesa para la Participaci\u00f3n de los Pacientes, marca un punto de inflexi\u00f3n en la gobernanza sanitaria. No solo anticipa un espacio formal para canalizar la voz de los pacientes, antes incluso de la aprobaci\u00f3n definitiva de la Ley de Organizaciones de Pacientes, que justamente preve\u00eda la creaci\u00f3n de la mesa. Tambi\u00e9n institucionaliza en estructura cada vez m\u00e1s estable lo que durante a\u00f1os ha sido un ejercicio voluntario, fragmentado y dependiente de la buena voluntad de cada administraci\u00f3n.<\/p>\n\n\n\n<p>La Mesa nace con objetivos concretos: favorecer la formaci\u00f3n de las organizaciones de pacientes, promover su participaci\u00f3n en \u00f3rganos consultivos y de decisi\u00f3n, impulsar pr\u00e1cticas de transparencia y buen gobierno y, en definitiva, articular un canal estable para trasladar sus prioridades al Ministerio de Sanidad. Es decir, no se trata solo de escuchar, sino de sentar la estructura para que esa escucha tenga respaldo normativo.<\/p>\n\n\n\n<p>Para la Administraci\u00f3n y para las asociaciones, la lectura es clara: la participaci\u00f3n del paciente deja de depender de invitaciones puntuales y pasa a integrarse en un \u00f3rgano con funciones concretas y capacidad real de interlocuci\u00f3n. Pero este movimiento tambi\u00e9n tiene implicaciones relevantes para la industria farmac\u00e9utica, que desde hace a\u00f1os mantiene una relaci\u00f3n creciente \u2014y regulada por los c\u00f3digos de autorregulaci\u00f3n\u2014 con las organizaciones de pacientes. Los laboratorios colaboran con ellas para comprender mejor el patient journey, identificar barreras de diagn\u00f3stico, dise\u00f1ar campa\u00f1as de concienciaci\u00f3n o, en definitiva, entender las necesidades de los pacientes.<\/p>\n\n\n\n<p>Sin embargo, hasta ahora, esa interacci\u00f3n conviv\u00eda con una paradoja: la voz del paciente era esencial para la industria, pero no estaba plenamente institucionalizada en el \u00e1mbito regulatorio. La creaci\u00f3n de la Mesa corrige esa asimetr\u00eda. Por primera vez, existe un foro estable, reconocido y con funciones definidas para que las asociaciones participen en la elaboraci\u00f3n de pol\u00edticas, estrategias y normas que afectan directamente a los pacientes.<\/p>\n\n\n\n<p>Para la industria, esto supone varias oportunidades. En primer lugar, permite alinear sus iniciativas de colaboraci\u00f3n con las prioridades que los propios pacientes expresen en un espacio oficial. En segundo lugar, anticipa un entorno regulatorio donde la perspectiva del paciente ser\u00e1 cada vez m\u00e1s determinante, especialmente en la evaluaci\u00f3n de tecnolog\u00edas sanitarias, la definici\u00f3n del beneficio cl\u00ednico incremental o la financiaci\u00f3n de medicamentos, tal y como recoge el anteproyecto de nueva Ley de Medicamentos y Productos Sanitarios.<\/p>\n\n\n\n<p>La voluntad del actual gobierno parece clara: la institucionalizaci\u00f3n de la voz del paciente no es un tr\u00e1mite administrativo, sino un cambio de reglas del juego. La Mesa abre un canal estable y leg\u00edtimo. Ahora corresponde a todos \u2014Administraci\u00f3n, asociaciones e industria\u2014 decidir si lo utilizan para mejorar el sistema o si lo dejan en un gesto simb\u00f3lico.<\/p>\n","protected":false},"excerpt":{"rendered":"<p>La Orden Ministerial de 16 de abril de 2026, que crea la Mesa para la Participaci\u00f3n de los Pacientes, marca un punto de inflexi\u00f3n en la gobernanza sanitaria. No solo anticipa un espacio formal para canalizar la voz de los pacientes, antes incluso de la aprobaci\u00f3n definitiva de la Ley de Organizaciones de Pacientes, que&#8230; <\/p>\n<div class=\"clear\"><\/div>\n<p><a href=\"https:\/\/faus-moliner.com\/en\/institucionalizar-la-voz-del-paciente-no-es-un-tramite-administrativo\/\" class=\"excerpt-read-more\">Read More<\/a><\/p>\n","protected":false},"author":1,"featured_media":0,"comment_status":"closed","ping_status":"closed","sticky":false,"template":"","format":"standard","meta":{"_acf_changed":false,"inline_featured_image":false,"footnotes":""},"categories":[499,71],"tags":[],"coauthors":[106,519],"class_list":["post-40545","post","type-post","status-publish","format-standard","hentry","category-el-global","category-publications"],"acf":[],"yoast_head":"<!-- This site is optimized with the Yoast SEO plugin v26.6 - https:\/\/yoast.com\/wordpress\/plugins\/seo\/ -->\n<title>Institucionalizar la voz del paciente no es un tr\u00e1mite administrativo - Faus Moliner<\/title>\n<meta name=\"robots\" content=\"index, follow, max-snippet:-1, max-image-preview:large, max-video-preview:-1\" \/>\n<link rel=\"canonical\" href=\"https:\/\/faus-moliner.com\/en\/institucionalizar-la-voz-del-paciente-no-es-un-tramite-administrativo\/\" \/>\n<meta property=\"og:locale\" content=\"en_US\" \/>\n<meta property=\"og:type\" content=\"article\" \/>\n<meta property=\"og:title\" content=\"Institucionalizar la voz del paciente no es un tr\u00e1mite administrativo - Faus Moliner\" \/>\n<meta property=\"og:description\" content=\"La Orden Ministerial de 16 de abril de 2026, que crea la Mesa para la Participaci\u00f3n de los Pacientes, marca un punto de inflexi\u00f3n en la gobernanza sanitaria. No solo anticipa un espacio formal para canalizar la voz de los pacientes, antes incluso de la aprobaci\u00f3n definitiva de la Ley de Organizaciones de Pacientes, que... Read More\" \/>\n<meta property=\"og:url\" content=\"https:\/\/faus-moliner.com\/en\/institucionalizar-la-voz-del-paciente-no-es-un-tramite-administrativo\/\" \/>\n<meta property=\"og:site_name\" content=\"Faus Moliner\" \/>\n<meta property=\"article:published_time\" content=\"2026-04-27T09:05:08+00:00\" \/>\n<meta property=\"article:modified_time\" content=\"2026-04-27T09:08:32+00:00\" \/>\n<meta name=\"author\" content=\"Faus Moliner, Anna Gerboles\" \/>\n<meta name=\"twitter:card\" content=\"summary_large_image\" \/>\n<meta name=\"twitter:label1\" content=\"Written by\" \/>\n\t<meta name=\"twitter:data1\" content=\"Faus Moliner, Anna Gerboles\" \/>\n\t<meta name=\"twitter:label2\" content=\"Est. reading time\" \/>\n\t<meta name=\"twitter:data2\" content=\"2 minutes\" \/>\n<script type=\"application\/ld+json\" class=\"yoast-schema-graph\">{\"@context\":\"https:\/\/schema.org\",\"@graph\":[{\"@type\":\"Article\",\"@id\":\"https:\/\/faus-moliner.com\/en\/institucionalizar-la-voz-del-paciente-no-es-un-tramite-administrativo\/#article\",\"isPartOf\":{\"@id\":\"https:\/\/faus-moliner.com\/en\/institucionalizar-la-voz-del-paciente-no-es-un-tramite-administrativo\/\"},\"author\":{\"name\":\"Faus Moliner\",\"@id\":\"https:\/\/faus-moliner.com\/en\/#\/schema\/person\/b62ac2c67efed1b6f50872c1d6366f90\"},\"headline\":\"Institucionalizar la voz del paciente no es un tr\u00e1mite administrativo\",\"datePublished\":\"2026-04-27T09:05:08+00:00\",\"dateModified\":\"2026-04-27T09:08:32+00:00\",\"mainEntityOfPage\":{\"@id\":\"https:\/\/faus-moliner.com\/en\/institucionalizar-la-voz-del-paciente-no-es-un-tramite-administrativo\/\"},\"wordCount\":504,\"publisher\":{\"@id\":\"https:\/\/faus-moliner.com\/en\/#organization\"},\"articleSection\":[\"El Global\",\"Publications\"],\"inLanguage\":\"en-US\"},{\"@type\":\"WebPage\",\"@id\":\"https:\/\/faus-moliner.com\/en\/institucionalizar-la-voz-del-paciente-no-es-un-tramite-administrativo\/\",\"url\":\"https:\/\/faus-moliner.com\/en\/institucionalizar-la-voz-del-paciente-no-es-un-tramite-administrativo\/\",\"name\":\"Institucionalizar la voz del paciente no es un tr\u00e1mite administrativo - Faus Moliner\",\"isPartOf\":{\"@id\":\"https:\/\/faus-moliner.com\/en\/#website\"},\"datePublished\":\"2026-04-27T09:05:08+00:00\",\"dateModified\":\"2026-04-27T09:08:32+00:00\",\"breadcrumb\":{\"@id\":\"https:\/\/faus-moliner.com\/en\/institucionalizar-la-voz-del-paciente-no-es-un-tramite-administrativo\/#breadcrumb\"},\"inLanguage\":\"en-US\",\"potentialAction\":[{\"@type\":\"ReadAction\",\"target\":[\"https:\/\/faus-moliner.com\/en\/institucionalizar-la-voz-del-paciente-no-es-un-tramite-administrativo\/\"]}]},{\"@type\":\"BreadcrumbList\",\"@id\":\"https:\/\/faus-moliner.com\/en\/institucionalizar-la-voz-del-paciente-no-es-un-tramite-administrativo\/#breadcrumb\",\"itemListElement\":[{\"@type\":\"ListItem\",\"position\":1,\"name\":\"Portada\",\"item\":\"https:\/\/faus-moliner.com\/en\/\"},{\"@type\":\"ListItem\",\"position\":2,\"name\":\"Institucionalizar la voz del paciente no es un tr\u00e1mite administrativo\"}]},{\"@type\":\"WebSite\",\"@id\":\"https:\/\/faus-moliner.com\/en\/#website\",\"url\":\"https:\/\/faus-moliner.com\/en\/\",\"name\":\"faus-moliner.com\",\"description\":\"Otro sitio realizado con WordPress\",\"publisher\":{\"@id\":\"https:\/\/faus-moliner.com\/en\/#organization\"},\"potentialAction\":[{\"@type\":\"SearchAction\",\"target\":{\"@type\":\"EntryPoint\",\"urlTemplate\":\"https:\/\/faus-moliner.com\/en\/?s={search_term_string}\"},\"query-input\":{\"@type\":\"PropertyValueSpecification\",\"valueRequired\":true,\"valueName\":\"search_term_string\"}}],\"inLanguage\":\"en-US\"},{\"@type\":\"Organization\",\"@id\":\"https:\/\/faus-moliner.com\/en\/#organization\",\"name\":\"Faus Moliner\",\"url\":\"https:\/\/faus-moliner.com\/en\/\",\"logo\":{\"@type\":\"ImageObject\",\"inLanguage\":\"en-US\",\"@id\":\"https:\/\/faus-moliner.com\/en\/#\/schema\/logo\/image\/\",\"url\":\"https:\/\/faus-moliner.com\/wp-content\/uploads\/2023\/03\/Logo-FM-web.jpg\",\"contentUrl\":\"https:\/\/faus-moliner.com\/wp-content\/uploads\/2023\/03\/Logo-FM-web.jpg\",\"width\":400,\"height\":283,\"caption\":\"Faus Moliner\"},\"image\":{\"@id\":\"https:\/\/faus-moliner.com\/en\/#\/schema\/logo\/image\/\"},\"sameAs\":[\"https:\/\/www.linkedin.com\/company\/2372042\/admin\/\"]},{\"@type\":\"Person\",\"@id\":\"https:\/\/faus-moliner.com\/en\/#\/schema\/person\/b62ac2c67efed1b6f50872c1d6366f90\",\"name\":\"Faus Moliner\",\"image\":{\"@type\":\"ImageObject\",\"inLanguage\":\"en-US\",\"@id\":\"https:\/\/faus-moliner.com\/en\/#\/schema\/person\/image\/88610ef99b0aa1c93ca33c569a053dac\",\"url\":\"https:\/\/secure.gravatar.com\/avatar\/be7b0f78e7edd64676ce7ea245b31f149a0cffff4b139c25ac02aaa676c19d67?s=96&d=mm&r=g\",\"contentUrl\":\"https:\/\/secure.gravatar.com\/avatar\/be7b0f78e7edd64676ce7ea245b31f149a0cffff4b139c25ac02aaa676c19d67?s=96&d=mm&r=g\",\"caption\":\"Faus Moliner\"},\"url\":\"https:\/\/faus-moliner.com\/en\/author\/moon\/\"}]}<\/script>\n<!-- \/ Yoast SEO plugin. -->","yoast_head_json":{"title":"Institucionalizar la voz del paciente no es un tr\u00e1mite administrativo - Faus Moliner","robots":{"index":"index","follow":"follow","max-snippet":"max-snippet:-1","max-image-preview":"max-image-preview:large","max-video-preview":"max-video-preview:-1"},"canonical":"https:\/\/faus-moliner.com\/en\/institucionalizar-la-voz-del-paciente-no-es-un-tramite-administrativo\/","og_locale":"en_US","og_type":"article","og_title":"Institucionalizar la voz del paciente no es un tr\u00e1mite administrativo - Faus Moliner","og_description":"La Orden Ministerial de 16 de abril de 2026, que crea la Mesa para la Participaci\u00f3n de los Pacientes, marca un punto de inflexi\u00f3n en la gobernanza sanitaria. No solo anticipa un espacio formal para canalizar la voz de los pacientes, antes incluso de la aprobaci\u00f3n definitiva de la Ley de Organizaciones de Pacientes, que... Read More","og_url":"https:\/\/faus-moliner.com\/en\/institucionalizar-la-voz-del-paciente-no-es-un-tramite-administrativo\/","og_site_name":"Faus Moliner","article_published_time":"2026-04-27T09:05:08+00:00","article_modified_time":"2026-04-27T09:08:32+00:00","author":"Faus Moliner, Anna Gerboles","twitter_card":"summary_large_image","twitter_misc":{"Written by":"Faus Moliner, Anna Gerboles","Est. reading time":"2 minutes"},"schema":{"@context":"https:\/\/schema.org","@graph":[{"@type":"Article","@id":"https:\/\/faus-moliner.com\/en\/institucionalizar-la-voz-del-paciente-no-es-un-tramite-administrativo\/#article","isPartOf":{"@id":"https:\/\/faus-moliner.com\/en\/institucionalizar-la-voz-del-paciente-no-es-un-tramite-administrativo\/"},"author":{"name":"Faus Moliner","@id":"https:\/\/faus-moliner.com\/en\/#\/schema\/person\/b62ac2c67efed1b6f50872c1d6366f90"},"headline":"Institucionalizar la voz del paciente no es un tr\u00e1mite administrativo","datePublished":"2026-04-27T09:05:08+00:00","dateModified":"2026-04-27T09:08:32+00:00","mainEntityOfPage":{"@id":"https:\/\/faus-moliner.com\/en\/institucionalizar-la-voz-del-paciente-no-es-un-tramite-administrativo\/"},"wordCount":504,"publisher":{"@id":"https:\/\/faus-moliner.com\/en\/#organization"},"articleSection":["El Global","Publications"],"inLanguage":"en-US"},{"@type":"WebPage","@id":"https:\/\/faus-moliner.com\/en\/institucionalizar-la-voz-del-paciente-no-es-un-tramite-administrativo\/","url":"https:\/\/faus-moliner.com\/en\/institucionalizar-la-voz-del-paciente-no-es-un-tramite-administrativo\/","name":"Institucionalizar la voz del paciente no es un tr\u00e1mite administrativo - Faus Moliner","isPartOf":{"@id":"https:\/\/faus-moliner.com\/en\/#website"},"datePublished":"2026-04-27T09:05:08+00:00","dateModified":"2026-04-27T09:08:32+00:00","breadcrumb":{"@id":"https:\/\/faus-moliner.com\/en\/institucionalizar-la-voz-del-paciente-no-es-un-tramite-administrativo\/#breadcrumb"},"inLanguage":"en-US","potentialAction":[{"@type":"ReadAction","target":["https:\/\/faus-moliner.com\/en\/institucionalizar-la-voz-del-paciente-no-es-un-tramite-administrativo\/"]}]},{"@type":"BreadcrumbList","@id":"https:\/\/faus-moliner.com\/en\/institucionalizar-la-voz-del-paciente-no-es-un-tramite-administrativo\/#breadcrumb","itemListElement":[{"@type":"ListItem","position":1,"name":"Portada","item":"https:\/\/faus-moliner.com\/en\/"},{"@type":"ListItem","position":2,"name":"Institucionalizar la voz del paciente no es un tr\u00e1mite administrativo"}]},{"@type":"WebSite","@id":"https:\/\/faus-moliner.com\/en\/#website","url":"https:\/\/faus-moliner.com\/en\/","name":"faus-moliner.com","description":"Otro sitio realizado con WordPress","publisher":{"@id":"https:\/\/faus-moliner.com\/en\/#organization"},"potentialAction":[{"@type":"SearchAction","target":{"@type":"EntryPoint","urlTemplate":"https:\/\/faus-moliner.com\/en\/?s={search_term_string}"},"query-input":{"@type":"PropertyValueSpecification","valueRequired":true,"valueName":"search_term_string"}}],"inLanguage":"en-US"},{"@type":"Organization","@id":"https:\/\/faus-moliner.com\/en\/#organization","name":"Faus Moliner","url":"https:\/\/faus-moliner.com\/en\/","logo":{"@type":"ImageObject","inLanguage":"en-US","@id":"https:\/\/faus-moliner.com\/en\/#\/schema\/logo\/image\/","url":"https:\/\/faus-moliner.com\/wp-content\/uploads\/2023\/03\/Logo-FM-web.jpg","contentUrl":"https:\/\/faus-moliner.com\/wp-content\/uploads\/2023\/03\/Logo-FM-web.jpg","width":400,"height":283,"caption":"Faus Moliner"},"image":{"@id":"https:\/\/faus-moliner.com\/en\/#\/schema\/logo\/image\/"},"sameAs":["https:\/\/www.linkedin.com\/company\/2372042\/admin\/"]},{"@type":"Person","@id":"https:\/\/faus-moliner.com\/en\/#\/schema\/person\/b62ac2c67efed1b6f50872c1d6366f90","name":"Faus Moliner","image":{"@type":"ImageObject","inLanguage":"en-US","@id":"https:\/\/faus-moliner.com\/en\/#\/schema\/person\/image\/88610ef99b0aa1c93ca33c569a053dac","url":"https:\/\/secure.gravatar.com\/avatar\/be7b0f78e7edd64676ce7ea245b31f149a0cffff4b139c25ac02aaa676c19d67?s=96&d=mm&r=g","contentUrl":"https:\/\/secure.gravatar.com\/avatar\/be7b0f78e7edd64676ce7ea245b31f149a0cffff4b139c25ac02aaa676c19d67?s=96&d=mm&r=g","caption":"Faus Moliner"},"url":"https:\/\/faus-moliner.com\/en\/author\/moon\/"}]}},"_links":{"self":[{"href":"https:\/\/faus-moliner.com\/en\/wp-json\/wp\/v2\/posts\/40545","targetHints":{"allow":["GET"]}}],"collection":[{"href":"https:\/\/faus-moliner.com\/en\/wp-json\/wp\/v2\/posts"}],"about":[{"href":"https:\/\/faus-moliner.com\/en\/wp-json\/wp\/v2\/types\/post"}],"author":[{"embeddable":true,"href":"https:\/\/faus-moliner.com\/en\/wp-json\/wp\/v2\/users\/1"}],"replies":[{"embeddable":true,"href":"https:\/\/faus-moliner.com\/en\/wp-json\/wp\/v2\/comments?post=40545"}],"version-history":[{"count":1,"href":"https:\/\/faus-moliner.com\/en\/wp-json\/wp\/v2\/posts\/40545\/revisions"}],"predecessor-version":[{"id":40547,"href":"https:\/\/faus-moliner.com\/en\/wp-json\/wp\/v2\/posts\/40545\/revisions\/40547"}],"wp:attachment":[{"href":"https:\/\/faus-moliner.com\/en\/wp-json\/wp\/v2\/media?parent=40545"}],"wp:term":[{"taxonomy":"category","embeddable":true,"href":"https:\/\/faus-moliner.com\/en\/wp-json\/wp\/v2\/categories?post=40545"},{"taxonomy":"post_tag","embeddable":true,"href":"https:\/\/faus-moliner.com\/en\/wp-json\/wp\/v2\/tags?post=40545"},{"taxonomy":"author","embeddable":true,"href":"https:\/\/faus-moliner.com\/en\/wp-json\/wp\/v2\/coauthors?post=40545"}],"curies":[{"name":"wp","href":"https:\/\/api.w.org\/{rel}","templated":true}]}}